{"id":8445,"date":"2025-12-18T11:03:04","date_gmt":"2025-12-18T11:03:04","guid":{"rendered":"https:\/\/www.rengoenlanoticia.cl\/prensa\/?p=8445"},"modified":"2025-12-18T11:03:09","modified_gmt":"2025-12-18T11:03:09","slug":"instituto-teleton-ohiggins-tiene-fecha-oficial-de-inauguracion","status":"publish","type":"post","link":"https:\/\/www.rengoenlanoticia.cl\/prensa\/2025\/12\/18\/instituto-teleton-ohiggins-tiene-fecha-oficial-de-inauguracion\/","title":{"rendered":"Instituto Telet\u00f3n O\u2019Higgins tiene fecha oficial de inauguraci\u00f3n\u2022"},"content":{"rendered":"\n<p>El Gobierno Regional entregar\u00e1 el nuevo centro de rehabilitaci\u00f3n completamente equipado a la Telet\u00f3n la primera semana enero de 2026.<\/p>\n\n\n\n<p>Uno de los hitos m\u00e1s importantes para la inclusi\u00f3n en la regi\u00f3n de O\u2019Higgins tiene fecha y hora programada para inicios de este 2026.<\/p>\n\n\n\n<p>\u201cHemos confirmado la obtenci\u00f3n de la resoluci\u00f3n sanitaria, lo que nos permite oficializar la inauguraci\u00f3n del nuevo Instituto Telet\u00f3n O\u2019Higgins el pr\u00f3ximo martes 6 de enero de 2026\u201d, asegur\u00f3 el Gobernador Regional, Pablo Silva Amaya, quien agreg\u00f3 \u201centregaremos llave en mano a la Telet\u00f3n para que comience gradualmente la atenci\u00f3n de nuestra comunidad\u201d.<\/p>\n\n\n\n<p>Por su parte, la directora general de Telet\u00f3n, Mar\u00eda Jos\u00e9 Zald\u00edvar, destac\u00f3 que \u201ceste hito refleja lo que somos capaces de lograr cuando trabajamos unidos: el sector p\u00fablico, la comunidad y Telet\u00f3n empujando un mismo prop\u00f3sito. Hoy estamos preparando todo y trabajando arduamente para que el inicio de la atenci\u00f3n, ojal\u00e1 durante la primera semana de enero, sea ordenado y con el sello Telet\u00f3n, con equipos listos y un modelo centrado en las familias, para que la regi\u00f3n sienta desde el primer d\u00eda que este ser\u00e1 un espacio cercano y de excelencia\u201d.<\/p>\n\n\n\n<p>El centro de rehabilitaci\u00f3n signific\u00f3 una inversi\u00f3n superior a los 14.700 millones de pesos por parte del Gobierno Regional de O\u2019Higgins y su Consejo Regional. El edificio contar\u00e1 con el equipamiento m\u00e1s moderno de Sudam\u00e9rica. \u201cSolo estamos a la espera de la llegada de una m\u00e1quina de \u00faltima generaci\u00f3n llamada lokomat, la cual tiene un valor cercano a los mil 300 millones de pesos. El equipo est\u00e1 comprado, pero debemos esperar que la empresa despache y posteriormente instale este robot que estimula la rehabilitaci\u00f3n de la marcha en ni\u00f1os, ni\u00f1as y adolescentes que se atender\u00e1 en el nuevo instituto de nuestra regi\u00f3n\u201d.<\/p>\n\n\n\n<p>Se espera que este equipamiento de alto est\u00e1ndar llegue y est\u00e9 operativo durante el mes de enero, sin afectar la puesta en marcha del nuevo instituto.<\/p>\n","protected":false},"excerpt":{"rendered":"El Gobierno Regional entregar\u00e1 el nuevo centro de rehabilitaci\u00f3n completamente equipado a la Telet\u00f3n la primera semana enero&hellip;\n","protected":false},"author":1,"featured_media":8447,"comment_status":"open","ping_status":"open","sticky":false,"template":"","format":"standard","meta":{"_monsterinsights_skip_tracking":false,"_monsterinsights_sitenote_active":false,"_monsterinsights_sitenote_note":"","_monsterinsights_sitenote_category":0,"footnotes":""},"categories":[8],"tags":[],"class_list":{"0":"post-8445","1":"post","2":"type-post","3":"status-publish","4":"format-standard","5":"has-post-thumbnail","7":"category-portada"},"aioseo_notices":[],"_links":{"self":[{"href":"https:\/\/www.rengoenlanoticia.cl\/prensa\/wp-json\/wp\/v2\/posts\/8445","targetHints":{"allow":["GET"]}}],"collection":[{"href":"https:\/\/www.rengoenlanoticia.cl\/prensa\/wp-json\/wp\/v2\/posts"}],"about":[{"href":"https:\/\/www.rengoenlanoticia.cl\/prensa\/wp-json\/wp\/v2\/types\/post"}],"author":[{"embeddable":true,"href":"https:\/\/www.rengoenlanoticia.cl\/prensa\/wp-json\/wp\/v2\/users\/1"}],"replies":[{"embeddable":true,"href":"https:\/\/www.rengoenlanoticia.cl\/prensa\/wp-json\/wp\/v2\/comments?post=8445"}],"version-history":[{"count":3,"href":"https:\/\/www.rengoenlanoticia.cl\/prensa\/wp-json\/wp\/v2\/posts\/8445\/revisions"}],"predecessor-version":[{"id":8453,"href":"https:\/\/www.rengoenlanoticia.cl\/prensa\/wp-json\/wp\/v2\/posts\/8445\/revisions\/8453"}],"wp:featuredmedia":[{"embeddable":true,"href":"https:\/\/www.rengoenlanoticia.cl\/prensa\/wp-json\/wp\/v2\/media\/8447"}],"wp:attachment":[{"href":"https:\/\/www.rengoenlanoticia.cl\/prensa\/wp-json\/wp\/v2\/media?parent=8445"}],"wp:term":[{"taxonomy":"category","embeddable":true,"href":"https:\/\/www.rengoenlanoticia.cl\/prensa\/wp-json\/wp\/v2\/categories?post=8445"},{"taxonomy":"post_tag","embeddable":true,"href":"https:\/\/www.rengoenlanoticia.cl\/prensa\/wp-json\/wp\/v2\/tags?post=8445"}],"curies":[{"name":"wp","href":"https:\/\/api.w.org\/{rel}","templated":true}]}}