{"id":8440,"date":"2025-12-18T10:55:57","date_gmt":"2025-12-18T10:55:57","guid":{"rendered":"https:\/\/www.rengoenlanoticia.cl\/prensa\/?p=8440"},"modified":"2025-12-18T11:02:59","modified_gmt":"2025-12-18T11:02:59","slug":"carabineros-detiene-a-sujeto-que-asalto-furgon-repartidor-en-santa-cruz","status":"publish","type":"post","link":"https:\/\/www.rengoenlanoticia.cl\/prensa\/2025\/12\/18\/carabineros-detiene-a-sujeto-que-asalto-furgon-repartidor-en-santa-cruz\/","title":{"rendered":"Carabineros detiene a sujeto que asalt\u00f3 furg\u00f3n repartidor en Santa Cruz"},"content":{"rendered":"\n<p>Gracias al r\u00e1pido y eficaz actuar de Carabineros de la 2\u00aa Comisar\u00eda de Santa Cruz, durante esta jornada se logr\u00f3 la detenci\u00f3n de un sujeto que protagoniz\u00f3 un asalto a un furg\u00f3n repartidor en la comuna.<\/p>\n\n\n\n<p>El hecho ocurri\u00f3 en el sector Patagua, donde el individuo intercept\u00f3 al veh\u00edculo de reparto, sustrayendo un total de 14 cajas de cigarrillos de distintas marcas. Tras un comunicado radial emitido por la Central de Comunicaciones (CENCO), el personal policial inici\u00f3 un amplio procedimiento de b\u00fasqueda.<\/p>\n\n\n\n<p>Las diligencias permitieron ubicar el veh\u00edculo involucrado y detener al sujeto, quien intent\u00f3 darse a la fuga a pie, siendo finalmente aprehendido por los funcionarios policiales. Asimismo, se logr\u00f3 la recuperaci\u00f3n \u00edntegra de las especies sustra\u00eddas, las que fueron devueltas a la v\u00edctima del delito.<\/p>\n\n\n\n<p>El imputado fue identificado con las iniciales <strong>J.L.A.A.<\/strong>, de 30 a\u00f1os de edad, quien registra antecedentes policiales, sin \u00f3rdenes de detenci\u00f3n vigentes. El sujeto fue puesto a disposici\u00f3n del Ministerio P\u00fablico y pas\u00f3 a control de detenci\u00f3n.<\/p>\n\n\n\n<p>En tanto, el veh\u00edculo utilizado en el il\u00edcito fue incautado por Carabineros, constat\u00e1ndose que no mantiene encargo vigente.<\/p>\n","protected":false},"excerpt":{"rendered":"Gracias al r\u00e1pido y eficaz actuar de Carabineros de la 2\u00aa Comisar\u00eda de Santa Cruz, durante esta jornada&hellip;\n","protected":false},"author":1,"featured_media":8441,"comment_status":"open","ping_status":"open","sticky":false,"template":"","format":"standard","meta":{"_monsterinsights_skip_tracking":false,"_monsterinsights_sitenote_active":false,"_monsterinsights_sitenote_note":"","_monsterinsights_sitenote_category":0,"footnotes":""},"categories":[8],"tags":[],"class_list":{"0":"post-8440","1":"post","2":"type-post","3":"status-publish","4":"format-standard","5":"has-post-thumbnail","7":"category-portada"},"aioseo_notices":[],"_links":{"self":[{"href":"https:\/\/www.rengoenlanoticia.cl\/prensa\/wp-json\/wp\/v2\/posts\/8440","targetHints":{"allow":["GET"]}}],"collection":[{"href":"https:\/\/www.rengoenlanoticia.cl\/prensa\/wp-json\/wp\/v2\/posts"}],"about":[{"href":"https:\/\/www.rengoenlanoticia.cl\/prensa\/wp-json\/wp\/v2\/types\/post"}],"author":[{"embeddable":true,"href":"https:\/\/www.rengoenlanoticia.cl\/prensa\/wp-json\/wp\/v2\/users\/1"}],"replies":[{"embeddable":true,"href":"https:\/\/www.rengoenlanoticia.cl\/prensa\/wp-json\/wp\/v2\/comments?post=8440"}],"version-history":[{"count":3,"href":"https:\/\/www.rengoenlanoticia.cl\/prensa\/wp-json\/wp\/v2\/posts\/8440\/revisions"}],"predecessor-version":[{"id":8455,"href":"https:\/\/www.rengoenlanoticia.cl\/prensa\/wp-json\/wp\/v2\/posts\/8440\/revisions\/8455"}],"wp:featuredmedia":[{"embeddable":true,"href":"https:\/\/www.rengoenlanoticia.cl\/prensa\/wp-json\/wp\/v2\/media\/8441"}],"wp:attachment":[{"href":"https:\/\/www.rengoenlanoticia.cl\/prensa\/wp-json\/wp\/v2\/media?parent=8440"}],"wp:term":[{"taxonomy":"category","embeddable":true,"href":"https:\/\/www.rengoenlanoticia.cl\/prensa\/wp-json\/wp\/v2\/categories?post=8440"},{"taxonomy":"post_tag","embeddable":true,"href":"https:\/\/www.rengoenlanoticia.cl\/prensa\/wp-json\/wp\/v2\/tags?post=8440"}],"curies":[{"name":"wp","href":"https:\/\/api.w.org\/{rel}","templated":true}]}}