{"id":8438,"date":"2025-12-18T11:02:32","date_gmt":"2025-12-18T11:02:32","guid":{"rendered":"https:\/\/www.rengoenlanoticia.cl\/prensa\/?p=8438"},"modified":"2025-12-18T11:02:38","modified_gmt":"2025-12-18T11:02:38","slug":"pro-ohiggins-destaca-la-colaboracion-empresarial-como-motor-del-desarrollo-sostenible-regional","status":"publish","type":"post","link":"https:\/\/www.rengoenlanoticia.cl\/prensa\/2025\/12\/18\/pro-ohiggins-destaca-la-colaboracion-empresarial-como-motor-del-desarrollo-sostenible-regional\/","title":{"rendered":"Pro O\u2019Higgins destaca la colaboraci\u00f3n empresarial como motor del desarrollo sostenible regional"},"content":{"rendered":"\n<figure class=\"wp-block-image\"><img decoding=\"async\" src=\"https:\/\/mail.google.com\/mail\/u\/0?ui=2&amp;ik=9b29d2137b&amp;attid=0.0.1&amp;permmsgid=msg-f:1851759583465295158&amp;th=19b2c587b5dfcd36&amp;view=fimg&amp;fur=ip&amp;permmsgid=msg-f:1851759583465295158&amp;sz=s0-l75-ft&amp;attbid=ANGjdJ8dVuGVq4t411oDavOVAqmlbtW0jFZE10na_DiDQ-Lnkz-5j-jaSBZt5BXi_Oy1Nv32s_Gj2DZkRt-jj8JPOas3oXYIPDmlXLF5Va3rY1uHNLeAOwmsNH9bRAg&amp;disp=emb&amp;realattid=ii_mja02n2d3&amp;zw\" alt=\"Foto 1.jpeg\"\/><\/figure>\n\n\n\n<p>Con una activa participaci\u00f3n,<strong>&nbsp;Corporaci\u00f3n Pro O\u2019Higgins<\/strong>&nbsp;junto a sus empresas socias&nbsp;<strong>Sodexo, Inacap, Essbio, Metrogas y ME Elecmetal,<\/strong>&nbsp;junto a la C\u00e1mara Chilena de la Construcci\u00f3n (CChC) sede de O\u2019Higgins, fue parte de la invitaci\u00f3n a la charla \u201c<strong>Motores para Impulsar el Crecimiento Sostenible de Chile<\/strong>\u201d, instancia que convoc\u00f3 a representantes del mundo gremial, empresarial y acad\u00e9mico de la regi\u00f3n.<\/p>\n\n\n\n<p>La actividad cont\u00f3 con la exposici\u00f3n de Susana Jim\u00e9nez, presidenta de la Confederaci\u00f3n de la Producci\u00f3n y del Comercio (CPC), quien abord\u00f3 los principales desaf\u00edos y oportunidades que enfrentan los territorios para avanzar hacia un crecimiento sostenido, con foco en la productividad, la colaboraci\u00f3n p\u00fablico-privada y el desarrollo regional.<\/p>\n\n\n\n<p>Desde la CChC O\u2019Higgins, su presidente Francisco Donoso destac\u00f3 el valor de este tipo de encuentros se\u00f1alando que&nbsp;<em>\u201ces una gran alianza entre gremios por el desarrollo de la regi\u00f3n\u201d<\/em>, relevando la importancia de generar espacios de di\u00e1logo y coordinaci\u00f3n entre los distintos actores productivos.<\/p>\n\n\n\n<p>En esa misma l\u00ednea, Susana Jim\u00e9nez, presidenta de la CPC, subray\u00f3 que&nbsp;<em>\u201csiempre es muy relevante unirse desde los diferentes sectores que representan la regi\u00f3n y conversar sobre los desaf\u00edos y oportunidades de los territorios\u201d<\/em>, enfatizando la necesidad de una mirada compartida para impulsar el crecimiento.<\/p>\n\n\n\n<p><strong>Visi\u00f3n y compromiso desde Pro O\u2019Higgins y sus empresas socias<\/strong><strong><\/strong><\/p>\n\n\n\n<figure class=\"wp-block-image\"><img decoding=\"async\" src=\"https:\/\/mail.google.com\/mail\/u\/0?ui=2&amp;ik=9b29d2137b&amp;attid=0.0.2&amp;permmsgid=msg-f:1851759583465295158&amp;th=19b2c587b5dfcd36&amp;view=fimg&amp;fur=ip&amp;permmsgid=msg-f:1851759583465295158&amp;sz=s0-l75-ft&amp;attbid=ANGjdJ99GzVZUE-EebKit8zZCXV5YlvzvJFNpjXjG5x9B1PoDzR7yrPymBCkJxkCyT9mZD-LDDmxIVb8lE71bOz9B2htp9PTaUmlsyVC7Z_V0shcGZQ6SjVL0naOZs4&amp;disp=emb&amp;realattid=ii_mja02xom4&amp;zw\" alt=\"Foto 3.jpeg\"\/><\/figure>\n\n\n\n<p>El presidente de Pro O\u2019Higgins, Felipe D\u00edaz, valor\u00f3 la instancia como un punto de partida para fortalecer el trabajo colaborativo regional.&nbsp;<em>\u201cEs un puntapi\u00e9 para generar la conciencia de agrupar los gremios de la regi\u00f3n, unir fuerzas y trabajar con las autoridades para movilizar los prop\u00f3sitos comunes que impulsan el desarrollo econ\u00f3mico de la regi\u00f3n\u201d<\/em>, afirm\u00f3.<\/p>\n\n\n\n<p>Desde el \u00e1mbito acad\u00e9mico, \u00c1ngelo Palazzi, vicerrector de Inacap sede Rancagua y vicepresidente de Pro O\u2019Higgins, recalc\u00f3 el rol de la formaci\u00f3n y el conocimiento en los motores de desarrollo.&nbsp;<em>\u201cDentro de los motores de desarrollo por supuesto que debe estar la academia y principalmente tenemos que integrarnos como Pro O\u2019Higgins. Se piensa que las soluciones de las regiones para transitar hacia la productividad es andar acompa\u00f1ados, avanzar unidos. Porque para llegar lejos es necesario trabajar en equipo y buscar soluciones conjuntas a problemas comunes\u201d<\/em>, se\u00f1al\u00f3.<\/p>\n\n\n\n<p>Por su parte, Hern\u00e1n Berr\u00edos, gerente regional de Essbio y director de Pro O\u2019Higgins, indic\u00f3 que&nbsp;<em>\u201cfue una instancia muy importante que nos entreg\u00f3 una mirada global de c\u00f3mo avanza la regi\u00f3n con los temas fundamentales de aspectos productivos y econ\u00f3micos. Tenemos grandes desaf\u00edos para potenciar el desarrollo productivo y es un motor que nos impulsa y para el cual debemos estar alineados como empresa\u201d<\/em>.<\/p>\n\n\n\n<p>Asimismo, Benjam\u00edn Luks, director zonal Regi\u00f3n de O\u2019Higgins de Metrogas y director de Pro O\u2019Higgins, valor\u00f3 positivamente el di\u00e1logo intergremial, destacando que&nbsp;<em>\u201cme parece muy correcto y favorable que las empresas y gremios hablen entre ellos para aunar criterios y esfuerzos en pos del desarrollo de la regi\u00f3n\u201d<\/em>.<\/p>\n\n\n\n<p>Finalmente, Rodrigo Ogalde, gerente de recursos humanos de ME Elecmetal, enfatiz\u00f3 el impacto transversal de estas instancias, se\u00f1alando que&nbsp;<em>\u201ces una tremenda oportunidad para potenciar la regi\u00f3n en sus diferentes frentes productivos, incluyendo el turismo\u201d<\/em>.<\/p>\n","protected":false},"excerpt":{"rendered":"Con una activa participaci\u00f3n,&nbsp;Corporaci\u00f3n Pro O\u2019Higgins&nbsp;junto a sus empresas socias&nbsp;Sodexo, Inacap, Essbio, Metrogas y ME Elecmetal,&nbsp;junto a la&hellip;\n","protected":false},"author":1,"featured_media":8439,"comment_status":"open","ping_status":"open","sticky":false,"template":"","format":"standard","meta":{"_monsterinsights_skip_tracking":false,"_monsterinsights_sitenote_active":false,"_monsterinsights_sitenote_note":"","_monsterinsights_sitenote_category":0,"footnotes":""},"categories":[8],"tags":[],"class_list":{"0":"post-8438","1":"post","2":"type-post","3":"status-publish","4":"format-standard","5":"has-post-thumbnail","7":"category-portada"},"aioseo_notices":[],"_links":{"self":[{"href":"https:\/\/www.rengoenlanoticia.cl\/prensa\/wp-json\/wp\/v2\/posts\/8438","targetHints":{"allow":["GET"]}}],"collection":[{"href":"https:\/\/www.rengoenlanoticia.cl\/prensa\/wp-json\/wp\/v2\/posts"}],"about":[{"href":"https:\/\/www.rengoenlanoticia.cl\/prensa\/wp-json\/wp\/v2\/types\/post"}],"author":[{"embeddable":true,"href":"https:\/\/www.rengoenlanoticia.cl\/prensa\/wp-json\/wp\/v2\/users\/1"}],"replies":[{"embeddable":true,"href":"https:\/\/www.rengoenlanoticia.cl\/prensa\/wp-json\/wp\/v2\/comments?post=8438"}],"version-history":[{"count":3,"href":"https:\/\/www.rengoenlanoticia.cl\/prensa\/wp-json\/wp\/v2\/posts\/8438\/revisions"}],"predecessor-version":[{"id":8454,"href":"https:\/\/www.rengoenlanoticia.cl\/prensa\/wp-json\/wp\/v2\/posts\/8438\/revisions\/8454"}],"wp:featuredmedia":[{"embeddable":true,"href":"https:\/\/www.rengoenlanoticia.cl\/prensa\/wp-json\/wp\/v2\/media\/8439"}],"wp:attachment":[{"href":"https:\/\/www.rengoenlanoticia.cl\/prensa\/wp-json\/wp\/v2\/media?parent=8438"}],"wp:term":[{"taxonomy":"category","embeddable":true,"href":"https:\/\/www.rengoenlanoticia.cl\/prensa\/wp-json\/wp\/v2\/categories?post=8438"},{"taxonomy":"post_tag","embeddable":true,"href":"https:\/\/www.rengoenlanoticia.cl\/prensa\/wp-json\/wp\/v2\/tags?post=8438"}],"curies":[{"name":"wp","href":"https:\/\/api.w.org\/{rel}","templated":true}]}}