{"id":8422,"date":"2025-12-18T10:44:08","date_gmt":"2025-12-18T10:44:08","guid":{"rendered":"https:\/\/www.rengoenlanoticia.cl\/prensa\/?p=8422"},"modified":"2025-12-18T10:56:51","modified_gmt":"2025-12-18T10:56:51","slug":"comienzan-las-obras-de-mejoramiento-en-cuesta-chada-avance-clave-para-la-conectividad-y-seguridad-vial-en-mostazal","status":"publish","type":"post","link":"https:\/\/www.rengoenlanoticia.cl\/prensa\/2025\/12\/18\/comienzan-las-obras-de-mejoramiento-en-cuesta-chada-avance-clave-para-la-conectividad-y-seguridad-vial-en-mostazal\/","title":{"rendered":"Comienzan las obras de mejoramiento en Cuesta Chada: avance clave para la conectividad y seguridad vial en Mostazal"},"content":{"rendered":"\n<p><em>El MOP O\u2019Higgins inici\u00f3 las obras en la Ruta H-45-G \u2014tramo Cuesta Chada\u2014, intervenci\u00f3n de 3,39 km que considera mejoramiento de calzada, drenaje, pasos peatonales y medidas de seguridad vial.<\/em><\/p>\n\n\n\n<p>La Direcci\u00f3n Regional del Ministerio de Obras P\u00fablicas (MOP O\u2019Higgins) confirm\u00f3 el inicio de los trabajos de mejoramiento de la Ruta H-45-G, sector Cuesta Chada, que se extienden desde el l\u00edmite con la Regi\u00f3n Metropolitana (Km 41,000) hasta la intersecci\u00f3n con la Ruta H-111 en Mostazal (Km 44,388), con una longitud aproximada de 3,39 kil\u00f3metros.<\/p>\n\n\n\n<p>El tramo presenta un alto grado de deterioro de la carpeta asf\u00e1ltica y geometr\u00edas sinuosas en el sector de cuesta, por lo que el proyecto considera intervenciones integrales para mejorar la seguridad y la funcionalidad de la v\u00eda. Entre los trabajos previstos se incluyen remociones y movimiento de tierras, bases granulares, renovaci\u00f3n de pavimento, obras de drenaje superficial, aceras, sendas multiprop\u00f3sito, pasarela, barreras de seguridad, se\u00f1alizaci\u00f3n vertical y horizontal, demarcaciones y paraderos.<\/p>\n\n\n\n<p>Para el inicio de las obras, impulsadas por la direcci\u00f3n regional de vialidad, se abordar\u00e1n los primeros frentes de trabajo en los sectores A (Km 41,000\u201342,555) y D (Km 43,920\u201344,388), con tareas como retiro de \u00e1rboles, remoci\u00f3n de pavimentos y estructuras, excavaciones para obras de drenaje y otras labores preparatorias. Durante estas faenas, el tr\u00e1nsito ser\u00e1 regulado con bandereros en los tramos necesarios, manteni\u00e9ndose ambas pistas habilitadas durante la noche en los sectores con regulaci\u00f3n diurna.<\/p>\n\n\n\n<p>Al respecto la Seremi de Obras P\u00fablicas, Mar\u00eda de Los \u00c1ngeles Latorre dijo, \u201cLos trabajos que est\u00e1n comenzando contemplan una inversi\u00f3n de m\u00e1s de 6mil millones de pesos por administraci\u00f3n directa de MOP, es as\u00ed que con el inicio de estas obras en Cuesta Chada reafirmamos el compromiso del Presidente Gabriel Boric y de MOP O\u2019Higgins, por entregar carreteras m\u00e1s seguras y confiables a la comunidad. Esta intervenci\u00f3n permitir\u00e1 corregir tramos cr\u00edticos, modernizar la calzada y mejorar las condiciones de movilidad para vecinas y vecinos, adem\u00e1s de incorporar medidas que aumentan la resiliencia de la ruta ante eventos clim\u00e1ticos.\u201d<\/p>\n\n\n\n<p>&nbsp;Por otro lado, el Administrador Municipal de Mostazal dijo que, \u201cEl proyecto de mejoramiento vial busca fortalecer la seguridad, mejorar la conectividad y aportar al desarrollo de la comuna de Mostazal. Esta iniciativa permitir\u00e1 consolidar una ruta alternativa a la Ruta 5, lo que representa un avance relevante para la movilidad del sector y para la comuna en general. En este contexto, se contempla la realizaci\u00f3n de una reuni\u00f3n de participaci\u00f3n ciudadana, orientada a entregar informaci\u00f3n detallada sobre el proyecto, aclarar dudas y transparentar los alcances y etapas de las obras\u201d.<\/p>\n\n\n\n<p>La ejecuci\u00f3n de estas obras, muy esperadas por la comunidad local, buscan mejorar la seguridad vial, reducir riesgos asociados al deterioro de la carpeta asf\u00e1ltica y potenciar la conectividad entre la Regi\u00f3n Metropolitana y la Regi\u00f3n de O\u2019Higgins, como una alternativa a la Ruta 5, adem\u00e1s de favorecer el desarrollo local.<\/p>\n","protected":false},"excerpt":{"rendered":"El MOP O\u2019Higgins inici\u00f3 las obras en la Ruta H-45-G \u2014tramo Cuesta Chada\u2014, intervenci\u00f3n de 3,39 km que&hellip;\n","protected":false},"author":1,"featured_media":8429,"comment_status":"open","ping_status":"open","sticky":false,"template":"","format":"standard","meta":{"_monsterinsights_skip_tracking":false,"_monsterinsights_sitenote_active":false,"_monsterinsights_sitenote_note":"","_monsterinsights_sitenote_category":0,"footnotes":""},"categories":[8],"tags":[],"class_list":{"0":"post-8422","1":"post","2":"type-post","3":"status-publish","4":"format-standard","5":"has-post-thumbnail","7":"category-portada"},"aioseo_notices":[],"_links":{"self":[{"href":"https:\/\/www.rengoenlanoticia.cl\/prensa\/wp-json\/wp\/v2\/posts\/8422","targetHints":{"allow":["GET"]}}],"collection":[{"href":"https:\/\/www.rengoenlanoticia.cl\/prensa\/wp-json\/wp\/v2\/posts"}],"about":[{"href":"https:\/\/www.rengoenlanoticia.cl\/prensa\/wp-json\/wp\/v2\/types\/post"}],"author":[{"embeddable":true,"href":"https:\/\/www.rengoenlanoticia.cl\/prensa\/wp-json\/wp\/v2\/users\/1"}],"replies":[{"embeddable":true,"href":"https:\/\/www.rengoenlanoticia.cl\/prensa\/wp-json\/wp\/v2\/comments?post=8422"}],"version-history":[{"count":3,"href":"https:\/\/www.rengoenlanoticia.cl\/prensa\/wp-json\/wp\/v2\/posts\/8422\/revisions"}],"predecessor-version":[{"id":8435,"href":"https:\/\/www.rengoenlanoticia.cl\/prensa\/wp-json\/wp\/v2\/posts\/8422\/revisions\/8435"}],"wp:featuredmedia":[{"embeddable":true,"href":"https:\/\/www.rengoenlanoticia.cl\/prensa\/wp-json\/wp\/v2\/media\/8429"}],"wp:attachment":[{"href":"https:\/\/www.rengoenlanoticia.cl\/prensa\/wp-json\/wp\/v2\/media?parent=8422"}],"wp:term":[{"taxonomy":"category","embeddable":true,"href":"https:\/\/www.rengoenlanoticia.cl\/prensa\/wp-json\/wp\/v2\/categories?post=8422"},{"taxonomy":"post_tag","embeddable":true,"href":"https:\/\/www.rengoenlanoticia.cl\/prensa\/wp-json\/wp\/v2\/tags?post=8422"}],"curies":[{"name":"wp","href":"https:\/\/api.w.org\/{rel}","templated":true}]}}