{"id":8410,"date":"2025-12-17T02:18:55","date_gmt":"2025-12-17T02:18:55","guid":{"rendered":"https:\/\/www.rengoenlanoticia.cl\/prensa\/?p=8410"},"modified":"2025-12-17T02:19:00","modified_gmt":"2025-12-17T02:19:00","slug":"senador-castro-reacciona-ante-red-de-corrupcion-en-gendarmeria-ha-sido-perforada-por-el-delito","status":"publish","type":"post","link":"https:\/\/www.rengoenlanoticia.cl\/prensa\/2025\/12\/17\/senador-castro-reacciona-ante-red-de-corrupcion-en-gendarmeria-ha-sido-perforada-por-el-delito\/","title":{"rendered":"Senador Castro reacciona ante red de corrupci\u00f3n en Gendarmer\u00eda: \u201cHa sido perforada por el delito\u201d"},"content":{"rendered":"\n<p><strong>&nbsp;<\/strong><em>El parlamentario pidi\u00f3 en la Comisi\u00f3n de Seguridad del Senado una intervenci\u00f3n urgente del Gobierno y una presentaci\u00f3n detallada de los alcances del caso, advirtiendo que podr\u00eda tratarse de la \u201cpunta del iceberg\u201d.<\/em><\/p>\n\n\n\n<p>El senador por la regi\u00f3n de O\u2019Higgins, Juan Luis Castro, manifest\u00f3 su preocupaci\u00f3n tras conocerse nuevos antecedentes del operativo nacional que permiti\u00f3 desbaratar una extensa red de corrupci\u00f3n al interior de Gendarmer\u00eda, investigaci\u00f3n que deriv\u00f3 en la detenci\u00f3n de decenas de funcionarios penitenciarios y civiles, y que hoy mantiene en evidencia una grave crisis institucional en el sistema carcelario del pa\u00eds.<\/p>\n\n\n\n<p>En ese contexto, el parlamentario se hizo presente este martes en la Comisi\u00f3n de Seguridad de la C\u00e1mara Alta, donde solicit\u00f3 formalmente que el Gobierno realice una presentaci\u00f3n acabada de los detalles, alcances y medidas de intervenci\u00f3n que se adoptar\u00e1n tras el operativo denominado \u201cApocalipsis\u201d.<\/p>\n\n\n\n<p>\u201cHa sido escandalosa la operaci\u00f3n que desbarat\u00f3 finalmente una red de corrupci\u00f3n dentro de Gendarmer\u00eda. Esto se llam\u00f3 Apocalipsis, pero parece que el apocalipsis est\u00e1 llegando dentro de los penales en Chile, porque esto puede ser la punta del iceberg\u201d, se\u00f1al\u00f3 el senador Castro.<\/p>\n\n\n\n<p>El legislador advirti\u00f3 que la magnitud de los hechos conocidos revela una instituci\u00f3n gravemente afectada por el crimen organizado, lo que exige decisiones urgentes y de fondo. \u201cHe pedido hoy en la Comisi\u00f3n de Seguridad que haya una presentaci\u00f3n completa de los detalles, los alcances y todo lo que va a ser la intervenci\u00f3n del Gobierno para que este cuerpo de Gendarmer\u00eda, que cuida en las c\u00e1rceles y que parece estar hoy d\u00eda perforado por el delito, termine\u201d, enfatiz\u00f3.<\/p>\n\n\n\n<p>Asimismo, el senador Castro alert\u00f3 sobre una crisis de confianza transversal que golpea a distintas instituciones del Estado. \u201cLa crisis de confianza es demasiado grande, la Corte Suprema, parte del poder pol\u00edtico, jueces destituidos y ahora Gendarmer\u00eda. \u00bfQu\u00e9 m\u00e1s tenemos que esperar? Esto es demasiado grave\u201d, afirm\u00f3.<\/p>\n\n\n\n<p>El parlamentario recalc\u00f3 que esta situaci\u00f3n no admite dilaciones ni puede supeditarse a cambios de gobierno, subrayando que se requieren soluciones inmediatas. \u201cEsto no requiere esperar un cambio de gobierno para que se solucione ahora. Eso es lo que esperamos sinceramente\u201d, sostuvo.<\/p>\n\n\n\n<p>Finalmente, el senador puso especial \u00e9nfasis en la realidad regional, se\u00f1alando que en O\u2019Higgins se han registrado numerosos hechos graves vinculados al sistema penitenciario. \u201cEn nuestra regi\u00f3n han sucedido demasiados hechos que agravan esta situaci\u00f3n, donde Gendarmer\u00eda claramente est\u00e1 viviendo una crisis cuya magnitud a\u00fan no conocemos, pero que es extremadamente cr\u00edtica y grave, trat\u00e1ndose del delito organizado que ha entrado en sus filas\u201d, concluy\u00f3.<\/p>\n","protected":false},"excerpt":{"rendered":"&nbsp;El parlamentario pidi\u00f3 en la Comisi\u00f3n de Seguridad del Senado una intervenci\u00f3n urgente del Gobierno y una presentaci\u00f3n&hellip;\n","protected":false},"author":1,"featured_media":8416,"comment_status":"open","ping_status":"open","sticky":false,"template":"","format":"standard","meta":{"_monsterinsights_skip_tracking":false,"_monsterinsights_sitenote_active":false,"_monsterinsights_sitenote_note":"","_monsterinsights_sitenote_category":0,"footnotes":""},"categories":[11,8],"tags":[],"class_list":{"0":"post-8410","1":"post","2":"type-post","3":"status-publish","4":"format-standard","5":"has-post-thumbnail","7":"category-politica","8":"category-portada"},"aioseo_notices":[],"_links":{"self":[{"href":"https:\/\/www.rengoenlanoticia.cl\/prensa\/wp-json\/wp\/v2\/posts\/8410","targetHints":{"allow":["GET"]}}],"collection":[{"href":"https:\/\/www.rengoenlanoticia.cl\/prensa\/wp-json\/wp\/v2\/posts"}],"about":[{"href":"https:\/\/www.rengoenlanoticia.cl\/prensa\/wp-json\/wp\/v2\/types\/post"}],"author":[{"embeddable":true,"href":"https:\/\/www.rengoenlanoticia.cl\/prensa\/wp-json\/wp\/v2\/users\/1"}],"replies":[{"embeddable":true,"href":"https:\/\/www.rengoenlanoticia.cl\/prensa\/wp-json\/wp\/v2\/comments?post=8410"}],"version-history":[{"count":3,"href":"https:\/\/www.rengoenlanoticia.cl\/prensa\/wp-json\/wp\/v2\/posts\/8410\/revisions"}],"predecessor-version":[{"id":8419,"href":"https:\/\/www.rengoenlanoticia.cl\/prensa\/wp-json\/wp\/v2\/posts\/8410\/revisions\/8419"}],"wp:featuredmedia":[{"embeddable":true,"href":"https:\/\/www.rengoenlanoticia.cl\/prensa\/wp-json\/wp\/v2\/media\/8416"}],"wp:attachment":[{"href":"https:\/\/www.rengoenlanoticia.cl\/prensa\/wp-json\/wp\/v2\/media?parent=8410"}],"wp:term":[{"taxonomy":"category","embeddable":true,"href":"https:\/\/www.rengoenlanoticia.cl\/prensa\/wp-json\/wp\/v2\/categories?post=8410"},{"taxonomy":"post_tag","embeddable":true,"href":"https:\/\/www.rengoenlanoticia.cl\/prensa\/wp-json\/wp\/v2\/tags?post=8410"}],"curies":[{"name":"wp","href":"https:\/\/api.w.org\/{rel}","templated":true}]}}