{"id":8409,"date":"2025-12-17T02:14:42","date_gmt":"2025-12-17T02:14:42","guid":{"rendered":"https:\/\/www.rengoenlanoticia.cl\/prensa\/?p=8409"},"modified":"2025-12-17T02:14:46","modified_gmt":"2025-12-17T02:14:46","slug":"hospital-de-rengo-reconoce-destacada-labor-del-dr-marco-anibal-lara-cajas-en-el-servicio-de-urgencia","status":"publish","type":"post","link":"https:\/\/www.rengoenlanoticia.cl\/prensa\/2025\/12\/17\/hospital-de-rengo-reconoce-destacada-labor-del-dr-marco-anibal-lara-cajas-en-el-servicio-de-urgencia\/","title":{"rendered":"Hospital de Rengo reconoce destacada labor del Dr. Marco An\u00edbal Lara Cajas en el Servicio de Urgencia"},"content":{"rendered":"\n<p>\u00b7<strong><em>Por su trabajo contribuyendo a la descongesti\u00f3n de Urgencia del Establecimiento, atendiendo a pacientes categorizados, ESI 3, ESI 4 Y ESI 5.\u00a0<\/em><\/strong><\/p>\n\n\n\n<p>En el marco del fortalecimiento del Servicio de Urgencia del Hospital Ricardo Valenzuela S\u00e1ez de Rengo, el equipo directivo del establecimiento realiz\u00f3 un reconocimiento por desempe\u00f1o sobresaliente al m\u00e9dico Dr. Marco An\u00edbal Lara Cajas, destacando su significativo aporte a la atenci\u00f3n oportuna de pacientes que esperan atenci\u00f3n en esta unidad, particularmente aquellos categorizados como ESI 3, ESI 4 y ESI 5.<\/p>\n\n\n\n<p>En este contexto, la directora (s) del Hospital Ricardo Valenzuela S\u00e1ez, Dra. Valeria Olavarr\u00eda, destac\u00f3 que \u201cel Dr. Marco Lara se ha desempe\u00f1ado activamente en la atenci\u00f3n de pacientes categorizados como ESI 3 (mediano riesgo), ESI 4 (urgencia menor) y ESI 5 (cuadro sin urgencia), lo que ha permitido descongestionar el Servicio de Urgencia y reducir los tiempos de espera, favoreciendo que los pacientes de mayor complejidad sean atendidos con mayor rapidez. Por ello, reconocemos su compromiso y vocaci\u00f3n de servicio\u201d.<\/p>\n\n\n\n<p><strong>Impacto en la gesti\u00f3n del Servicio de Urgencia<\/strong><\/p>\n\n\n\n<figure class=\"wp-block-image size-large\"><img loading=\"lazy\" decoding=\"async\" width=\"1024\" height=\"576\" src=\"https:\/\/www.rengoenlanoticia.cl\/prensa\/wp-content\/uploads\/2025\/12\/Dr-Marco-Lara-1024x576.jpg\" alt=\"\" class=\"wp-image-8412\" srcset=\"https:\/\/www.rengoenlanoticia.cl\/prensa\/wp-content\/uploads\/2025\/12\/Dr-Marco-Lara-1024x576.jpg 1024w, https:\/\/www.rengoenlanoticia.cl\/prensa\/wp-content\/uploads\/2025\/12\/Dr-Marco-Lara-300x169.jpg 300w, https:\/\/www.rengoenlanoticia.cl\/prensa\/wp-content\/uploads\/2025\/12\/Dr-Marco-Lara-768x432.jpg 768w, https:\/\/www.rengoenlanoticia.cl\/prensa\/wp-content\/uploads\/2025\/12\/Dr-Marco-Lara-1536x864.jpg 1536w, https:\/\/www.rengoenlanoticia.cl\/prensa\/wp-content\/uploads\/2025\/12\/Dr-Marco-Lara-2048x1152.jpg 2048w, https:\/\/www.rengoenlanoticia.cl\/prensa\/wp-content\/uploads\/2025\/12\/Dr-Marco-Lara-110x62.jpg 110w, https:\/\/www.rengoenlanoticia.cl\/prensa\/wp-content\/uploads\/2025\/12\/Dr-Marco-Lara-200x113.jpg 200w, https:\/\/www.rengoenlanoticia.cl\/prensa\/wp-content\/uploads\/2025\/12\/Dr-Marco-Lara-380x214.jpg 380w, https:\/\/www.rengoenlanoticia.cl\/prensa\/wp-content\/uploads\/2025\/12\/Dr-Marco-Lara-255x143.jpg 255w, https:\/\/www.rengoenlanoticia.cl\/prensa\/wp-content\/uploads\/2025\/12\/Dr-Marco-Lara-550x309.jpg 550w, https:\/\/www.rengoenlanoticia.cl\/prensa\/wp-content\/uploads\/2025\/12\/Dr-Marco-Lara-800x450.jpg 800w, https:\/\/www.rengoenlanoticia.cl\/prensa\/wp-content\/uploads\/2025\/12\/Dr-Marco-Lara-1160x653.jpg 1160w, https:\/\/www.rengoenlanoticia.cl\/prensa\/wp-content\/uploads\/2025\/12\/Dr-Marco-Lara-scaled.jpg 2560w\" sizes=\"auto, (max-width: 1024px) 100vw, 1024px\" \/><\/figure>\n\n\n\n<p>Respecto a la estrategia implementada, el Dr. Marco Lara explic\u00f3 que \u201cha sido clave para optimizar la atenci\u00f3n, ya que mi labor ha contribuido a disminuir significativamente las horas de espera, especialmente en pacientes de menor complejidad, permitiendo que los casos m\u00e1s graves sean atendidos de inmediato y aportando directamente a la salud de nuestra comunidad\u201d.<\/p>\n\n\n\n<p>Sobre el reconocimiento recibido, el profesional se\u00f1al\u00f3 que \u201clo valoro mucho, pero es parte del compromiso diario del equipo de salud. Es satisfactorio, sin duda, pero corresponde a nuestro trabajo cotidiano. El mejor reconocimiento es cuando los pacientes se van agradecidos porque fueron atendidos m\u00e1s r\u00e1pido y pueden continuar con sus actividades\u201d.<\/p>\n\n\n\n<p>Desde la direcci\u00f3n del establecimiento se enfatiz\u00f3 que este tipo de instancias buscan poner en valor el compromiso, la vocaci\u00f3n y el profesionalismo de los funcionarios y funcionarias que, d\u00eda a d\u00eda, contribuyen a una atenci\u00f3n m\u00e1s humana, eficiente y centrada en las personas.<\/p>\n\n\n\n<p><strong>Qu\u00e9 es el Sistema de Categorizaci\u00f3n de Urgencias ESI<\/strong><\/p>\n\n\n\n<p>El Sistema de Categorizaci\u00f3n ESI (\u00cdndice de Severidad de Emergencia por sus siglas en ingl\u00e9s) corresponde a un modelo de cinco niveles que permite priorizar la atenci\u00f3n en los servicios de urgencia seg\u00fan la gravedad de la condici\u00f3n cl\u00ednica y no por orden de llegada. De este modo, los casos con riesgo vital inmediato (ESI 1) reciben atenci\u00f3n prioritaria, mientras que las consultas de menor complejidad (ESI 4 y ESI 5) pueden esperar sin comprometer la seguridad del paciente.<\/p>\n","protected":false},"excerpt":{"rendered":"\u00b7Por su trabajo contribuyendo a la descongesti\u00f3n de Urgencia del Establecimiento, atendiendo a pacientes categorizados, ESI 3, ESI&hellip;\n","protected":false},"author":1,"featured_media":8411,"comment_status":"open","ping_status":"open","sticky":false,"template":"","format":"standard","meta":{"_monsterinsights_skip_tracking":false,"_monsterinsights_sitenote_active":false,"_monsterinsights_sitenote_note":"","_monsterinsights_sitenote_category":0,"footnotes":""},"categories":[8],"tags":[],"class_list":{"0":"post-8409","1":"post","2":"type-post","3":"status-publish","4":"format-standard","5":"has-post-thumbnail","7":"category-portada"},"aioseo_notices":[],"_links":{"self":[{"href":"https:\/\/www.rengoenlanoticia.cl\/prensa\/wp-json\/wp\/v2\/posts\/8409","targetHints":{"allow":["GET"]}}],"collection":[{"href":"https:\/\/www.rengoenlanoticia.cl\/prensa\/wp-json\/wp\/v2\/posts"}],"about":[{"href":"https:\/\/www.rengoenlanoticia.cl\/prensa\/wp-json\/wp\/v2\/types\/post"}],"author":[{"embeddable":true,"href":"https:\/\/www.rengoenlanoticia.cl\/prensa\/wp-json\/wp\/v2\/users\/1"}],"replies":[{"embeddable":true,"href":"https:\/\/www.rengoenlanoticia.cl\/prensa\/wp-json\/wp\/v2\/comments?post=8409"}],"version-history":[{"count":3,"href":"https:\/\/www.rengoenlanoticia.cl\/prensa\/wp-json\/wp\/v2\/posts\/8409\/revisions"}],"predecessor-version":[{"id":8415,"href":"https:\/\/www.rengoenlanoticia.cl\/prensa\/wp-json\/wp\/v2\/posts\/8409\/revisions\/8415"}],"wp:featuredmedia":[{"embeddable":true,"href":"https:\/\/www.rengoenlanoticia.cl\/prensa\/wp-json\/wp\/v2\/media\/8411"}],"wp:attachment":[{"href":"https:\/\/www.rengoenlanoticia.cl\/prensa\/wp-json\/wp\/v2\/media?parent=8409"}],"wp:term":[{"taxonomy":"category","embeddable":true,"href":"https:\/\/www.rengoenlanoticia.cl\/prensa\/wp-json\/wp\/v2\/categories?post=8409"},{"taxonomy":"post_tag","embeddable":true,"href":"https:\/\/www.rengoenlanoticia.cl\/prensa\/wp-json\/wp\/v2\/tags?post=8409"}],"curies":[{"name":"wp","href":"https:\/\/api.w.org\/{rel}","templated":true}]}}