{"id":8399,"date":"2025-12-17T00:50:29","date_gmt":"2025-12-17T00:50:29","guid":{"rendered":"https:\/\/www.rengoenlanoticia.cl\/prensa\/?p=8399"},"modified":"2025-12-17T00:50:31","modified_gmt":"2025-12-17T00:50:31","slug":"instalan-avanzada-fronteriza-de-carabineros-en-sector-cordillerano-de-las-lenas","status":"publish","type":"post","link":"https:\/\/www.rengoenlanoticia.cl\/prensa\/2025\/12\/17\/instalan-avanzada-fronteriza-de-carabineros-en-sector-cordillerano-de-las-lenas\/","title":{"rendered":"Instalan Avanzada Fronteriza de Carabineros en sector cordillerano de Las Le\u00f1as"},"content":{"rendered":"\n<p><strong>Machal\u00ed, Regi\u00f3n de O\u2019Higgins.<\/strong> Con motivo de la temporada estival, Carabineros de Chile dispuso la instalaci\u00f3n de una avanzada temporal y fronteriza en el sector cordillerano de Las Le\u00f1as, comuna de Machal\u00ed, con el objetivo de reforzar los controles preventivos y brindar mayor seguridad a las personas que visitan este concurrido destino de monta\u00f1a.<\/p>\n\n\n\n<p>La presencia policial permitir\u00e1 fiscalizar el tr\u00e1nsito vehicular, orientar a los visitantes y responder de manera oportuna ante eventuales emergencias, considerando el aumento de flujo de personas que se registra durante el verano en esta zona precordillerana.<\/p>\n\n\n\n<p>Desde la instituci\u00f3n se record\u00f3 que el camino hacia Las Le\u00f1as presenta tramos de ripio, sectores de monta\u00f1a y condiciones de alta complejidad, por lo que se recomienda utilizar veh\u00edculos adecuados, mantener una conducci\u00f3n responsable y respetar en todo momento las instrucciones del personal de Carabineros.<\/p>\n\n\n\n<p>Asimismo, se realiz\u00f3 un llamado especial a la prevenci\u00f3n, enfatizando el uso responsable del fuego, la prohibici\u00f3n de realizar fogatas en lugares no habilitados, la correcta disposici\u00f3n de la basura y la protecci\u00f3n del entorno natural.<\/p>\n\n\n\n<p>Carabineros reiter\u00f3 que el autocuidado, el respeto por el medio ambiente y la seguridad vial son responsabilidades compartidas, fundamentales para disfrutar de manera segura este sector cordillerano durante la temporada estival.<\/p>\n","protected":false},"excerpt":{"rendered":"Machal\u00ed, Regi\u00f3n de O\u2019Higgins. Con motivo de la temporada estival, Carabineros de Chile dispuso la instalaci\u00f3n de una&hellip;\n","protected":false},"author":2,"featured_media":8402,"comment_status":"open","ping_status":"open","sticky":false,"template":"","format":"standard","meta":{"_monsterinsights_skip_tracking":false,"_monsterinsights_sitenote_active":false,"_monsterinsights_sitenote_note":"","_monsterinsights_sitenote_category":0,"footnotes":""},"categories":[5,8],"tags":[],"class_list":{"0":"post-8399","1":"post","2":"type-post","3":"status-publish","4":"format-standard","5":"has-post-thumbnail","7":"category-policial","8":"category-portada"},"aioseo_notices":[],"_links":{"self":[{"href":"https:\/\/www.rengoenlanoticia.cl\/prensa\/wp-json\/wp\/v2\/posts\/8399","targetHints":{"allow":["GET"]}}],"collection":[{"href":"https:\/\/www.rengoenlanoticia.cl\/prensa\/wp-json\/wp\/v2\/posts"}],"about":[{"href":"https:\/\/www.rengoenlanoticia.cl\/prensa\/wp-json\/wp\/v2\/types\/post"}],"author":[{"embeddable":true,"href":"https:\/\/www.rengoenlanoticia.cl\/prensa\/wp-json\/wp\/v2\/users\/2"}],"replies":[{"embeddable":true,"href":"https:\/\/www.rengoenlanoticia.cl\/prensa\/wp-json\/wp\/v2\/comments?post=8399"}],"version-history":[{"count":3,"href":"https:\/\/www.rengoenlanoticia.cl\/prensa\/wp-json\/wp\/v2\/posts\/8399\/revisions"}],"predecessor-version":[{"id":8408,"href":"https:\/\/www.rengoenlanoticia.cl\/prensa\/wp-json\/wp\/v2\/posts\/8399\/revisions\/8408"}],"wp:featuredmedia":[{"embeddable":true,"href":"https:\/\/www.rengoenlanoticia.cl\/prensa\/wp-json\/wp\/v2\/media\/8402"}],"wp:attachment":[{"href":"https:\/\/www.rengoenlanoticia.cl\/prensa\/wp-json\/wp\/v2\/media?parent=8399"}],"wp:term":[{"taxonomy":"category","embeddable":true,"href":"https:\/\/www.rengoenlanoticia.cl\/prensa\/wp-json\/wp\/v2\/categories?post=8399"},{"taxonomy":"post_tag","embeddable":true,"href":"https:\/\/www.rengoenlanoticia.cl\/prensa\/wp-json\/wp\/v2\/tags?post=8399"}],"curies":[{"name":"wp","href":"https:\/\/api.w.org\/{rel}","templated":true}]}}