{"id":8393,"date":"2025-12-16T02:08:59","date_gmt":"2025-12-16T02:08:59","guid":{"rendered":"https:\/\/www.rengoenlanoticia.cl\/prensa\/?p=8393"},"modified":"2025-12-16T02:09:02","modified_gmt":"2025-12-16T02:09:02","slug":"voluntarios-de-cuatro-companias-del-pais-participaran-en-programa-de-formacion-ante-emergencias-en-transporte-vertical","status":"publish","type":"post","link":"https:\/\/www.rengoenlanoticia.cl\/prensa\/2025\/12\/16\/voluntarios-de-cuatro-companias-del-pais-participaran-en-programa-de-formacion-ante-emergencias-en-transporte-vertical\/","title":{"rendered":"Voluntarios de cuatro compa\u00f1\u00edas del pa\u00eds participar\u00e1n en programa de formaci\u00f3n ante emergencias en transporte vertical"},"content":{"rendered":"\n<p>Para mejorar la respuesta ante emergencias que involucren ascensores y escaleras mec\u00e1nicas en edificios residenciales, establecimientos educacionales y centros de salud, Bomberos de Chile iniciar\u00e1 un ciclo de capacitaciones dirigido a voluntarios de compa\u00f1\u00edas de las regiones de La Araucan\u00eda, Los R\u00edos, O&#8217;Higgins y Metropolitana.<\/p>\n\n\n\n<p>La formaci\u00f3n abordar\u00e1 conceptos fundamentales sobre el funcionamiento de ascensores, escaleras mec\u00e1nicas y las maniobras de rescate seguro en contextos urbanos, donde este tipo de emergencias, dado los cortes de luz y mantenimientos, ha aumentado durante los \u00faltimos a\u00f1os.<\/p>\n\n\n\n<p>Participar\u00e1n voluntarios de la 10\u00aa Compa\u00f1\u00eda de Puente Alto, 6\u00aa Compa\u00f1\u00eda de Temuco, 6\u00aa Compa\u00f1\u00eda de R\u00edo Bueno, 1\u00aa Compa\u00f1\u00eda de Codegua y 3\u00aa Compa\u00f1\u00eda de Lautaro, sumando 35 bomberos que buscan fortalecer sus capacidades operativas frente a incidentes en transporte vertical.<\/p>\n\n\n\n<p>La instancia contar\u00e1 con el apoyo t\u00e9cnico de Schindler, empresa suiza, l\u00edder en movilidad vertical, que pondr\u00e1 a disposici\u00f3n de m\u00e1s de 110 a\u00f1os en Chile, su experiencia para contribuir a la mejora de protocolos y procedimientos de rescate, que lo que buscan es preservar la vida de las personas y cuidar los equipos mediante maniobras de rescate o procedimientos que sean seguros para todos.<\/p>\n\n\n\n<p>Para Irma Miranda, presidenta de la Confederaci\u00f3n de Bomberos Suizo y directora de la D\u00e9cima Compa\u00f1\u00eda, est\u00e1 formaci\u00f3n representa un avance significativo en la labor que realizan a diario.<\/p>\n\n\n\n<p>\u201cEstando bien preparados y protegidos, logramos un mejor beneficio para nuestros usuarios y comunidad. Es muy valioso para nosotros que Schindler nos entregue estas capacitaciones. Nuestro lema es salvar vidas y bienes; mientras menos da\u00f1o podamos generar a un equipo, menor ser\u00e1 el costo de su reparaci\u00f3n, ya sea de un ascensor o de una escalera mec\u00e1nica\u201d, afirm\u00f3.<\/p>\n\n\n\n<p>Por su parte, Christian Koren, gerente T\u00e9cnico de Schindler, destac\u00f3 la importancia de actualizar los conocimientos frente a nuevas tecnolog\u00edas:<\/p>\n\n\n\n<p>\u201cLos equipos de transporte vertical han evolucionado con rapidez, especialmente en el \u00faltimo a\u00f1o. Por eso es fundamental comprender sus diferencias, c\u00f3mo se comportan y c\u00f3mo actuar de manera informada frente a un rescate con pasajeros. Mientras m\u00e1s formaci\u00f3n tengan los voluntarios, m\u00e1s eficiente y segura ser\u00e1 la respuesta. En muchas ocasiones, Bomberos llega antes que cualquier otro servicio, por lo que su rol es clave para un rescate oportuno y un cuidado de los componentes del equipo\u201d.<\/p>\n\n\n\n<p>Este programa busca profesionalizar las operaciones de emergencia, reducir riesgos tanto para los pasajeros como para los propios voluntarios, proteger el patrimonio de los propietarios del inmueble y promover la capacitaci\u00f3n continua como herramienta esencial para la gesti\u00f3n de incidentes en transporte vertical.<\/p>\n","protected":false},"excerpt":{"rendered":"Para mejorar la respuesta ante emergencias que involucren ascensores y escaleras mec\u00e1nicas en edificios residenciales, establecimientos educacionales y&hellip;\n","protected":false},"author":1,"featured_media":8395,"comment_status":"open","ping_status":"open","sticky":false,"template":"","format":"standard","meta":{"_monsterinsights_skip_tracking":false,"_monsterinsights_sitenote_active":false,"_monsterinsights_sitenote_note":"","_monsterinsights_sitenote_category":0,"footnotes":""},"categories":[8],"tags":[],"class_list":{"0":"post-8393","1":"post","2":"type-post","3":"status-publish","4":"format-standard","5":"has-post-thumbnail","7":"category-portada"},"aioseo_notices":[],"_links":{"self":[{"href":"https:\/\/www.rengoenlanoticia.cl\/prensa\/wp-json\/wp\/v2\/posts\/8393","targetHints":{"allow":["GET"]}}],"collection":[{"href":"https:\/\/www.rengoenlanoticia.cl\/prensa\/wp-json\/wp\/v2\/posts"}],"about":[{"href":"https:\/\/www.rengoenlanoticia.cl\/prensa\/wp-json\/wp\/v2\/types\/post"}],"author":[{"embeddable":true,"href":"https:\/\/www.rengoenlanoticia.cl\/prensa\/wp-json\/wp\/v2\/users\/1"}],"replies":[{"embeddable":true,"href":"https:\/\/www.rengoenlanoticia.cl\/prensa\/wp-json\/wp\/v2\/comments?post=8393"}],"version-history":[{"count":2,"href":"https:\/\/www.rengoenlanoticia.cl\/prensa\/wp-json\/wp\/v2\/posts\/8393\/revisions"}],"predecessor-version":[{"id":8397,"href":"https:\/\/www.rengoenlanoticia.cl\/prensa\/wp-json\/wp\/v2\/posts\/8393\/revisions\/8397"}],"wp:featuredmedia":[{"embeddable":true,"href":"https:\/\/www.rengoenlanoticia.cl\/prensa\/wp-json\/wp\/v2\/media\/8395"}],"wp:attachment":[{"href":"https:\/\/www.rengoenlanoticia.cl\/prensa\/wp-json\/wp\/v2\/media?parent=8393"}],"wp:term":[{"taxonomy":"category","embeddable":true,"href":"https:\/\/www.rengoenlanoticia.cl\/prensa\/wp-json\/wp\/v2\/categories?post=8393"},{"taxonomy":"post_tag","embeddable":true,"href":"https:\/\/www.rengoenlanoticia.cl\/prensa\/wp-json\/wp\/v2\/tags?post=8393"}],"curies":[{"name":"wp","href":"https:\/\/api.w.org\/{rel}","templated":true}]}}