{"id":8386,"date":"2025-12-15T12:55:41","date_gmt":"2025-12-15T12:55:41","guid":{"rendered":"https:\/\/www.rengoenlanoticia.cl\/prensa\/?p=8386"},"modified":"2025-12-15T13:03:51","modified_gmt":"2025-12-15T13:03:51","slug":"carabineros-de-la-micc-de-la-4a-comisaria-de-rengo-desarrollan-campana-informativa-en-feria","status":"publish","type":"post","link":"https:\/\/www.rengoenlanoticia.cl\/prensa\/2025\/12\/15\/carabineros-de-la-micc-de-la-4a-comisaria-de-rengo-desarrollan-campana-informativa-en-feria\/","title":{"rendered":"Carabineros de la MICC de la 4ta Comisar\u00eda de Rengo desarrollan campa\u00f1a informativa en feria"},"content":{"rendered":"\n<p>El d\u00eda s\u00e1bado 13 de octubre, durante la ma\u00f1ana, personal MICC de la 4\u00aa Comisar\u00eda de Rengo, junto a la Patrulla Mixta, concurri\u00f3 hasta la Avenida Renato Correa, sector donde se realiza la feria de la comuna. En el lugar se llev\u00f3 a cabo una campa\u00f1a preventiva dirigida a conductores, enfocada en la difusi\u00f3n de folleter\u00eda sobre la prevenci\u00f3n de incendios forestales.<\/p>\n\n\n\n<p>La iniciativa tuvo como finalidad generar conciencia en la ciudadan\u00eda respecto de las consecuencias y el impacto negativo que este tipo de siniestros provoca tanto en los sectores afectados como en las personas.<\/p>\n","protected":false},"excerpt":{"rendered":"El d\u00eda s\u00e1bado 13 de octubre, durante la ma\u00f1ana, personal MICC de la 4\u00aa Comisar\u00eda de Rengo, junto&hellip;\n","protected":false},"author":2,"featured_media":8387,"comment_status":"open","ping_status":"open","sticky":false,"template":"","format":"standard","meta":{"_monsterinsights_skip_tracking":false,"_monsterinsights_sitenote_active":false,"_monsterinsights_sitenote_note":"","_monsterinsights_sitenote_category":0,"footnotes":""},"categories":[5,8],"tags":[],"class_list":{"0":"post-8386","1":"post","2":"type-post","3":"status-publish","4":"format-standard","5":"has-post-thumbnail","7":"category-policial","8":"category-portada"},"aioseo_notices":[],"_links":{"self":[{"href":"https:\/\/www.rengoenlanoticia.cl\/prensa\/wp-json\/wp\/v2\/posts\/8386","targetHints":{"allow":["GET"]}}],"collection":[{"href":"https:\/\/www.rengoenlanoticia.cl\/prensa\/wp-json\/wp\/v2\/posts"}],"about":[{"href":"https:\/\/www.rengoenlanoticia.cl\/prensa\/wp-json\/wp\/v2\/types\/post"}],"author":[{"embeddable":true,"href":"https:\/\/www.rengoenlanoticia.cl\/prensa\/wp-json\/wp\/v2\/users\/2"}],"replies":[{"embeddable":true,"href":"https:\/\/www.rengoenlanoticia.cl\/prensa\/wp-json\/wp\/v2\/comments?post=8386"}],"version-history":[{"count":4,"href":"https:\/\/www.rengoenlanoticia.cl\/prensa\/wp-json\/wp\/v2\/posts\/8386\/revisions"}],"predecessor-version":[{"id":8390,"href":"https:\/\/www.rengoenlanoticia.cl\/prensa\/wp-json\/wp\/v2\/posts\/8386\/revisions\/8390"}],"wp:featuredmedia":[{"embeddable":true,"href":"https:\/\/www.rengoenlanoticia.cl\/prensa\/wp-json\/wp\/v2\/media\/8387"}],"wp:attachment":[{"href":"https:\/\/www.rengoenlanoticia.cl\/prensa\/wp-json\/wp\/v2\/media?parent=8386"}],"wp:term":[{"taxonomy":"category","embeddable":true,"href":"https:\/\/www.rengoenlanoticia.cl\/prensa\/wp-json\/wp\/v2\/categories?post=8386"},{"taxonomy":"post_tag","embeddable":true,"href":"https:\/\/www.rengoenlanoticia.cl\/prensa\/wp-json\/wp\/v2\/tags?post=8386"}],"curies":[{"name":"wp","href":"https:\/\/api.w.org\/{rel}","templated":true}]}}