{"id":8381,"date":"2025-12-15T06:01:23","date_gmt":"2025-12-15T06:01:23","guid":{"rendered":"https:\/\/www.rengoenlanoticia.cl\/prensa\/?p=8381"},"modified":"2025-12-15T06:01:26","modified_gmt":"2025-12-15T06:01:26","slug":"carabineros-ciclistas-detienen-robo-en-basilica-santa-ana-de-rengo","status":"publish","type":"post","link":"https:\/\/www.rengoenlanoticia.cl\/prensa\/2025\/12\/15\/carabineros-ciclistas-detienen-robo-en-basilica-santa-ana-de-rengo\/","title":{"rendered":"Carabineros ciclistas detienen robo en Bas\u00edlica Santa Ana de Rengo"},"content":{"rendered":"\n<p>En horas de la tarde de este s\u00e1bado 13 de diciembre, personal de Carabineros de la 4\u00aa Comisar\u00eda de Rengo, que realizaba servicios en bicicleta y patrullajes preventivos en el sector c\u00e9ntrico de la comuna, espec\u00edficamente en las inmediaciones de la Plaza de Armas, fue alertado por personal de la Bas\u00edlica Santa Ana sobre la sustracci\u00f3n de especies desde el pesebre instalado en el lugar.<\/p>\n\n\n\n<p>Ante esta situaci\u00f3n, el personal policial se traslad\u00f3 de manera r\u00e1pida hasta calle Jos\u00e9 Bisquert, esquina Balmaceda, donde procedi\u00f3 a la detenci\u00f3n de los presuntos autores del hecho. Los antisociales fueron identificados con las iniciales I.M.S.G., de 53 a\u00f1os, y P.A.N.C., de 42 a\u00f1os, ambos de nacionalidad chilena y con amplio prontuario policial.<\/p>\n\n\n\n<p>Gracias a la oportuna intervenci\u00f3n de Carabineros, las especies sustra\u00eddas fueron recuperadas. Los detenidos quedaron a disposici\u00f3n del tribunal competente para su respectivo control de detenci\u00f3n.<\/p>\n","protected":false},"excerpt":{"rendered":"En horas de la tarde de este s\u00e1bado 13 de diciembre, personal de Carabineros de la 4\u00aa Comisar\u00eda&hellip;\n","protected":false},"author":2,"featured_media":8382,"comment_status":"open","ping_status":"open","sticky":false,"template":"","format":"standard","meta":{"_monsterinsights_skip_tracking":false,"_monsterinsights_sitenote_active":false,"_monsterinsights_sitenote_note":"","_monsterinsights_sitenote_category":0,"footnotes":""},"categories":[5,8],"tags":[],"class_list":{"0":"post-8381","1":"post","2":"type-post","3":"status-publish","4":"format-standard","5":"has-post-thumbnail","7":"category-policial","8":"category-portada"},"aioseo_notices":[],"_links":{"self":[{"href":"https:\/\/www.rengoenlanoticia.cl\/prensa\/wp-json\/wp\/v2\/posts\/8381","targetHints":{"allow":["GET"]}}],"collection":[{"href":"https:\/\/www.rengoenlanoticia.cl\/prensa\/wp-json\/wp\/v2\/posts"}],"about":[{"href":"https:\/\/www.rengoenlanoticia.cl\/prensa\/wp-json\/wp\/v2\/types\/post"}],"author":[{"embeddable":true,"href":"https:\/\/www.rengoenlanoticia.cl\/prensa\/wp-json\/wp\/v2\/users\/2"}],"replies":[{"embeddable":true,"href":"https:\/\/www.rengoenlanoticia.cl\/prensa\/wp-json\/wp\/v2\/comments?post=8381"}],"version-history":[{"count":3,"href":"https:\/\/www.rengoenlanoticia.cl\/prensa\/wp-json\/wp\/v2\/posts\/8381\/revisions"}],"predecessor-version":[{"id":8385,"href":"https:\/\/www.rengoenlanoticia.cl\/prensa\/wp-json\/wp\/v2\/posts\/8381\/revisions\/8385"}],"wp:featuredmedia":[{"embeddable":true,"href":"https:\/\/www.rengoenlanoticia.cl\/prensa\/wp-json\/wp\/v2\/media\/8382"}],"wp:attachment":[{"href":"https:\/\/www.rengoenlanoticia.cl\/prensa\/wp-json\/wp\/v2\/media?parent=8381"}],"wp:term":[{"taxonomy":"category","embeddable":true,"href":"https:\/\/www.rengoenlanoticia.cl\/prensa\/wp-json\/wp\/v2\/categories?post=8381"},{"taxonomy":"post_tag","embeddable":true,"href":"https:\/\/www.rengoenlanoticia.cl\/prensa\/wp-json\/wp\/v2\/tags?post=8381"}],"curies":[{"name":"wp","href":"https:\/\/api.w.org\/{rel}","templated":true}]}}