{"id":8375,"date":"2025-12-15T05:49:53","date_gmt":"2025-12-15T05:49:53","guid":{"rendered":"https:\/\/www.rengoenlanoticia.cl\/prensa\/?p=8375"},"modified":"2025-12-15T12:19:29","modified_gmt":"2025-12-15T12:19:29","slug":"segunda-vuelta-decisiva-senador-castro-valora-proceso-expedito-y-fija-prioridades-para-el-nuevo-gobierno","status":"publish","type":"post","link":"https:\/\/www.rengoenlanoticia.cl\/prensa\/2025\/12\/15\/segunda-vuelta-decisiva-senador-castro-valora-proceso-expedito-y-fija-prioridades-para-el-nuevo-gobierno\/","title":{"rendered":"Segunda vuelta decisiva: senador Castro valora proceso expedito y fija prioridades para el nuevo Gobierno"},"content":{"rendered":"\n<p><em>Tras votar en Rancagua, el parlamentario subray\u00f3 que las principales urgencias del pa\u00eds siguen siendo la seguridad, la migraci\u00f3n, el empleo y la salud.<\/em><\/p>\n\n\n\n<p>Tras ejercer su derecho al voto este domingo en el Liceo \u00d3scar Castro, mesa 109, el senador por la regi\u00f3n de O\u2019Higgins, Juan Luis Castro, valor\u00f3 el normal desarrollo del proceso electoral y anticip\u00f3 una alta participaci\u00f3n ciudadana, destacando la r\u00e1pida constituci\u00f3n de las mesas en la zona.<\/p>\n\n\n\n<p>\u201cAcabamos de sufragar y el ambiente est\u00e1 muy expedito, no hay una espera m\u00e1s de un par de minutos en las mesas. Creo que el proceso va a ser de alta participaci\u00f3n, porque se han constituido temprano todas las mesas en la regi\u00f3n y probablemente tengamos m\u00e1s participaci\u00f3n que el promedio del pa\u00eds, que la \u00faltima vez, hace un mes, fue de un 85 por ciento\u201d, se\u00f1al\u00f3 el parlamentario.<\/p>\n\n\n\n<p>El senador subray\u00f3 la relevancia del momento pol\u00edtico que vive el pa\u00eds, remarcando que esta segunda vuelta presidencial es clave para la legitimidad democr\u00e1tica de quien resulte electo. \u201cEstamos en un momento decisivo para que quien sea elegido se legitime en las urnas, como es lo que corresponde en una segunda vuelta final\u201d, afirm\u00f3.<\/p>\n\n\n\n<p>Consultado sobre las prioridades que deber\u00eda asumir el pr\u00f3ximo Gobierno una vez conocidos los resultados, Castro fue enf\u00e1tico en se\u00f1alar que la ciudadan\u00eda ha puesto el acento en temas concretos y urgentes. \u201cNo cabe duda que esta elecci\u00f3n fue tomada por los temas de migraci\u00f3n, de seguridad p\u00fablica, y los temas de la econom\u00eda y el desempleo, sin dejar de lado que en lo social la salud sigue siendo en esa \u00e1rea lo principal\u201d, indic\u00f3.<\/p>\n\n\n\n<p>En esa l\u00ednea, advirti\u00f3 que el pr\u00f3ximo gobierno enfrentar\u00e1 altas expectativas desde el primer d\u00eda. \u201cEstas tres \u00e1reas sensibles van a tener que ser abordadas desde el minuto uno, es decir, desde el 11 de marzo en adelante tiene que haber una gran capacidad de satisfacci\u00f3n de expectativas. Quien sea que gane, se enfrenta a una expectativa de cambio en estas dimensiones muy fuertes\u201d, concluy\u00f3, recalcando la urgencia de avanzar en soluciones concretas frente al delito, la violencia y el fen\u00f3meno migratorio.<\/p>\n","protected":false},"excerpt":{"rendered":"Tras votar en Rancagua, el parlamentario subray\u00f3 que las principales urgencias del pa\u00eds siguen siendo la seguridad, la&hellip;\n","protected":false},"author":1,"featured_media":8376,"comment_status":"open","ping_status":"open","sticky":false,"template":"","format":"standard","meta":{"_monsterinsights_skip_tracking":false,"_monsterinsights_sitenote_active":false,"_monsterinsights_sitenote_note":"","_monsterinsights_sitenote_category":0,"footnotes":""},"categories":[11,8],"tags":[],"class_list":{"0":"post-8375","1":"post","2":"type-post","3":"status-publish","4":"format-standard","5":"has-post-thumbnail","7":"category-politica","8":"category-portada"},"aioseo_notices":[],"_links":{"self":[{"href":"https:\/\/www.rengoenlanoticia.cl\/prensa\/wp-json\/wp\/v2\/posts\/8375","targetHints":{"allow":["GET"]}}],"collection":[{"href":"https:\/\/www.rengoenlanoticia.cl\/prensa\/wp-json\/wp\/v2\/posts"}],"about":[{"href":"https:\/\/www.rengoenlanoticia.cl\/prensa\/wp-json\/wp\/v2\/types\/post"}],"author":[{"embeddable":true,"href":"https:\/\/www.rengoenlanoticia.cl\/prensa\/wp-json\/wp\/v2\/users\/1"}],"replies":[{"embeddable":true,"href":"https:\/\/www.rengoenlanoticia.cl\/prensa\/wp-json\/wp\/v2\/comments?post=8375"}],"version-history":[{"count":3,"href":"https:\/\/www.rengoenlanoticia.cl\/prensa\/wp-json\/wp\/v2\/posts\/8375\/revisions"}],"predecessor-version":[{"id":8379,"href":"https:\/\/www.rengoenlanoticia.cl\/prensa\/wp-json\/wp\/v2\/posts\/8375\/revisions\/8379"}],"wp:featuredmedia":[{"embeddable":true,"href":"https:\/\/www.rengoenlanoticia.cl\/prensa\/wp-json\/wp\/v2\/media\/8376"}],"wp:attachment":[{"href":"https:\/\/www.rengoenlanoticia.cl\/prensa\/wp-json\/wp\/v2\/media?parent=8375"}],"wp:term":[{"taxonomy":"category","embeddable":true,"href":"https:\/\/www.rengoenlanoticia.cl\/prensa\/wp-json\/wp\/v2\/categories?post=8375"},{"taxonomy":"post_tag","embeddable":true,"href":"https:\/\/www.rengoenlanoticia.cl\/prensa\/wp-json\/wp\/v2\/tags?post=8375"}],"curies":[{"name":"wp","href":"https:\/\/api.w.org\/{rel}","templated":true}]}}