{"id":825,"date":"2025-01-08T23:03:58","date_gmt":"2025-01-08T23:03:58","guid":{"rendered":"https:\/\/www.rengoenlanoticia.cl\/prensa\/?p=825"},"modified":"2025-01-09T00:33:57","modified_gmt":"2025-01-09T00:33:57","slug":"llegan-nuevos-carabineros-a-reforzar-el-trabajo-policial-a-rengo","status":"publish","type":"post","link":"https:\/\/www.rengoenlanoticia.cl\/prensa\/2025\/01\/08\/llegan-nuevos-carabineros-a-reforzar-el-trabajo-policial-a-rengo\/","title":{"rendered":"Llegan nuevos carabineros a reforzar el trabajo policial"},"content":{"rendered":"\n<p>El nuevo contingente fue recibido por el Delegado Presidencial, el General de Zona O\u2019Higgins y el Gobernador Regional.<\/p>\n\n\n\n<p>Este mi\u00e9rcoles 08 de enero.  Hasta la Cuarta Comisar\u00eda de Rengo lleg\u00f3 esta ma\u00f1ana el Delegado Presidencial de O\u2019Higgins, Fabio L\u00f3pez Aguilera, para dar la bienvenida a los nuevos carabineros que se incorporan al trabajo policial en la regi\u00f3n.<\/p>\n\n\n\n<figure class=\"wp-block-image size-large\"><img decoding=\"async\" src=\"https:\/\/www.rengoenlanoticia.cl\/prensa\/wp-content\/uploads\/2025\/01\/WhatsApp-Image-2025-01-08-at-16.12.08-1024x602.jpeg\" alt=\"\" class=\"wp-image-829\"\/><\/figure>\n\n\n\n<p>\u201cSon carabineros que reci\u00e9n vienen saliendo de sus respectivos planteles de formaci\u00f3n, tanto de la Escuela de Carabineros como de las distintas escuelas de formaci\u00f3n policial que existen a lo largo de nuestro pa\u00eds\u201d, destac\u00f3 el Delegado Presidencial.<\/p>\n\n\n\n<p>La autoridad, quien estuvo acompa\u00f1ado por el Jefe Zona O\u2019Higgins, General Max Jim\u00e9nez Fleming, el Gobernador Regional y el Coordinador Regional de Seguridad P\u00fablica, resalt\u00f3 que \u201cdotar a nuestras comisar\u00edas de mayor contingente es uno de los compromisos del Presidente Gabriel Boric, y hoy estamos nuevamente frente a un compromiso cumplido para seguir trabajando por la seguridad de nuestros vecinos y vecinas en las distintas comunas, fortaleciendo la seguridad p\u00fablica\u201d.<\/p>\n\n\n\n<figure class=\"wp-block-image size-large\"><img decoding=\"async\" src=\"https:\/\/www.rengoenlanoticia.cl\/prensa\/wp-content\/uploads\/2025\/01\/WhatsApp-Image-2025-01-08-at-16.12.08-1-1024x576.jpeg\" alt=\"\" class=\"wp-image-830\"\/><\/figure>\n\n\n\n<p>Gracias a este nuevo contingente se avanzar\u00e1 en combatir la delincuencia y tambi\u00e9n abordar situaciones de inseguridad de la comunidad.<\/p>\n","protected":false},"excerpt":{"rendered":"El nuevo contingente fue recibido por el Delegado Presidencial, el General de Zona O\u2019Higgins y el Gobernador Regional.&hellip;\n","protected":false},"author":1,"featured_media":0,"comment_status":"open","ping_status":"open","sticky":false,"template":"","format":"standard","meta":{"_monsterinsights_skip_tracking":false,"_monsterinsights_sitenote_active":false,"_monsterinsights_sitenote_note":"","_monsterinsights_sitenote_category":0,"footnotes":""},"categories":[5],"tags":[],"class_list":{"0":"post-825","1":"post","2":"type-post","3":"status-publish","4":"format-standard","6":"category-policial"},"aioseo_notices":[],"_links":{"self":[{"href":"https:\/\/www.rengoenlanoticia.cl\/prensa\/wp-json\/wp\/v2\/posts\/825","targetHints":{"allow":["GET"]}}],"collection":[{"href":"https:\/\/www.rengoenlanoticia.cl\/prensa\/wp-json\/wp\/v2\/posts"}],"about":[{"href":"https:\/\/www.rengoenlanoticia.cl\/prensa\/wp-json\/wp\/v2\/types\/post"}],"author":[{"embeddable":true,"href":"https:\/\/www.rengoenlanoticia.cl\/prensa\/wp-json\/wp\/v2\/users\/1"}],"replies":[{"embeddable":true,"href":"https:\/\/www.rengoenlanoticia.cl\/prensa\/wp-json\/wp\/v2\/comments?post=825"}],"version-history":[{"count":3,"href":"https:\/\/www.rengoenlanoticia.cl\/prensa\/wp-json\/wp\/v2\/posts\/825\/revisions"}],"predecessor-version":[{"id":863,"href":"https:\/\/www.rengoenlanoticia.cl\/prensa\/wp-json\/wp\/v2\/posts\/825\/revisions\/863"}],"wp:attachment":[{"href":"https:\/\/www.rengoenlanoticia.cl\/prensa\/wp-json\/wp\/v2\/media?parent=825"}],"wp:term":[{"taxonomy":"category","embeddable":true,"href":"https:\/\/www.rengoenlanoticia.cl\/prensa\/wp-json\/wp\/v2\/categories?post=825"},{"taxonomy":"post_tag","embeddable":true,"href":"https:\/\/www.rengoenlanoticia.cl\/prensa\/wp-json\/wp\/v2\/tags?post=825"}],"curies":[{"name":"wp","href":"https:\/\/api.w.org\/{rel}","templated":true}]}}