{"id":823,"date":"2025-01-08T22:35:53","date_gmt":"2025-01-08T22:35:53","guid":{"rendered":"https:\/\/www.rengoenlanoticia.cl\/prensa\/?p=823"},"modified":"2025-01-08T22:35:57","modified_gmt":"2025-01-08T22:35:57","slug":"personas-con-discapacidad-de-colchagua-y-cardenal-caro-reciben-ayudas-tecnicas-financiadas-por-el-gobierno-regional","status":"publish","type":"post","link":"https:\/\/www.rengoenlanoticia.cl\/prensa\/2025\/01\/08\/personas-con-discapacidad-de-colchagua-y-cardenal-caro-reciben-ayudas-tecnicas-financiadas-por-el-gobierno-regional\/","title":{"rendered":"Personas con discapacidad de Colchagua y Cardenal Caro reciben ayudas t\u00e9cnicas financiadas por el Gobierno Regional"},"content":{"rendered":"\n<p>Hasta la comuna de Peralillo lleg\u00f3 el Gobernador Regional Pablo Silva Amaya para encabezar la entrega de ayudas t\u00e9cnicas a beneficiarios de las provincias de Colchagua y Cardenal Caro, iniciativa financiada por el Gobierno Regional, que no solo busca brindar una ayuda oportuna, sino que tambi\u00e9n promover la autonom\u00eda e inclusi\u00f3n social de personas con discapacidad de toda la regi\u00f3n.<\/p>\n\n\n\n<p>Respecto a la creaci\u00f3n de esta nueva l\u00ednea de financiamiento, la primera autoridad regional asegur\u00f3 que \u201cestamos muy contentos y satisfechos por lo que estamos realizando, ya que estas ayudas t\u00e9cnicas les cambian la vida a las personas\u201d.<\/p>\n\n\n\n<p>\u201cEsto les permite tener mejor movilidad (\u2026) as\u00ed que estamos muy orgullosos de este programa de ayudas t\u00e9cnicas para 29 de las 33 comunas de la regi\u00f3n de O\u00b4Higgins\u201d, remarc\u00f3 Pablo Silva Amaya.<\/p>\n\n\n\n<p>Por su parte, Andr\u00e9s Salinas, un peque\u00f1o de Marchig\u00fce de tan solo 11 a\u00f1os, quien naci\u00f3 prematuro extremo, visiblemente contento cont\u00f3 que \u201cme cambi\u00f3 la vida y estoy super feliz con la silla de ruedas el\u00e9ctrica\u201d.<\/p>\n\n\n\n<p>Lo mismo pudo reafirmar su padre, quien transparent\u00f3 que \u201cnos ha ayudado un mont\u00f3n, porque con esto \u00e9l se ha podido valer por s\u00ed solo\u201d. A su vez, tambi\u00e9n destac\u00f3 que \u201ca mucha gente del sector los favoreci\u00f3 esta entrega, a nosotros tambi\u00e9n, porque es un valor muy alto para poder adquirir una silla de ruedas el\u00e9ctrica\u201d.<\/p>\n\n\n\n<p>Solo para ejemplificar lo anterior, la encargada de la Oficina Municipal Inclusiva de Peralillo, Catalina G\u00f3mez, detall\u00f3 que \u201cnosotros tuvimos 76 familias que fueron beneficiadas con este fondo\u201d.<\/p>\n\n\n\n<p>Diego Huerta, oriundo de Pichilemu y quien tambi\u00e9n se vio favorecido con este programa del Gobierno Regional, coment\u00f3 que \u201cla silla que estoy utilizando actualmente ya est\u00e1 pasando a mejor vida, porque est\u00e1 en mal estado\u201d, raz\u00f3n por la que agradeci\u00f3 la ayuda t\u00e9cnica recibida.<\/p>\n\n\n\n<p>Las organizaciones de discapacidad pertenecientes a las distintas comunas beneficiarias accedieron a fondos por hasta 25 millones de pesos, logrando adquirir elementos como sillas de rueda, pr\u00f3tesis de pierna, aud\u00edfonos, \u00f3rtesis, elementos de apoyo para realizar actividades de la vida diaria, relacionadas con la higiene y la comida, entre otras.<\/p>\n\n\n\n<p>Mencionar que esta entrega, adem\u00e1s del Gobernador Regional Pablo Silva Amaya, cont\u00f3 con la participaci\u00f3n del alcalde de Lolol, Jos\u00e9 Rom\u00e1n, as\u00ed como de los consejeros regionales Margarita Henr\u00edquez, Sebasti\u00e1n Rocha, Alejandro D\u00edaz, Edgardo Vargas y Jos\u00e9 Ignacio Gonz\u00e1lez.<\/p>\n","protected":false},"excerpt":{"rendered":"Hasta la comuna de Peralillo lleg\u00f3 el Gobernador Regional Pablo Silva Amaya para encabezar la entrega de ayudas&hellip;\n","protected":false},"author":1,"featured_media":0,"comment_status":"open","ping_status":"open","sticky":false,"template":"","format":"standard","meta":{"_monsterinsights_skip_tracking":false,"_monsterinsights_sitenote_active":false,"_monsterinsights_sitenote_note":"","_monsterinsights_sitenote_category":0,"footnotes":""},"categories":[1],"tags":[],"class_list":{"0":"post-823","1":"post","2":"type-post","3":"status-publish","4":"format-standard","6":"category-uncategorized"},"aioseo_notices":[],"_links":{"self":[{"href":"https:\/\/www.rengoenlanoticia.cl\/prensa\/wp-json\/wp\/v2\/posts\/823","targetHints":{"allow":["GET"]}}],"collection":[{"href":"https:\/\/www.rengoenlanoticia.cl\/prensa\/wp-json\/wp\/v2\/posts"}],"about":[{"href":"https:\/\/www.rengoenlanoticia.cl\/prensa\/wp-json\/wp\/v2\/types\/post"}],"author":[{"embeddable":true,"href":"https:\/\/www.rengoenlanoticia.cl\/prensa\/wp-json\/wp\/v2\/users\/1"}],"replies":[{"embeddable":true,"href":"https:\/\/www.rengoenlanoticia.cl\/prensa\/wp-json\/wp\/v2\/comments?post=823"}],"version-history":[{"count":2,"href":"https:\/\/www.rengoenlanoticia.cl\/prensa\/wp-json\/wp\/v2\/posts\/823\/revisions"}],"predecessor-version":[{"id":832,"href":"https:\/\/www.rengoenlanoticia.cl\/prensa\/wp-json\/wp\/v2\/posts\/823\/revisions\/832"}],"wp:attachment":[{"href":"https:\/\/www.rengoenlanoticia.cl\/prensa\/wp-json\/wp\/v2\/media?parent=823"}],"wp:term":[{"taxonomy":"category","embeddable":true,"href":"https:\/\/www.rengoenlanoticia.cl\/prensa\/wp-json\/wp\/v2\/categories?post=823"},{"taxonomy":"post_tag","embeddable":true,"href":"https:\/\/www.rengoenlanoticia.cl\/prensa\/wp-json\/wp\/v2\/tags?post=823"}],"curies":[{"name":"wp","href":"https:\/\/api.w.org\/{rel}","templated":true}]}}