{"id":8181,"date":"2025-12-04T11:05:06","date_gmt":"2025-12-04T11:05:06","guid":{"rendered":"https:\/\/www.rengoenlanoticia.cl\/prensa\/?p=8181"},"modified":"2025-12-04T11:07:57","modified_gmt":"2025-12-04T11:07:57","slug":"rengo-avanza-un-ano-de-gestion-transforma-la-comuna-con-inversion-historica-en-educacion","status":"publish","type":"post","link":"https:\/\/www.rengoenlanoticia.cl\/prensa\/2025\/12\/04\/rengo-avanza-un-ano-de-gestion-transforma-la-comuna-con-inversion-historica-en-educacion\/","title":{"rendered":"Rengo avanza: Un a\u00f1o de gesti\u00f3n transforma la comuna con inversi\u00f3n hist\u00f3rica en educaci\u00f3n"},"content":{"rendered":"\n<p><em>Con una inversi\u00f3n municipal de $1.019 millones de pesos destinada a infraestructura educativa, tecnolog\u00eda y apoyo pedag\u00f3gico, la gesti\u00f3n del alcalde Enrique del Barrio se consolida con mejoras tangibles en las aulas y una masiva reactivaci\u00f3n de las actividades c\u00edvicas, culturales y deportivas.<\/em><\/p>\n\n\n\n<p>La comuna de Rengo experimenta un per\u00edodo de profunda revitalizaci\u00f3n. La nueva administraci\u00f3n municipal ha puesto el foco en la recuperaci\u00f3n de espacios p\u00fablicos y, especialmente, en una inversi\u00f3n sin precedentes en el sistema educativo municipal, todo enmarcado en un plan integral que busca elevar la calidad de vida de sus habitantes.<\/p>\n\n\n\n<p>El Alcalde Enrique del Barrio Hern\u00e1ndez, destaca que \u00abla educaci\u00f3n es y ser\u00e1 siempre nuestra prioridad. En este a\u00f1o de gesti\u00f3n, no solo hemos invertido en fierros y cemento. Me enorgullece especialmente haber concretado el cambio del techo de asbesto de la Escuela Villa del C\u00f3bil, una deuda hist\u00f3rica con la salud de nuestros ni\u00f1os y docentes\u201d.<\/p>\n\n\n\n<p>\u201cEsto se suma a la reparaci\u00f3n de ba\u00f1os, cambio de techumbres y mejora de entornos en el Liceo Luis Urbina Flores, Escuela Los Choapinos, Colegio Rep\u00fablica de Alemania, Escuela Fernanda Aedo y Escuela El Naranjal, entre otras. &nbsp;Todo esto, junto al refuerzo pedag\u00f3gico y a las nuevas salas multisensoriales, demuestra que estamos construyendo un futuro con una educaci\u00f3n municipal, segura y verdaderamente inclusiva para Rengo.\u00bb; agrega el Alcalde Del Barrio.<\/p>\n\n\n\n<figure class=\"wp-block-image size-large\"><img loading=\"lazy\" decoding=\"async\" width=\"1008\" height=\"1024\" src=\"https:\/\/www.rengoenlanoticia.cl\/prensa\/wp-content\/uploads\/2025\/12\/pintura-jardin-infantil-diente-de-leche-1008x1024.jpg\" alt=\"\" class=\"wp-image-8200\" srcset=\"https:\/\/www.rengoenlanoticia.cl\/prensa\/wp-content\/uploads\/2025\/12\/pintura-jardin-infantil-diente-de-leche-1008x1024.jpg 1008w, https:\/\/www.rengoenlanoticia.cl\/prensa\/wp-content\/uploads\/2025\/12\/pintura-jardin-infantil-diente-de-leche-295x300.jpg 295w, https:\/\/www.rengoenlanoticia.cl\/prensa\/wp-content\/uploads\/2025\/12\/pintura-jardin-infantil-diente-de-leche-768x780.jpg 768w, https:\/\/www.rengoenlanoticia.cl\/prensa\/wp-content\/uploads\/2025\/12\/pintura-jardin-infantil-diente-de-leche-80x80.jpg 80w, https:\/\/www.rengoenlanoticia.cl\/prensa\/wp-content\/uploads\/2025\/12\/pintura-jardin-infantil-diente-de-leche-110x112.jpg 110w, https:\/\/www.rengoenlanoticia.cl\/prensa\/wp-content\/uploads\/2025\/12\/pintura-jardin-infantil-diente-de-leche-200x203.jpg 200w, https:\/\/www.rengoenlanoticia.cl\/prensa\/wp-content\/uploads\/2025\/12\/pintura-jardin-infantil-diente-de-leche-380x386.jpg 380w, https:\/\/www.rengoenlanoticia.cl\/prensa\/wp-content\/uploads\/2025\/12\/pintura-jardin-infantil-diente-de-leche-255x259.jpg 255w, https:\/\/www.rengoenlanoticia.cl\/prensa\/wp-content\/uploads\/2025\/12\/pintura-jardin-infantil-diente-de-leche-300x305.jpg 300w, https:\/\/www.rengoenlanoticia.cl\/prensa\/wp-content\/uploads\/2025\/12\/pintura-jardin-infantil-diente-de-leche-550x559.jpg 550w, https:\/\/www.rengoenlanoticia.cl\/prensa\/wp-content\/uploads\/2025\/12\/pintura-jardin-infantil-diente-de-leche-800x813.jpg 800w, https:\/\/www.rengoenlanoticia.cl\/prensa\/wp-content\/uploads\/2025\/12\/pintura-jardin-infantil-diente-de-leche.jpg 1081w\" sizes=\"auto, (max-width: 1008px) 100vw, 1008px\" \/><\/figure>\n\n\n\n<p>El plan de gesti\u00f3n se ha consolidado con una inversi\u00f3n total de $1.019 millones de pesos para el sistema p\u00fablico comunal. Este monto se desglosa en $327 millones destinados a mantenimiento y reparaci\u00f3n de recintos educacionales, $495 millones en obras nuevas, $80 millones en capacitaci\u00f3n y $117 millones en tecnolog\u00eda de punta, incluyendo m\u00e1s de 200 computadores, tablets y pizarras interactivas.<\/p>\n\n\n\n<p>El sistema educativo municipal, compuesto por 34 establecimientos (que incluyen 7 jardines VTF y 4 liceos), ha crecido de 9.481 estudiantes en 2024 a 9.766 en 2025, demostrando la confianza de la comunidad en la educaci\u00f3n p\u00fablica, la cual acoge al 76% de los alumnos de Rengo. Adem\u00e1s, la comuna ha reportado un ascenso en los puntajes SIMCE en los \u00faltimos a\u00f1os.<\/p>\n\n\n\n<p><strong>Hitos educativos y pedag\u00f3gicos<\/strong><\/p>\n\n\n\n<p>La inversi\u00f3n ha permitido mejoras significativas en la infraestructura, enfoc\u00e1ndose en el mejoramiento sanitario, seguridad y habitabilidad de las aulas en establecimientos urbanos y rurales. Entre los hitos m\u00e1s relevantes, a modo de s\u00edntesis, se incluyen:<\/p>\n\n\n\n<p>&#8211; Mejoras en infraestructura en m\u00e1s de 25 establecimientos (mantenci\u00f3n de servicios higi\u00e9nicos, pintura, seguridad y habitabilidad).<\/p>\n\n\n\n<p>&#8211; Fortalecimiento de programas de apoyo pedag\u00f3gico y acompa\u00f1amiento a estudiantes en situaci\u00f3n de vulnerabilidad.<\/p>\n\n\n\n<p>&#8211; Acciones de apoyo a la comunidad educativa (talleres, capacitaciones y actividades extracurriculares).<\/p>\n\n\n\n<p><strong>M\u00e1s apoyo y colaboraci\u00f3n: El PIE se fortalece en las clases<\/strong><\/p>\n\n\n\n<p>La Coordinadora T\u00e9cnico Pedag\u00f3gica de Educaci\u00f3n Parvularia DAEM, Mary \u00c1ngel Pino Droguett, enfatiza el esfuerzo y la estrategia implementada en los establecimientos: \u00abHemos activado la red de educadoras de p\u00e1rvulos en los recintos escolares, quienes realizan reuniones mensuales con coordinadores PIE, directores y encargados de convivencia escolar, fortaleciendo la articulaci\u00f3n y el trabajo colaborativo en todos los niveles.\u00bb<\/p>\n\n\n\n<p>En sinton\u00eda con este enfoque, la educaci\u00f3n municipal ha realizado una inversi\u00f3n significativa para potenciar el Programa de Integraci\u00f3n Escolar (PIE). En 2025, la matr\u00edcula de alumnos PIE experiment\u00f3 un aumento del 13,62%. Para responder a esta creciente necesidad de apoyo, la dotaci\u00f3n de profesionales se increment\u00f3 notablemente. \u201cEste a\u00f1o se contrataron 35 especialistas PIE m\u00e1s que en 2024, pasando de 5 a 40 profesionales, lo que va en directo beneficio de las necesidades de cada estudiante y los apoyos requeridos para su desarrollo y aprendizaje\u201d; expresa el Jefe DAEM (R), V\u00edctor Mar\u00edn Araya.<\/p>\n\n\n\n<p><strong>Proyectos complementarios de infraestructura<\/strong><\/p>\n\n\n\n<p>A las mejoras ya mencionadas, se suman importantes proyectos que potencian los espacios educativos de la comuna:<\/p>\n\n\n\n<p>&#8211; Reposici\u00f3n del Jard\u00edn y Sala Cuna Padre Hurtado: Una obra significativa con una inversi\u00f3n de $826 millones de pesos.<\/p>\n\n\n\n<p>&#8211; Nuevos Espacios en el Colegio Fernanda Aedo: Este establecimiento fue beneficiado con la construcci\u00f3n de modernas canchas de pasto sint\u00e9tico, infraestructura que optimiza la pr\u00e1ctica deportiva. Estas obras fueron financiadas con recursos DAEM por un monto de $240 millones de pesos.<\/p>\n\n\n\n<p><strong>El Renacer del Jard\u00edn Los Naranjitos<\/strong><\/p>\n\n\n\n<p>Adem\u00e1s de estas importantes iniciativas, la Municipalidad de Rengo ha logrado reactivar el anhelado proyecto de reposici\u00f3n del Jard\u00edn Infantil y Sala Cuna Los Naranjitos, que se encontraba malogrado debido a una mala gesti\u00f3n de la anterior administraci\u00f3n comunal.<\/p>\n\n\n\n<p>Con una inversi\u00f3n que asciende a $1.258 millones de pesos, el proyecto ha tenido un \u00abrenacer\u00bb bajo la nueva gesti\u00f3n, impulsando un nuevo proceso de licitaci\u00f3n para su construcci\u00f3n. Actualmente se est\u00e1n llevando a cabo obras de canalizaci\u00f3n al interior del terreno y la b\u00fasqueda de nuevas instalaciones provisorias para albergar a la comunidad educativa mientras se completa la reposici\u00f3n del Jard\u00edn.<\/p>\n","protected":false},"excerpt":{"rendered":"Con una inversi\u00f3n municipal de $1.019 millones de pesos destinada a infraestructura educativa, tecnolog\u00eda y apoyo pedag\u00f3gico, la&hellip;\n","protected":false},"author":1,"featured_media":8199,"comment_status":"open","ping_status":"open","sticky":false,"template":"","format":"standard","meta":{"_monsterinsights_skip_tracking":false,"_monsterinsights_sitenote_active":false,"_monsterinsights_sitenote_note":"","_monsterinsights_sitenote_category":0,"footnotes":""},"categories":[8],"tags":[],"class_list":{"0":"post-8181","1":"post","2":"type-post","3":"status-publish","4":"format-standard","5":"has-post-thumbnail","7":"category-portada"},"aioseo_notices":[],"_links":{"self":[{"href":"https:\/\/www.rengoenlanoticia.cl\/prensa\/wp-json\/wp\/v2\/posts\/8181","targetHints":{"allow":["GET"]}}],"collection":[{"href":"https:\/\/www.rengoenlanoticia.cl\/prensa\/wp-json\/wp\/v2\/posts"}],"about":[{"href":"https:\/\/www.rengoenlanoticia.cl\/prensa\/wp-json\/wp\/v2\/types\/post"}],"author":[{"embeddable":true,"href":"https:\/\/www.rengoenlanoticia.cl\/prensa\/wp-json\/wp\/v2\/users\/1"}],"replies":[{"embeddable":true,"href":"https:\/\/www.rengoenlanoticia.cl\/prensa\/wp-json\/wp\/v2\/comments?post=8181"}],"version-history":[{"count":3,"href":"https:\/\/www.rengoenlanoticia.cl\/prensa\/wp-json\/wp\/v2\/posts\/8181\/revisions"}],"predecessor-version":[{"id":8217,"href":"https:\/\/www.rengoenlanoticia.cl\/prensa\/wp-json\/wp\/v2\/posts\/8181\/revisions\/8217"}],"wp:featuredmedia":[{"embeddable":true,"href":"https:\/\/www.rengoenlanoticia.cl\/prensa\/wp-json\/wp\/v2\/media\/8199"}],"wp:attachment":[{"href":"https:\/\/www.rengoenlanoticia.cl\/prensa\/wp-json\/wp\/v2\/media?parent=8181"}],"wp:term":[{"taxonomy":"category","embeddable":true,"href":"https:\/\/www.rengoenlanoticia.cl\/prensa\/wp-json\/wp\/v2\/categories?post=8181"},{"taxonomy":"post_tag","embeddable":true,"href":"https:\/\/www.rengoenlanoticia.cl\/prensa\/wp-json\/wp\/v2\/tags?post=8181"}],"curies":[{"name":"wp","href":"https:\/\/api.w.org\/{rel}","templated":true}]}}