{"id":8143,"date":"2025-12-03T11:51:17","date_gmt":"2025-12-03T11:51:17","guid":{"rendered":"https:\/\/www.rengoenlanoticia.cl\/prensa\/?p=8143"},"modified":"2025-12-03T11:53:20","modified_gmt":"2025-12-03T11:53:20","slug":"en-pichilemucarabineros-detiene-a-autor-de-disparos-en-la-via-publica-que-lesionaron-a-transeunte","status":"publish","type":"post","link":"https:\/\/www.rengoenlanoticia.cl\/prensa\/2025\/12\/03\/en-pichilemucarabineros-detiene-a-autor-de-disparos-en-la-via-publica-que-lesionaron-a-transeunte\/","title":{"rendered":"En Pichilemu:Carabineros detiene a autor de disparos en la v\u00eda p\u00fablica que lesionaron a transe\u00fante"},"content":{"rendered":"\n<p>El r\u00e1pido levantamiento de evidencia, permiti\u00f3 a personal territorial y SIP de la 3\u00b0 Comisar\u00eda ubicar y poner a disposici\u00f3n del Ministerio P\u00fablico al sujeto, quien pas\u00f3 a control de detenci\u00f3n por homicidio frustrado.<\/p>\n\n\n\n<p>Tras diligencias investigativas, Carabineros de la Secci\u00f3n de Investigaci\u00f3n Policial (SIP) de la 3\u00b0 Comisar\u00eda Pichilemu detuvo en el sector c\u00e9ntrico del principal balneario de la Regi\u00f3n de O\u2019Higgins, al individuo que en horas de la madrugada habr\u00eda disparado en contra de un grupo de personas, hiriendo a una de ellas.<br>El sujeto, mayor de edad, chileno, con antecedentes nada vigente, fue detenido pasadas las 15 horas, y puesto a disposici\u00f3n del Ministerio P\u00fablico, que determin\u00f3 que pasara a control de detenci\u00f3n por el delito de homicidio frustrado.<br>Los hechos se registraron cerca de las 5 a.m. del d\u00eda lunes, cuando Carabineros acoge la denuncia de una persona, mayor de edad, quien manifest\u00f3 que durante la madrugada, mientras transitaba por el sector c\u00e9ntrico de la comuna, en compa\u00f1\u00eda de amigos, desde el interior de un veh\u00edculo particular, un sujeto efectu\u00f3 disparos en la direcci\u00f3n donde se encontraban, resultando uno de ellos con lesiones de car\u00e1cter grave sin riesgo vital.<br>Recibida esta denuncia y puesta en conocimiento del Ministerio P\u00fablico, se activaron inmediatamente las diligencias investigativas por parte de personal territorial y SIP de la 3\u00b0 Comisar\u00eda de Pichilemu, lideradas por el Comisario de la Unidad, Mayor Patricio Cisterna, para dar con el paradero del autor del il\u00edcito, logrando alrededor de las 15 horas, en el centro de la ciudad, detener al autor del delito.<\/p>\n","protected":false},"excerpt":{"rendered":"El r\u00e1pido levantamiento de evidencia, permiti\u00f3 a personal territorial y SIP de la 3\u00b0 Comisar\u00eda ubicar y poner&hellip;\n","protected":false},"author":1,"featured_media":8164,"comment_status":"open","ping_status":"open","sticky":false,"template":"","format":"standard","meta":{"_monsterinsights_skip_tracking":false,"_monsterinsights_sitenote_active":false,"_monsterinsights_sitenote_note":"","_monsterinsights_sitenote_category":0,"footnotes":""},"categories":[5,8],"tags":[],"class_list":{"0":"post-8143","1":"post","2":"type-post","3":"status-publish","4":"format-standard","5":"has-post-thumbnail","7":"category-policial","8":"category-portada"},"aioseo_notices":[],"_links":{"self":[{"href":"https:\/\/www.rengoenlanoticia.cl\/prensa\/wp-json\/wp\/v2\/posts\/8143","targetHints":{"allow":["GET"]}}],"collection":[{"href":"https:\/\/www.rengoenlanoticia.cl\/prensa\/wp-json\/wp\/v2\/posts"}],"about":[{"href":"https:\/\/www.rengoenlanoticia.cl\/prensa\/wp-json\/wp\/v2\/types\/post"}],"author":[{"embeddable":true,"href":"https:\/\/www.rengoenlanoticia.cl\/prensa\/wp-json\/wp\/v2\/users\/1"}],"replies":[{"embeddable":true,"href":"https:\/\/www.rengoenlanoticia.cl\/prensa\/wp-json\/wp\/v2\/comments?post=8143"}],"version-history":[{"count":3,"href":"https:\/\/www.rengoenlanoticia.cl\/prensa\/wp-json\/wp\/v2\/posts\/8143\/revisions"}],"predecessor-version":[{"id":8168,"href":"https:\/\/www.rengoenlanoticia.cl\/prensa\/wp-json\/wp\/v2\/posts\/8143\/revisions\/8168"}],"wp:featuredmedia":[{"embeddable":true,"href":"https:\/\/www.rengoenlanoticia.cl\/prensa\/wp-json\/wp\/v2\/media\/8164"}],"wp:attachment":[{"href":"https:\/\/www.rengoenlanoticia.cl\/prensa\/wp-json\/wp\/v2\/media?parent=8143"}],"wp:term":[{"taxonomy":"category","embeddable":true,"href":"https:\/\/www.rengoenlanoticia.cl\/prensa\/wp-json\/wp\/v2\/categories?post=8143"},{"taxonomy":"post_tag","embeddable":true,"href":"https:\/\/www.rengoenlanoticia.cl\/prensa\/wp-json\/wp\/v2\/tags?post=8143"}],"curies":[{"name":"wp","href":"https:\/\/api.w.org\/{rel}","templated":true}]}}