{"id":8140,"date":"2025-12-03T11:40:51","date_gmt":"2025-12-03T11:40:51","guid":{"rendered":"https:\/\/www.rengoenlanoticia.cl\/prensa\/?p=8140"},"modified":"2025-12-03T11:41:18","modified_gmt":"2025-12-03T11:41:18","slug":"seremi-de-desarrollo-social-y-familia-inaugura-oficinas-locales-de-la-ninez-de-las-cabras-y-malloa","status":"publish","type":"post","link":"https:\/\/www.rengoenlanoticia.cl\/prensa\/2025\/12\/03\/seremi-de-desarrollo-social-y-familia-inaugura-oficinas-locales-de-la-ninez-de-las-cabras-y-malloa\/","title":{"rendered":"Seremi de Desarrollo Social y Familia inaugura Oficinas Locales de la Ni\u00f1ez de Las Cabras y Malloa"},"content":{"rendered":"\n<p><strong>Con la puesta en marcha de estos nuevos espacios que buscan prevenir situaciones de riesgo y vulneraciones de los derechos de ni\u00f1os, ni\u00f1as y adolescentes en ambas comunas, comienza la etapa final de instalaci\u00f3n de las OLN, luego que las 33 comunas ya cuentan con recursos para su ejecuci\u00f3n. &nbsp;<\/strong><\/p>\n\n\n\n<p>La Seremi de Desarrollo Social y Familia, Nayadeth Ahumada Herrera junto a la subsecretaria de la Ni\u00f1ez, Ver\u00f3nica Silva, y los ediles de Las Cabras, Juan Pablo Flores Astorga, y de Malloa, Luis Barra Villanueva, adem\u00e1s de autoridades comunales, representantes de los Consejos Consultivos de Ni\u00f1os, Ni\u00f1as y Adolescentes, comunidades educativas y vecinos; inauguraron las nuevas Oficinas Locales de la Ni\u00f1ez (OLN), de ambas comunas, respectivamente, hito relevante para la prevenci\u00f3n de situaciones de riesgo y vulneraciones, y la protecci\u00f3n de los derechos de ni\u00f1os, ni\u00f1as y adolescentes de la regi\u00f3n.<\/p>\n\n\n\n<p>Esta nueva entidad se enmarca en La Ley de Garant\u00edas y Protecci\u00f3n Integral de los Derechos de la Ni\u00f1ez y Adolescencia, que modifica la Ley Org\u00e1nica Constitucional de Municipalidades y agrega en sus funciones la promoci\u00f3n de los derechos de los ni\u00f1os, ni\u00f1as y adolescentes, la prevenci\u00f3n de vulneraciones de derechos y la protecci\u00f3n general de los mismos.<\/p>\n\n\n\n<p>Para cumplir con esto, es que dicha Ley crea una nueva institucionalidad llamada Oficina Local de la Ni\u00f1ez (OLN), las cuales son las encargadas a nivel territorial de la protecci\u00f3n administrativa de los derechos de ni\u00f1os, ni\u00f1as y adolescentes, a trav\u00e9s de la de promoci\u00f3n territorial y la de gesti\u00f3n integrada de casos.<\/p>\n\n\n\n<figure class=\"wp-block-image size-large\"><img loading=\"lazy\" decoding=\"async\" width=\"1024\" height=\"768\" src=\"https:\/\/www.rengoenlanoticia.cl\/prensa\/wp-content\/uploads\/2025\/12\/OLN-Las-Cabras-1-1024x768.jpeg\" alt=\"\" class=\"wp-image-8147\" srcset=\"https:\/\/www.rengoenlanoticia.cl\/prensa\/wp-content\/uploads\/2025\/12\/OLN-Las-Cabras-1-1024x768.jpeg 1024w, https:\/\/www.rengoenlanoticia.cl\/prensa\/wp-content\/uploads\/2025\/12\/OLN-Las-Cabras-1-300x225.jpeg 300w, https:\/\/www.rengoenlanoticia.cl\/prensa\/wp-content\/uploads\/2025\/12\/OLN-Las-Cabras-1-768x576.jpeg 768w, https:\/\/www.rengoenlanoticia.cl\/prensa\/wp-content\/uploads\/2025\/12\/OLN-Las-Cabras-1-1536x1152.jpeg 1536w, https:\/\/www.rengoenlanoticia.cl\/prensa\/wp-content\/uploads\/2025\/12\/OLN-Las-Cabras-1-110x83.jpeg 110w, https:\/\/www.rengoenlanoticia.cl\/prensa\/wp-content\/uploads\/2025\/12\/OLN-Las-Cabras-1-200x150.jpeg 200w, https:\/\/www.rengoenlanoticia.cl\/prensa\/wp-content\/uploads\/2025\/12\/OLN-Las-Cabras-1-380x285.jpeg 380w, https:\/\/www.rengoenlanoticia.cl\/prensa\/wp-content\/uploads\/2025\/12\/OLN-Las-Cabras-1-255x191.jpeg 255w, https:\/\/www.rengoenlanoticia.cl\/prensa\/wp-content\/uploads\/2025\/12\/OLN-Las-Cabras-1-550x413.jpeg 550w, https:\/\/www.rengoenlanoticia.cl\/prensa\/wp-content\/uploads\/2025\/12\/OLN-Las-Cabras-1-800x600.jpeg 800w, https:\/\/www.rengoenlanoticia.cl\/prensa\/wp-content\/uploads\/2025\/12\/OLN-Las-Cabras-1-1160x870.jpeg 1160w, https:\/\/www.rengoenlanoticia.cl\/prensa\/wp-content\/uploads\/2025\/12\/OLN-Las-Cabras-1.jpeg 1600w\" sizes=\"auto, (max-width: 1024px) 100vw, 1024px\" \/><\/figure>\n\n\n\n<p>La subsecretaria de la Ni\u00f1ez, Ver\u00f3nica Silva Villalobos, destac\u00f3 que \u201cestuvimos en la comuna de Las Cabras, en la inauguraci\u00f3n de la Oficina Local de la Ni\u00f1ez. Ha habido un evento muy lindo, donde han estado los ni\u00f1os, los representantes de las distintas instituciones que tienen presencia en la comuna; mam\u00e1s, pap\u00e1s, cuidadores y el equipo municipal de la OLN. Estamos muy contentos de acompa\u00f1ar esta inauguraci\u00f3n, estamos en una sala de atenci\u00f3n, con un est\u00e1ndar fant\u00e1stico de lo que tendr\u00edan que ser las salas de atenci\u00f3n para gesti\u00f3n de casos. Muy felices de poder acompa\u00f1arlos en esto\u201d.<\/p>\n\n\n\n<p>La Seremi de Desarrollo Social y Familia, Nayadeth Ahumada remarc\u00f3 que \u201cestamos muy contentos de poder concretar la inauguraci\u00f3n de las Oficinas Locales de la Ni\u00f1ez de Las Cabras y Malloa. Hoy ponemos en ejecuci\u00f3n un nuevo espacio dirigido a los ni\u00f1os de estas comunas. Cerca de mil ni\u00f1os de diferentes sectores que hoy van a contar con un lugar para realizar distintas actividades de su inter\u00e9s, y que van a permitir, poder avanzar en un paradigma que tiene que ver con garantizar los derechos de los ni\u00f1os, ni\u00f1as y adolescentes, quienes hoy son el centro y sujetos de derecho, con participaci\u00f3n y voz para poder representar a otros ni\u00f1os de sus sectores\u201d.&nbsp;<\/p>\n\n\n\n<p>El alcalde de Las Cabras, Juan Pablo Flores manifest\u00f3 que \u201cjunto a la subsecretaria de la ni\u00f1ez y la seremi de Desarrollo Social y Familia, hemos tenido el apoyo para instaurar esta gran Oficina Local de la Ni\u00f1ez de la comuna de Las Cabras. Desde el a\u00f1o 2021, iniciamos las gestiones y hemos concretado inaugurar lindas oficinas, con un gran equipo de siete profesionales que van a fortalecer el cuidado y los derechos de todos los ni\u00f1os, ni\u00f1as y adolescentes de la comuna de Las Cabras.&nbsp; Agradecer a todos los que fueron parte de esta linda iniciativa y al Gobierno por inyectar los recursos para que podamos lograr este objetivo\u201d.<\/p>\n\n\n\n<figure class=\"wp-block-image size-large\"><img loading=\"lazy\" decoding=\"async\" width=\"1024\" height=\"768\" src=\"https:\/\/www.rengoenlanoticia.cl\/prensa\/wp-content\/uploads\/2025\/12\/OLN-Malloa-2-1024x768.jpeg\" alt=\"\" class=\"wp-image-8148\" srcset=\"https:\/\/www.rengoenlanoticia.cl\/prensa\/wp-content\/uploads\/2025\/12\/OLN-Malloa-2-1024x768.jpeg 1024w, https:\/\/www.rengoenlanoticia.cl\/prensa\/wp-content\/uploads\/2025\/12\/OLN-Malloa-2-300x225.jpeg 300w, https:\/\/www.rengoenlanoticia.cl\/prensa\/wp-content\/uploads\/2025\/12\/OLN-Malloa-2-768x576.jpeg 768w, https:\/\/www.rengoenlanoticia.cl\/prensa\/wp-content\/uploads\/2025\/12\/OLN-Malloa-2-1536x1152.jpeg 1536w, https:\/\/www.rengoenlanoticia.cl\/prensa\/wp-content\/uploads\/2025\/12\/OLN-Malloa-2-110x83.jpeg 110w, https:\/\/www.rengoenlanoticia.cl\/prensa\/wp-content\/uploads\/2025\/12\/OLN-Malloa-2-200x150.jpeg 200w, https:\/\/www.rengoenlanoticia.cl\/prensa\/wp-content\/uploads\/2025\/12\/OLN-Malloa-2-380x285.jpeg 380w, https:\/\/www.rengoenlanoticia.cl\/prensa\/wp-content\/uploads\/2025\/12\/OLN-Malloa-2-255x191.jpeg 255w, https:\/\/www.rengoenlanoticia.cl\/prensa\/wp-content\/uploads\/2025\/12\/OLN-Malloa-2-550x413.jpeg 550w, https:\/\/www.rengoenlanoticia.cl\/prensa\/wp-content\/uploads\/2025\/12\/OLN-Malloa-2-800x600.jpeg 800w, https:\/\/www.rengoenlanoticia.cl\/prensa\/wp-content\/uploads\/2025\/12\/OLN-Malloa-2-1160x870.jpeg 1160w, https:\/\/www.rengoenlanoticia.cl\/prensa\/wp-content\/uploads\/2025\/12\/OLN-Malloa-2.jpeg 1600w\" sizes=\"auto, (max-width: 1024px) 100vw, 1024px\" \/><\/figure>\n\n\n\n<p>Por su parte, el alcalde de Malloa, Luis Barra, sostuvo que \u201chemos generado esta Oficina Local de la Ni\u00f1ez, a partir que la ley nos exige a los municipios, tener instalados un grupo de profesionales que van estar permanentemente preocupados del desarrollo integral de nuestros ni\u00f1os, ni\u00f1as y adolescentes. Muy contentos por ello, y no me cabe duda que los profesionales que est\u00e1n al frente de esta oficina en la comuna de Malloa, son profesionales con mucho compromiso y han hecho un trabajo muy importante en la protecci\u00f3n de los ni\u00f1os, ni\u00f1as y adolescentes de nuestra comuna\u201d.<\/p>\n\n\n\n<p>Sobre la puesta en marcha de esta nueva OLN, el presidente del Consejo Consultivo de Ni\u00f1os, Ni\u00f1as y Adolescentes de Malloa, Ziad Hafez relev\u00f3 que \u201cme parece s\u00faper bien, muy entretenido. Es importante que las voces de los ni\u00f1os, ni\u00f1as y adolescentes sean escuchadas. Por eso me parece bien para nuestra comuna que se haya inaugurado esta Oficina Local de la Ni\u00f1ez\u201d.<\/p>\n\n\n\n<p>El Gobierno del Presidente Gabriel Boric mandat\u00f3 a la Subsecretar\u00eda de la Ni\u00f1ez instalar, a trav\u00e9s de las SEREMIS, las OLN en todas las comunas del pa\u00eds. En el caso de la regi\u00f3n de O\u2019Higgins, las 33 comunas ya cuentan con recursos para la ejecuci\u00f3n de las OLN, por lo que a fines de a\u00f1o; toda la regi\u00f3n contar\u00e1 con Oficinas Locales de la Ni\u00f1ez en cada comuna.<\/p>\n\n\n\n<p>Las OLN enfocar\u00e1n su trabajo en articular la oferta dirigida a ni\u00f1os, ni\u00f1as y adolescentes, especialmente la relacionada a los servicios sociales vinculados al Subsistema de Protecci\u00f3n Integral de la Infancia, Chile Crece M\u00e1s y la del Servicio Nacional de Protecci\u00f3n Especializada a la Ni\u00f1ez y Adolescencia, a trav\u00e9s de redes intersectoriales a nivel comunal.<\/p>\n\n\n\n<p>Cabe consignar que nueva Oficina Local de la Ni\u00f1ez de Las Cabras se encuentra ubicada en Av. John Kennedy N\u00b0360, mientras que la OLN de Malloa se encuentra emplazada en La Gloria N\u00b0 85.<\/p>\n","protected":false},"excerpt":{"rendered":"Con la puesta en marcha de estos nuevos espacios que buscan prevenir situaciones de riesgo y vulneraciones de&hellip;\n","protected":false},"author":1,"featured_media":8146,"comment_status":"open","ping_status":"open","sticky":false,"template":"","format":"standard","meta":{"_monsterinsights_skip_tracking":false,"_monsterinsights_sitenote_active":false,"_monsterinsights_sitenote_note":"","_monsterinsights_sitenote_category":0,"footnotes":""},"categories":[8],"tags":[],"class_list":{"0":"post-8140","1":"post","2":"type-post","3":"status-publish","4":"format-standard","5":"has-post-thumbnail","7":"category-portada"},"aioseo_notices":[],"_links":{"self":[{"href":"https:\/\/www.rengoenlanoticia.cl\/prensa\/wp-json\/wp\/v2\/posts\/8140","targetHints":{"allow":["GET"]}}],"collection":[{"href":"https:\/\/www.rengoenlanoticia.cl\/prensa\/wp-json\/wp\/v2\/posts"}],"about":[{"href":"https:\/\/www.rengoenlanoticia.cl\/prensa\/wp-json\/wp\/v2\/types\/post"}],"author":[{"embeddable":true,"href":"https:\/\/www.rengoenlanoticia.cl\/prensa\/wp-json\/wp\/v2\/users\/1"}],"replies":[{"embeddable":true,"href":"https:\/\/www.rengoenlanoticia.cl\/prensa\/wp-json\/wp\/v2\/comments?post=8140"}],"version-history":[{"count":3,"href":"https:\/\/www.rengoenlanoticia.cl\/prensa\/wp-json\/wp\/v2\/posts\/8140\/revisions"}],"predecessor-version":[{"id":8159,"href":"https:\/\/www.rengoenlanoticia.cl\/prensa\/wp-json\/wp\/v2\/posts\/8140\/revisions\/8159"}],"wp:featuredmedia":[{"embeddable":true,"href":"https:\/\/www.rengoenlanoticia.cl\/prensa\/wp-json\/wp\/v2\/media\/8146"}],"wp:attachment":[{"href":"https:\/\/www.rengoenlanoticia.cl\/prensa\/wp-json\/wp\/v2\/media?parent=8140"}],"wp:term":[{"taxonomy":"category","embeddable":true,"href":"https:\/\/www.rengoenlanoticia.cl\/prensa\/wp-json\/wp\/v2\/categories?post=8140"},{"taxonomy":"post_tag","embeddable":true,"href":"https:\/\/www.rengoenlanoticia.cl\/prensa\/wp-json\/wp\/v2\/tags?post=8140"}],"curies":[{"name":"wp","href":"https:\/\/api.w.org\/{rel}","templated":true}]}}