{"id":8107,"date":"2025-12-03T11:22:07","date_gmt":"2025-12-03T11:22:07","guid":{"rendered":"https:\/\/www.rengoenlanoticia.cl\/prensa\/?p=8107"},"modified":"2025-12-03T11:22:14","modified_gmt":"2025-12-03T11:22:14","slug":"senador-castro-resalta-rol-estrategico-de-los-radioaficionados-en-ohiggins-durante-la-v-feria-regional-realizada-en-rancagua","status":"publish","type":"post","link":"https:\/\/www.rengoenlanoticia.cl\/prensa\/2025\/12\/03\/senador-castro-resalta-rol-estrategico-de-los-radioaficionados-en-ohiggins-durante-la-v-feria-regional-realizada-en-rancagua\/","title":{"rendered":"Senador Castro resalta rol estrat\u00e9gico de los radioaficionados en O\u2019Higgins durante la V Feria Regional realizada en Rancagua"},"content":{"rendered":"\n<p><em>El encuentro reuni\u00f3 a agrupaciones de toda la regi\u00f3n, permitiendo el intercambio de conocimientos, exhibici\u00f3n de equipos, ejercicios radiales y promoci\u00f3n de nuevas vocaciones, fortaleciendo el sistema regional de comunicaciones alternativas en caso de emergencias.<\/em><\/p>\n\n\n\n<p>El senador Juan Luis Castro particip\u00f3 este fin de semana en la quinta versi\u00f3n de la feria de radioaficionados de Rancagua, instancia organizada por el Radio Club Rancagua CE4RG, que reuni\u00f3 a agrupaciones de toda la regi\u00f3n para promover el desarrollo de esta actividad y fortalecer su rol en situaciones de emergencia.<\/p>\n\n\n\n<p>La jornada, que congreg\u00f3 a los nueve radio clubes activos en la regi\u00f3n de O\u2019Higgins, permiti\u00f3 exhibir equipos, compartir experiencias y reforzar la labor comunitaria que cumplen estas organizaciones, especialmente en materia de protecci\u00f3n civil y comunicaciones de emergencia.<\/p>\n\n\n\n<p>Manuel Salgado, presidente del Radio Club Rancagua CE4RG, destac\u00f3 el crecimiento sostenido de la actividad en la regi\u00f3n. \u201cHace 10 a\u00f1os solo cubriamos el 10% de las comunas. Hoy podemos decir con orgullo que los radioaficionados est\u00e1n presentes en las 33 comunas de O\u2019Higgins, gracias a 15 a\u00f1os de capacitaci\u00f3n, educaci\u00f3n y trabajo constante\u201d.<\/p>\n\n\n\n<figure class=\"wp-block-image size-large\"><img loading=\"lazy\" decoding=\"async\" width=\"1024\" height=\"768\" src=\"https:\/\/www.rengoenlanoticia.cl\/prensa\/wp-content\/uploads\/2025\/12\/WhatsApp-Image-2025-12-02-at-09.34.05-1024x768.jpeg\" alt=\"\" class=\"wp-image-8122\" srcset=\"https:\/\/www.rengoenlanoticia.cl\/prensa\/wp-content\/uploads\/2025\/12\/WhatsApp-Image-2025-12-02-at-09.34.05-1024x768.jpeg 1024w, https:\/\/www.rengoenlanoticia.cl\/prensa\/wp-content\/uploads\/2025\/12\/WhatsApp-Image-2025-12-02-at-09.34.05-300x225.jpeg 300w, https:\/\/www.rengoenlanoticia.cl\/prensa\/wp-content\/uploads\/2025\/12\/WhatsApp-Image-2025-12-02-at-09.34.05-768x576.jpeg 768w, https:\/\/www.rengoenlanoticia.cl\/prensa\/wp-content\/uploads\/2025\/12\/WhatsApp-Image-2025-12-02-at-09.34.05-1536x1152.jpeg 1536w, https:\/\/www.rengoenlanoticia.cl\/prensa\/wp-content\/uploads\/2025\/12\/WhatsApp-Image-2025-12-02-at-09.34.05-110x83.jpeg 110w, https:\/\/www.rengoenlanoticia.cl\/prensa\/wp-content\/uploads\/2025\/12\/WhatsApp-Image-2025-12-02-at-09.34.05-200x150.jpeg 200w, https:\/\/www.rengoenlanoticia.cl\/prensa\/wp-content\/uploads\/2025\/12\/WhatsApp-Image-2025-12-02-at-09.34.05-380x285.jpeg 380w, https:\/\/www.rengoenlanoticia.cl\/prensa\/wp-content\/uploads\/2025\/12\/WhatsApp-Image-2025-12-02-at-09.34.05-255x191.jpeg 255w, https:\/\/www.rengoenlanoticia.cl\/prensa\/wp-content\/uploads\/2025\/12\/WhatsApp-Image-2025-12-02-at-09.34.05-550x413.jpeg 550w, https:\/\/www.rengoenlanoticia.cl\/prensa\/wp-content\/uploads\/2025\/12\/WhatsApp-Image-2025-12-02-at-09.34.05-800x600.jpeg 800w, https:\/\/www.rengoenlanoticia.cl\/prensa\/wp-content\/uploads\/2025\/12\/WhatsApp-Image-2025-12-02-at-09.34.05-1160x870.jpeg 1160w, https:\/\/www.rengoenlanoticia.cl\/prensa\/wp-content\/uploads\/2025\/12\/WhatsApp-Image-2025-12-02-at-09.34.05.jpeg 1600w\" sizes=\"auto, (max-width: 1024px) 100vw, 1024px\" \/><\/figure>\n\n\n\n<p>Actualmente, la regi\u00f3n cuenta con m\u00e1s de 300 radioaficionados activos y 27 socios solo en el club de Rancagua, adem\u00e1s de nueve radios clubes desde la costa a la cordillera. Salgado remarc\u00f3 que, pese al avance tecnol\u00f3gico, la radio afici\u00f3n sigue vigente. \u201cLa tecnolog\u00eda nos ha marginado un poco, pero seguimos creciendo. Este hobby est\u00e1 vivo\u201d.<\/p>\n\n\n\n<p>Por su parte, Rodrigo Sotomayor, dirigente del Radio Club Rancagua CE4RG , subray\u00f3 que la radioafici\u00f3n es mucho m\u00e1s que un pasatiempo. \u201cCuando ocurre un terremoto, un maremoto o incendios como los de a\u00f1os anteriores, lo primero que cae son las comunicaciones. Los radioaficionados nunca caemos. Siempre estamos disponibles para Senapred y para la comunidad\u201d.&nbsp;<\/p>\n\n\n\n<p>Record\u00f3 adem\u00e1s que estas organizaciones cuentan con un asiento formal en Senapred, lo que refuerza su rol como parte de las \u201cfuerzas vivas\u201d de la sociedad en emergencia y prevenci\u00f3n.<\/p>\n\n\n\n<p>El senador Juan Luis Castro, miembro de la Comisi\u00f3n de Transportes y Telecomunicaciones, valor\u00f3 el trabajo silencioso pero esencial que realizan estas agrupaciones, especialmente en escenarios de emergencia. \u201cLas cat\u00e1strofes han demostrado que la profec\u00eda de que esto mor\u00eda con la era digital fue falsa, al contrario, ha renacido, con nuevas variantes y formas de complementariedad. Los radioaficionados tienen hoy m\u00e1s vigencia que nunca\u201d.<\/p>\n\n\n\n<p>Castro anunci\u00f3 que solicitar\u00e1 una reuni\u00f3n con el subsecretario de Telecomunicaciones, Claudio Araya, para abordar la modernizaci\u00f3n del sistema de licencias, cuyo proceso de renovaci\u00f3n es una demanda urgente en el pa\u00eds. \u201cLa actividad est\u00e1 regulada por ley, pero requiere actualizaciones\u00bb.<\/p>\n\n\n\n<p>La presidenta del Radio Club Yankee Lima Chile&nbsp;CE4YLC,&nbsp;Leticia San Mart\u00edn, tambi\u00e9n particip\u00f3 del encuentro. \u201cSomos un hobby maravilloso, pero tambi\u00e9n una herramienta clave en cat\u00e1strofes. Desde ni\u00f1as de 10 a\u00f1os hasta adultas de todo el pa\u00eds, las mujeres estamos cada vez m\u00e1s presentes en este mundo\u201d<\/p>\n","protected":false},"excerpt":{"rendered":"El encuentro reuni\u00f3 a agrupaciones de toda la regi\u00f3n, permitiendo el intercambio de conocimientos, exhibici\u00f3n de equipos, ejercicios&hellip;\n","protected":false},"author":1,"featured_media":8123,"comment_status":"open","ping_status":"open","sticky":false,"template":"","format":"standard","meta":{"_monsterinsights_skip_tracking":false,"_monsterinsights_sitenote_active":false,"_monsterinsights_sitenote_note":"","_monsterinsights_sitenote_category":0,"footnotes":""},"categories":[11,8],"tags":[],"class_list":{"0":"post-8107","1":"post","2":"type-post","3":"status-publish","4":"format-standard","5":"has-post-thumbnail","7":"category-politica","8":"category-portada"},"aioseo_notices":[],"_links":{"self":[{"href":"https:\/\/www.rengoenlanoticia.cl\/prensa\/wp-json\/wp\/v2\/posts\/8107","targetHints":{"allow":["GET"]}}],"collection":[{"href":"https:\/\/www.rengoenlanoticia.cl\/prensa\/wp-json\/wp\/v2\/posts"}],"about":[{"href":"https:\/\/www.rengoenlanoticia.cl\/prensa\/wp-json\/wp\/v2\/types\/post"}],"author":[{"embeddable":true,"href":"https:\/\/www.rengoenlanoticia.cl\/prensa\/wp-json\/wp\/v2\/users\/1"}],"replies":[{"embeddable":true,"href":"https:\/\/www.rengoenlanoticia.cl\/prensa\/wp-json\/wp\/v2\/comments?post=8107"}],"version-history":[{"count":3,"href":"https:\/\/www.rengoenlanoticia.cl\/prensa\/wp-json\/wp\/v2\/posts\/8107\/revisions"}],"predecessor-version":[{"id":8138,"href":"https:\/\/www.rengoenlanoticia.cl\/prensa\/wp-json\/wp\/v2\/posts\/8107\/revisions\/8138"}],"wp:featuredmedia":[{"embeddable":true,"href":"https:\/\/www.rengoenlanoticia.cl\/prensa\/wp-json\/wp\/v2\/media\/8123"}],"wp:attachment":[{"href":"https:\/\/www.rengoenlanoticia.cl\/prensa\/wp-json\/wp\/v2\/media?parent=8107"}],"wp:term":[{"taxonomy":"category","embeddable":true,"href":"https:\/\/www.rengoenlanoticia.cl\/prensa\/wp-json\/wp\/v2\/categories?post=8107"},{"taxonomy":"post_tag","embeddable":true,"href":"https:\/\/www.rengoenlanoticia.cl\/prensa\/wp-json\/wp\/v2\/tags?post=8107"}],"curies":[{"name":"wp","href":"https:\/\/api.w.org\/{rel}","templated":true}]}}