{"id":8106,"date":"2025-12-03T11:21:56","date_gmt":"2025-12-03T11:21:56","guid":{"rendered":"https:\/\/www.rengoenlanoticia.cl\/prensa\/?p=8106"},"modified":"2025-12-03T11:22:01","modified_gmt":"2025-12-03T11:22:01","slug":"seremi-del-medio-ambiente-entrega-la-certificacion-ambiental-en-nivel-intermedio-a-la-municipalidad-de-san-fernando","status":"publish","type":"post","link":"https:\/\/www.rengoenlanoticia.cl\/prensa\/2025\/12\/03\/seremi-del-medio-ambiente-entrega-la-certificacion-ambiental-en-nivel-intermedio-a-la-municipalidad-de-san-fernando\/","title":{"rendered":"Seremi del Medio Ambiente entrega la certificaci\u00f3n ambiental en nivel intermedio a la Municipalidad de San Fernando"},"content":{"rendered":"\n<p><em>El municipio avanz\u00f3 al siguiente nivel en el Sistema de Certificaci\u00f3n Ambiental Municipal (SCAM) del Ministerio del Medio Ambiente. Este es un sistema\u00a0voluntario, que permite a los municipios instalarse en el territorio como una\u00a0instituci\u00f3n que integre el factor ambiental en todo su quehacer.<\/em><\/p>\n\n\n\n<p>El Seremi del Medio Ambiente, Diego Pe\u00f1aloza, lleg\u00f3 a la comuna de San Fernando para entregar un importante reconocimiento ambiental a la Municipalidad de San Fernando, quien avanz\u00f3 en el Sistema de Certificaci\u00f3n Ambiental Municipal (SCAM) obteniendo nivel Intermedio, iniciativa impulsada por el Ministerio del Medio Ambiente en todo el pa\u00eds.<\/p>\n\n\n\n<p>En el marco de la realizaci\u00f3n del Concejo Municipal, el jefe de la cartera de medioambiente en la regi\u00f3n de O\u00b4Higgins, entreg\u00f3 el diploma que oficializa la certificaci\u00f3n, actividad en la que estuvieron presentes concejales, equipos municipales y representante del Consejo Consultivo de Medio Ambiente de la Regi\u00f3n de O\u00b4Higgins.<\/p>\n\n\n\n<p>\u00abEs un gran avance para nuestra regi\u00f3n en materias medioambientales el que municipios, c\u00f3mo en este caso de la comuna de San Fernando, tomen parte en el llamado a la acci\u00f3n por un entorno mejor, lo cual se oficializa con nuestro Sistema de Certificaci\u00f3n Ambiental Municipal, el cual promueve el fortalecimiento de las labores ambientales en los territorios, fomentando la educaci\u00f3n ambiental, el reciclaje, la eficiencia energ\u00e9tica e h\u00eddrica y el involucramiento de las comunidades al cuidado del medio ambiente, lo cual trae beneficios para los vecinos y vecinas de las comunas certificadas y su biodiversidad\u00bb, sostuvo el Seremi del Medio Ambiente, Diego Pe\u00f1aloza.<\/p>\n\n\n\n<p>Por su parte, el Alcalde de San Fernando, Pablo Silva P\u00e9rez valor\u00f3 el reconocimiento, subrayando que se trata de un hito que impulsa nuevos desaf\u00edos. \u201cEsta certificaci\u00f3n demuestra el compromiso de nuestra administraci\u00f3n, donde junto al Concejo hemos impulsado diversas acciones en esta materia. Creemos que este reconocimiento no es un punto de llegada, sino un nuevo comienzo para seguir avanzando hacia una comuna m\u00e1s verde y sustentable\u201d, se\u00f1al\u00f3.<\/p>\n\n\n\n<p>Un municipio que est\u00e1 certificado ambientalmente recibe valiosas herramientas ambientales que les permite lograr empoderar a su unidad ambiental, impulsar la eficiencia h\u00eddrica y energ\u00e9tica en los recintos municipales, el fomento al reciclaje y la gesti\u00f3n de residuos, promueve la educaci\u00f3n ambiental en la ciudadan\u00eda, permitiendo, adem\u00e1s, que las municipalidades creen ordenanzas ambientales espec\u00edficas. Asimismo, el SCAM fortalece la gesti\u00f3n de denuncias y la fiscalizaci\u00f3n ambiental, teniendo un impacto positivo en las comunidades.<\/p>\n\n\n\n<p>Al obtener el nivel de certificaci\u00f3n intermedia, el municipio de San Fernando deber\u00e1 dise\u00f1ar sistemas y puesta en funcionamiento de proyectos pilotos, en el \u00e1rea del reciclaje, reducci\u00f3n, el ahorro h\u00eddrico y energ\u00e9tico; el funcionamiento permanente del Comit\u00e9 Ambiental Comunal y Comit\u00e9 Ambiental Municipal; dise\u00f1os de sistemas de participaci\u00f3n ambiental ciudadana; ordenanzas ambientales; Dise\u00f1o de sistema de denuncia ambiental; dise\u00f1o o redise\u00f1o de la unidad de Gesti\u00f3n Ambiental Local (GAL); y el cumplimiento de otros requisitos exigidos.<\/p>\n\n\n\n<p>La regi\u00f3n de O\u00b4Higgins cuenta actualmente con 18 municipios certificados ambientalmente formando parte del SCAM.<\/p>\n","protected":false},"excerpt":{"rendered":"El municipio avanz\u00f3 al siguiente nivel en el Sistema de Certificaci\u00f3n Ambiental Municipal (SCAM) del Ministerio del Medio&hellip;\n","protected":false},"author":1,"featured_media":8117,"comment_status":"open","ping_status":"open","sticky":false,"template":"","format":"standard","meta":{"_monsterinsights_skip_tracking":false,"_monsterinsights_sitenote_active":false,"_monsterinsights_sitenote_note":"","_monsterinsights_sitenote_category":0,"footnotes":""},"categories":[8],"tags":[],"class_list":{"0":"post-8106","1":"post","2":"type-post","3":"status-publish","4":"format-standard","5":"has-post-thumbnail","7":"category-portada"},"aioseo_notices":[],"_links":{"self":[{"href":"https:\/\/www.rengoenlanoticia.cl\/prensa\/wp-json\/wp\/v2\/posts\/8106","targetHints":{"allow":["GET"]}}],"collection":[{"href":"https:\/\/www.rengoenlanoticia.cl\/prensa\/wp-json\/wp\/v2\/posts"}],"about":[{"href":"https:\/\/www.rengoenlanoticia.cl\/prensa\/wp-json\/wp\/v2\/types\/post"}],"author":[{"embeddable":true,"href":"https:\/\/www.rengoenlanoticia.cl\/prensa\/wp-json\/wp\/v2\/users\/1"}],"replies":[{"embeddable":true,"href":"https:\/\/www.rengoenlanoticia.cl\/prensa\/wp-json\/wp\/v2\/comments?post=8106"}],"version-history":[{"count":3,"href":"https:\/\/www.rengoenlanoticia.cl\/prensa\/wp-json\/wp\/v2\/posts\/8106\/revisions"}],"predecessor-version":[{"id":8139,"href":"https:\/\/www.rengoenlanoticia.cl\/prensa\/wp-json\/wp\/v2\/posts\/8106\/revisions\/8139"}],"wp:featuredmedia":[{"embeddable":true,"href":"https:\/\/www.rengoenlanoticia.cl\/prensa\/wp-json\/wp\/v2\/media\/8117"}],"wp:attachment":[{"href":"https:\/\/www.rengoenlanoticia.cl\/prensa\/wp-json\/wp\/v2\/media?parent=8106"}],"wp:term":[{"taxonomy":"category","embeddable":true,"href":"https:\/\/www.rengoenlanoticia.cl\/prensa\/wp-json\/wp\/v2\/categories?post=8106"},{"taxonomy":"post_tag","embeddable":true,"href":"https:\/\/www.rengoenlanoticia.cl\/prensa\/wp-json\/wp\/v2\/tags?post=8106"}],"curies":[{"name":"wp","href":"https:\/\/api.w.org\/{rel}","templated":true}]}}