{"id":8105,"date":"2025-12-03T11:21:47","date_gmt":"2025-12-03T11:21:47","guid":{"rendered":"https:\/\/www.rengoenlanoticia.cl\/prensa\/?p=8105"},"modified":"2025-12-03T11:21:52","modified_gmt":"2025-12-03T11:21:52","slug":"santa-cruz-recibe-nuevo-proyecto-comunitario-que-recupera-espacios-y-suma-mas-de-200-arboles","status":"publish","type":"post","link":"https:\/\/www.rengoenlanoticia.cl\/prensa\/2025\/12\/03\/santa-cruz-recibe-nuevo-proyecto-comunitario-que-recupera-espacios-y-suma-mas-de-200-arboles\/","title":{"rendered":"Santa Cruz recibe nuevo Proyecto Comunitario que recupera espacios y suma m\u00e1s de 200 \u00e1rboles"},"content":{"rendered":"\n<p><strong>En esta oportunidad la comunidad beneficiada corresponde a la Villa Bicentenario IV, de la comuna de Santa Cruz.<\/strong><\/p>\n\n\n\n<p>Con la entrega de una p\u00e9rgola, bancas, basureros, nuevos juegos infantiles y la plantaci\u00f3n de m\u00e1s de 200 \u00e1rboles, se concret\u00f3 el segundo proyecto comunitario desarrollado en la Villa Bicentenario N\u00ba 4, en Santa Cruz. La iniciativa forma parte de un trabajo tripartito entre la Municipalidad de Santa Cruz, CONAF y la comunidad organizada, con una inversi\u00f3n de 10 millones de pesos del Gobierno.<\/p>\n\n\n\n<p>Durante la ceremonia, el representante de CONAF, \u00d3scar Galdames Flores, destac\u00f3 el aporte directo que este tipo de proyectos genera en la calidad de vida de los barrios. \u201cMuy contento, muy emocionado por la recepci\u00f3n que se ha tenido de parte de la comunidad, de los vecinos y vecinas. La importancia de esta actividad, en la cual hacemos entrega de una p\u00e9rgola, bancas, basureros y tambi\u00e9n la plantaci\u00f3n de m\u00e1s de 200 \u00e1rboles, junto con la instalaci\u00f3n de juegos para ni\u00f1os. Esta es una inversi\u00f3n de nuestro gobierno de 10 millones de pesos. En la anualidad tenemos dos proyectos y este es el segundo que entregamos esta semana; el anterior fue en la comuna de Malloa. Muy contento y agradecido de la disposici\u00f3n del alcalde, porque este es un compromiso tripartito entre el municipio, CONAF y los vecinos y vecinas de la Villa Bicentenario 4\u201d, afirm\u00f3.<\/p>\n\n\n\n<figure class=\"wp-block-image size-full\"><img loading=\"lazy\" decoding=\"async\" width=\"1024\" height=\"577\" src=\"https:\/\/www.rengoenlanoticia.cl\/prensa\/wp-content\/uploads\/2025\/12\/IMG_20251128_174422.jpg\" alt=\"\" class=\"wp-image-8115\" srcset=\"https:\/\/www.rengoenlanoticia.cl\/prensa\/wp-content\/uploads\/2025\/12\/IMG_20251128_174422.jpg 1024w, https:\/\/www.rengoenlanoticia.cl\/prensa\/wp-content\/uploads\/2025\/12\/IMG_20251128_174422-300x169.jpg 300w, https:\/\/www.rengoenlanoticia.cl\/prensa\/wp-content\/uploads\/2025\/12\/IMG_20251128_174422-768x433.jpg 768w, https:\/\/www.rengoenlanoticia.cl\/prensa\/wp-content\/uploads\/2025\/12\/IMG_20251128_174422-110x62.jpg 110w, https:\/\/www.rengoenlanoticia.cl\/prensa\/wp-content\/uploads\/2025\/12\/IMG_20251128_174422-200x113.jpg 200w, https:\/\/www.rengoenlanoticia.cl\/prensa\/wp-content\/uploads\/2025\/12\/IMG_20251128_174422-380x214.jpg 380w, https:\/\/www.rengoenlanoticia.cl\/prensa\/wp-content\/uploads\/2025\/12\/IMG_20251128_174422-255x144.jpg 255w, https:\/\/www.rengoenlanoticia.cl\/prensa\/wp-content\/uploads\/2025\/12\/IMG_20251128_174422-550x310.jpg 550w, https:\/\/www.rengoenlanoticia.cl\/prensa\/wp-content\/uploads\/2025\/12\/IMG_20251128_174422-800x451.jpg 800w\" sizes=\"auto, (max-width: 1024px) 100vw, 1024px\" \/><\/figure>\n\n\n\n<p>Por su parte, Lidia Maturana Lusso, presidenta de la Junta de Vecinos Villa Bicentenario 4, valor\u00f3 el acompa\u00f1amiento institucional y la participaci\u00f3n comunitaria. \u201cEstamos s\u00faper maravillados con la CONAF, agradecidos tambi\u00e9n con nuestros vecinos que nos han apoyado en este transcurso nuevo de nuestra vida y agradecer a nuestro alcalde que se ha preocupado y ha sido propulsor de nuestros avances. Muy hermoso, muy lindo, muchas gracias\u201d, se\u00f1al\u00f3.<\/p>\n\n\n\n<p>El alcalde de Santa Cruz, Yamil Ethit Romero, subray\u00f3 el avance que ha experimentado el sector gracias al trabajo conjunto. \u201cEstamos felices en la Villa Bicentenario 4 donde nos comprometimos junto a los vecinos a mejorar y recuperar espacios p\u00fablicos. Hoy vemos un sector con cierres perimetrales, juegos para ni\u00f1os, cierre de la sede, iluminaci\u00f3n, una c\u00e1mara de seguridad y un borde de r\u00edo que antes era un sitio eriazo, convertido hoy en un mini parque que, cuando los \u00e1rboles crezcan, dar\u00e1 una sombra hermosa a las familias. Vamos ganando espacios para los ni\u00f1os, para nuestros j\u00f3venes y para la familia santacruzana. Agradezco a la Direcci\u00f3n Regional de CONAF y a la Delegaci\u00f3n Presidencial Provincial de Colchagua, por haber priorizado y confiado en nuestra comuna. Aqu\u00ed se ven los resultados de un trabajo en equipo\u201d, destac\u00f3.<\/p>\n\n\n\n<p>Este proyecto comunitario busca fortalecer la identidad barrial, promover \u00e1reas verdes y mejorar la seguridad y habitabilidad de los espacios p\u00fablicos, fomentando la participaci\u00f3n de las vecinas y vecinos en su desarrollo y cuidado.<\/p>\n\n\n\n<p><\/p>\n","protected":false},"excerpt":{"rendered":"En esta oportunidad la comunidad beneficiada corresponde a la Villa Bicentenario IV, de la comuna de Santa Cruz.&hellip;\n","protected":false},"author":1,"featured_media":8116,"comment_status":"open","ping_status":"open","sticky":false,"template":"","format":"standard","meta":{"_monsterinsights_skip_tracking":false,"_monsterinsights_sitenote_active":false,"_monsterinsights_sitenote_note":"","_monsterinsights_sitenote_category":0,"footnotes":""},"categories":[8],"tags":[],"class_list":{"0":"post-8105","1":"post","2":"type-post","3":"status-publish","4":"format-standard","5":"has-post-thumbnail","7":"category-portada"},"aioseo_notices":[],"_links":{"self":[{"href":"https:\/\/www.rengoenlanoticia.cl\/prensa\/wp-json\/wp\/v2\/posts\/8105","targetHints":{"allow":["GET"]}}],"collection":[{"href":"https:\/\/www.rengoenlanoticia.cl\/prensa\/wp-json\/wp\/v2\/posts"}],"about":[{"href":"https:\/\/www.rengoenlanoticia.cl\/prensa\/wp-json\/wp\/v2\/types\/post"}],"author":[{"embeddable":true,"href":"https:\/\/www.rengoenlanoticia.cl\/prensa\/wp-json\/wp\/v2\/users\/1"}],"replies":[{"embeddable":true,"href":"https:\/\/www.rengoenlanoticia.cl\/prensa\/wp-json\/wp\/v2\/comments?post=8105"}],"version-history":[{"count":3,"href":"https:\/\/www.rengoenlanoticia.cl\/prensa\/wp-json\/wp\/v2\/posts\/8105\/revisions"}],"predecessor-version":[{"id":8137,"href":"https:\/\/www.rengoenlanoticia.cl\/prensa\/wp-json\/wp\/v2\/posts\/8105\/revisions\/8137"}],"wp:featuredmedia":[{"embeddable":true,"href":"https:\/\/www.rengoenlanoticia.cl\/prensa\/wp-json\/wp\/v2\/media\/8116"}],"wp:attachment":[{"href":"https:\/\/www.rengoenlanoticia.cl\/prensa\/wp-json\/wp\/v2\/media?parent=8105"}],"wp:term":[{"taxonomy":"category","embeddable":true,"href":"https:\/\/www.rengoenlanoticia.cl\/prensa\/wp-json\/wp\/v2\/categories?post=8105"},{"taxonomy":"post_tag","embeddable":true,"href":"https:\/\/www.rengoenlanoticia.cl\/prensa\/wp-json\/wp\/v2\/tags?post=8105"}],"curies":[{"name":"wp","href":"https:\/\/api.w.org\/{rel}","templated":true}]}}