{"id":8104,"date":"2025-12-03T11:21:38","date_gmt":"2025-12-03T11:21:38","guid":{"rendered":"https:\/\/www.rengoenlanoticia.cl\/prensa\/?p=8104"},"modified":"2025-12-03T11:21:43","modified_gmt":"2025-12-03T11:21:43","slug":"corrida-color-run-llena-de-energia-y-alegria-las-calles-de-peumo","status":"publish","type":"post","link":"https:\/\/www.rengoenlanoticia.cl\/prensa\/2025\/12\/03\/corrida-color-run-llena-de-energia-y-alegria-las-calles-de-peumo\/","title":{"rendered":"Corrida \u201cColor Run\u201d llena de energ\u00eda y alegr\u00eda las calles de Peumo"},"content":{"rendered":"\n<p>Agrupaciones locales y estudiantes de la comuna participaron activamente en la fiesta deportiva organizada por el Hospital de Peumo.<\/p>\n\n\n\n<p> La comuna de Peumo vivi\u00f3 una jornada llena de color, energ\u00eda y vida saludable con la realizaci\u00f3n de una nueva versi\u00f3n de la \u201cColor Run Peumo\u201d, actividad que reuni\u00f3 a estudiantes, j\u00f3venes, apoderados y adultos mayores en un ambiente recreativo y comunitario.<\/p>\n\n\n\n<p>La actividad, organizada por el Hospital de Peumo en conjunto con el municipio, tuvo como objetivo impulsar la pr\u00e1ctica deportiva, el bienestar f\u00edsico y la convivencia entre las familias de la comuna. El circuito urbano congreg\u00f3 a una amplia participaci\u00f3n de colegios y agrupaciones locales, generando un ambiente de entusiasmo y cooperaci\u00f3n.<\/p>\n\n\n\n<p>Al t\u00e9rmino de la corrida, que cont\u00f3 con la presencia del alcalde Ferm\u00edn Carre\u00f1o, y del director del Hospital de Peumo, Alex Pozo, se valor\u00f3 la masiva concurrencia, resaltando que la alta participaci\u00f3n lograda en esta edici\u00f3n demuestra el \u00e9xito de la jornada. \u201cContamos con m\u00e1s de cuatrocientos ni\u00f1os inscritos, un equipo desplegado por parte del Hospital del Salvador de Peumo y un proyecto con fuerte vinculaci\u00f3n comunitaria que integra el enfoque preventivo en la comunidad escolar. Ese fue el foco con el cual se planific\u00f3 esta actividad. La idea es que la salud mental y los problemas cardiovasculares tengan tambi\u00e9n una respuesta desde lo deportivo y desde la participaci\u00f3n ciudadana\u201d, destac\u00f3 Alex Pozo.<\/p>\n\n\n\n<p>Asimismo, agradeci\u00f3 a todos los equipos e instituciones involucradas, indicando que \u201cmis felicitaciones a todos los equipos, mi agradecimiento al alcalde, al Consejo Consultivo de Salud, a cada uno de los representantes que hicieron posible esto y, por cierto, tambi\u00e9n a los funcionarios que lo organizaron\u201d.<\/p>\n\n\n\n<p>Desde el Consejo Consultivo del Hospital de Peumo, su vicepresidenta, Mar\u00eda Alejandra Espinoza, destac\u00f3 el impacto de la jornada, comentando que \u201csolo agradecer la participaci\u00f3n de los colegios y agrupaciones en esta instancia deportiva. Es muy importante fomentar el deporte y la vida sana en nuestros ni\u00f1os y en la comunidad de Peumo\u201d.<\/p>\n\n\n\n<p>Uno de los establecimientos participantes fue el Colegio El Rosario. Su directora, Rosa Tobar, valor\u00f3 la invitaci\u00f3n y la motivaci\u00f3n de los estudiantes, ya que \u201cfue una instancia muy enriquecedora y participativa. Trajimos al segundo ciclo y hasta cuarto b\u00e1sico; nuestros ni\u00f1os estaban muy emocionados. Espero que estas actividades contin\u00faen, porque los distraen y les dan energ\u00eda en esta etapa final del a\u00f1o escolar\u201d.<\/p>\n\n\n\n<p>La jornada culmin\u00f3 con una entretenida \u201cfiesta de color\u201d, en la que los participantes celebraron entre m\u00fasica, polvos de colores y un ambiente de alegr\u00eda compartida. La actividad consolid\u00f3 una vez m\u00e1s a la Color Run Peumo como una de las grandes iniciativas el a\u00f1o.<\/p>\n","protected":false},"excerpt":{"rendered":"Agrupaciones locales y estudiantes de la comuna participaron activamente en la fiesta deportiva organizada por el Hospital de&hellip;\n","protected":false},"author":1,"featured_media":8110,"comment_status":"open","ping_status":"open","sticky":false,"template":"","format":"standard","meta":{"_monsterinsights_skip_tracking":false,"_monsterinsights_sitenote_active":false,"_monsterinsights_sitenote_note":"","_monsterinsights_sitenote_category":0,"footnotes":""},"categories":[8],"tags":[],"class_list":{"0":"post-8104","1":"post","2":"type-post","3":"status-publish","4":"format-standard","5":"has-post-thumbnail","7":"category-portada"},"aioseo_notices":[],"_links":{"self":[{"href":"https:\/\/www.rengoenlanoticia.cl\/prensa\/wp-json\/wp\/v2\/posts\/8104","targetHints":{"allow":["GET"]}}],"collection":[{"href":"https:\/\/www.rengoenlanoticia.cl\/prensa\/wp-json\/wp\/v2\/posts"}],"about":[{"href":"https:\/\/www.rengoenlanoticia.cl\/prensa\/wp-json\/wp\/v2\/types\/post"}],"author":[{"embeddable":true,"href":"https:\/\/www.rengoenlanoticia.cl\/prensa\/wp-json\/wp\/v2\/users\/1"}],"replies":[{"embeddable":true,"href":"https:\/\/www.rengoenlanoticia.cl\/prensa\/wp-json\/wp\/v2\/comments?post=8104"}],"version-history":[{"count":3,"href":"https:\/\/www.rengoenlanoticia.cl\/prensa\/wp-json\/wp\/v2\/posts\/8104\/revisions"}],"predecessor-version":[{"id":8136,"href":"https:\/\/www.rengoenlanoticia.cl\/prensa\/wp-json\/wp\/v2\/posts\/8104\/revisions\/8136"}],"wp:featuredmedia":[{"embeddable":true,"href":"https:\/\/www.rengoenlanoticia.cl\/prensa\/wp-json\/wp\/v2\/media\/8110"}],"wp:attachment":[{"href":"https:\/\/www.rengoenlanoticia.cl\/prensa\/wp-json\/wp\/v2\/media?parent=8104"}],"wp:term":[{"taxonomy":"category","embeddable":true,"href":"https:\/\/www.rengoenlanoticia.cl\/prensa\/wp-json\/wp\/v2\/categories?post=8104"},{"taxonomy":"post_tag","embeddable":true,"href":"https:\/\/www.rengoenlanoticia.cl\/prensa\/wp-json\/wp\/v2\/tags?post=8104"}],"curies":[{"name":"wp","href":"https:\/\/api.w.org\/{rel}","templated":true}]}}