{"id":8103,"date":"2025-12-03T10:37:37","date_gmt":"2025-12-03T10:37:37","guid":{"rendered":"https:\/\/www.rengoenlanoticia.cl\/prensa\/?p=8103"},"modified":"2025-12-03T11:21:34","modified_gmt":"2025-12-03T11:21:34","slug":"delincuencia-y-el-riesgo-de-estres-postraumatico-en-ninos","status":"publish","type":"post","link":"https:\/\/www.rengoenlanoticia.cl\/prensa\/2025\/12\/03\/delincuencia-y-el-riesgo-de-estres-postraumatico-en-ninos\/","title":{"rendered":"Delincuencia y el riesgo de estr\u00e9s postraum\u00e1tico en ni\u00f1os"},"content":{"rendered":"\n<p>La exposici\u00f3n de ni\u00f1os y adolescentes a hechos de violencia en la comunidad, como asaltos con armas, portonazos o balaceras, se ha tornado frecuente en los \u00faltimos a\u00f1os. La evidencia acumulada, nos muestra de manera consistente que presenciar eventos violentos incrementa significativamente el riesgo de estr\u00e9s postraum\u00e1tico, ansiedad, depresi\u00f3n, trastornos del sue\u00f1o y dificultades en la regulaci\u00f3n emocional, siendo especialmente importante en la persistencia de los s\u00edntomas, el nivel de estr\u00e9s percibido por el ni\u00f1o durante y despu\u00e9s del evento.<\/p>\n\n\n\n<p>Desde el punto de vista neurobiol\u00f3gico, la exposici\u00f3n a la violencia activa los sistemas de respuesta al estr\u00e9s, en particular el eje am\u00edgdala\u2013hipot\u00e1lamo\u2013hip\u00f3fisis\u2013adrenal. En los cerebros en desarrollo de ni\u00f1os y adolescentes, esta hiperactivaci\u00f3n sostenida puede alterar la modulaci\u00f3n del miedo, la atenci\u00f3n y la memoria, favoreciendo estados de hipervigilancia, reexperimentaci\u00f3n y evitaci\u00f3n.&nbsp; Esto explica por qu\u00e9 muchos ni\u00f1os presentan pesadillas, retraimiento social o conductas regresivas incluso semanas despu\u00e9s del evento.<\/p>\n\n\n\n<p>Desde el punto de vista ecol\u00f3gico, la literatura se\u00f1ala que la violencia comunitaria debe entenderse como un factor de riesgo transversal para el desarrollo de psicopatolog\u00eda.&nbsp; Los ni\u00f1os que crecen en entornos altamente inseguros muestran mayor prevalencia de trastornos ansiosos, s\u00edntomas depresivos, conductas externalizantes y dificultades en el rendimiento escolar. A largo plazo, esto facilita trayectorias de mayor vulnerabilidad psicosocial.&nbsp; Enfrentarse a esto, implica necesariamente el desarrollo de pol\u00edticas p\u00fablicas que aborden la exposici\u00f3n a estas situaciones.&nbsp;&nbsp;&nbsp; A nivel familiar, el actuar de los adultos, tanto padres como figuras cercanas, es fundamental para modular el impacto sobre el ni\u00f1o.&nbsp; En este sentido, tanto minimizar la situaci\u00f3n e invalidar al ni\u00f1o, como sostener un relato alarmante, incrementan el riesgo de cronificaci\u00f3n de los s\u00edntomas. En contraste, la presencia de adultos disponibles, capaces de escuchar y de explicar lo ocurrido con un lenguaje acorde a la edad, generan un espacio de validaci\u00f3n, que protege contra la persistencia del cuadro.&nbsp;<\/p>\n\n\n\n<p>Es importante tener una mirada preventiva, por lo que se recomienda hablar de seguridad: ense\u00f1ar a pedir ayuda, a reconocer figuras seguras y a comunicar lo vivido sin verg\u00fcenza, entregando mensajes claros, concretos y centrados en conductas de autocuidado.&nbsp; Esto fortalece la sensaci\u00f3n de control percibido por el ni\u00f1o, una de las variables psicol\u00f3gicas m\u00e1s relevantes en la prevenci\u00f3n de psicopatolog\u00eda relacionada al trauma.&nbsp; Por otra parte, es importante evitar la sobreprotecci\u00f3n, dado que construye una visi\u00f3n del mundo como un lugar permanentemente peligroso, lo que se asocia a mayor ansiedad.&nbsp; En suma, evitar la psicopatolog\u00eda en ni\u00f1os expuesto a situaciones de violencia, depende, al menos en parte, de la capacidad de los adultos para regular su propio miedo, ofrecer contenci\u00f3n emocional y operar como reguladores externos de la experiencia traum\u00e1tica.<\/p>\n\n\n\n<p class=\"has-text-align-center\">Alfonso Plasencio Sanhueza<\/p>\n\n\n\n<p class=\"has-text-align-center\">Psiquiatra infantil<\/p>\n\n\n\n<p class=\"has-text-align-center\">Acad\u00e9mico de Psicolog\u00eda UNAB<\/p>\n","protected":false},"excerpt":{"rendered":"La exposici\u00f3n de ni\u00f1os y adolescentes a hechos de violencia en la comunidad, como asaltos con armas, portonazos&hellip;\n","protected":false},"author":1,"featured_media":8109,"comment_status":"open","ping_status":"open","sticky":false,"template":"","format":"standard","meta":{"_monsterinsights_skip_tracking":false,"_monsterinsights_sitenote_active":false,"_monsterinsights_sitenote_note":"","_monsterinsights_sitenote_category":0,"footnotes":""},"categories":[8],"tags":[],"class_list":{"0":"post-8103","1":"post","2":"type-post","3":"status-publish","4":"format-standard","5":"has-post-thumbnail","7":"category-portada"},"aioseo_notices":[],"_links":{"self":[{"href":"https:\/\/www.rengoenlanoticia.cl\/prensa\/wp-json\/wp\/v2\/posts\/8103","targetHints":{"allow":["GET"]}}],"collection":[{"href":"https:\/\/www.rengoenlanoticia.cl\/prensa\/wp-json\/wp\/v2\/posts"}],"about":[{"href":"https:\/\/www.rengoenlanoticia.cl\/prensa\/wp-json\/wp\/v2\/types\/post"}],"author":[{"embeddable":true,"href":"https:\/\/www.rengoenlanoticia.cl\/prensa\/wp-json\/wp\/v2\/users\/1"}],"replies":[{"embeddable":true,"href":"https:\/\/www.rengoenlanoticia.cl\/prensa\/wp-json\/wp\/v2\/comments?post=8103"}],"version-history":[{"count":3,"href":"https:\/\/www.rengoenlanoticia.cl\/prensa\/wp-json\/wp\/v2\/posts\/8103\/revisions"}],"predecessor-version":[{"id":8135,"href":"https:\/\/www.rengoenlanoticia.cl\/prensa\/wp-json\/wp\/v2\/posts\/8103\/revisions\/8135"}],"wp:featuredmedia":[{"embeddable":true,"href":"https:\/\/www.rengoenlanoticia.cl\/prensa\/wp-json\/wp\/v2\/media\/8109"}],"wp:attachment":[{"href":"https:\/\/www.rengoenlanoticia.cl\/prensa\/wp-json\/wp\/v2\/media?parent=8103"}],"wp:term":[{"taxonomy":"category","embeddable":true,"href":"https:\/\/www.rengoenlanoticia.cl\/prensa\/wp-json\/wp\/v2\/categories?post=8103"},{"taxonomy":"post_tag","embeddable":true,"href":"https:\/\/www.rengoenlanoticia.cl\/prensa\/wp-json\/wp\/v2\/tags?post=8103"}],"curies":[{"name":"wp","href":"https:\/\/api.w.org\/{rel}","templated":true}]}}