{"id":810,"date":"2025-01-08T22:53:41","date_gmt":"2025-01-08T22:53:41","guid":{"rendered":"https:\/\/www.rengoenlanoticia.cl\/prensa\/?p=810"},"modified":"2025-01-08T23:13:06","modified_gmt":"2025-01-08T23:13:06","slug":"diputado-raul-soto-destaca-aprobacion-de-la-reparacion-de-la-deuda-historica-de-profesores-jubilados-de-chile","status":"publish","type":"post","link":"https:\/\/www.rengoenlanoticia.cl\/prensa\/2025\/01\/08\/diputado-raul-soto-destaca-aprobacion-de-la-reparacion-de-la-deuda-historica-de-profesores-jubilados-de-chile\/","title":{"rendered":"Diputado Ra\u00fal Soto destaca aprobaci\u00f3n de la reparaci\u00f3n de la deuda hist\u00f3rica de profesores jubilados de Chile."},"content":{"rendered":"\n<p>Hoy aprobamos la iniciativa en la C\u00e1mara de Diputados en reconocimiento a la labor docente tan importante en nuestra sociedad, por las d\u00e9cadas de lucha de las profesoras y profesores jubilados, por quienes fallecieron en el camino esperando este momento, una reparaci\u00f3n pendiende hace muchos a\u00f1os que viene a hacer justicia con miles de docentes jubilados y sus familias.<\/p>\n\n\n\n<p>Esperamos ahora la aprobaci\u00f3n en el Senado y que se mejore la iniciativa para que se pague lo antes posible y por la totalidad de lo comprometido a cada uno de ellos.<\/p>\n","protected":false},"excerpt":{"rendered":"Hoy aprobamos la iniciativa en la C\u00e1mara de Diputados en reconocimiento a la labor docente tan importante en&hellip;\n","protected":false},"author":1,"featured_media":0,"comment_status":"open","ping_status":"open","sticky":false,"template":"","format":"standard","meta":{"_monsterinsights_skip_tracking":false,"_monsterinsights_sitenote_active":false,"_monsterinsights_sitenote_note":"","_monsterinsights_sitenote_category":0,"footnotes":""},"categories":[11],"tags":[],"class_list":{"0":"post-810","1":"post","2":"type-post","3":"status-publish","4":"format-standard","6":"category-politica"},"aioseo_notices":[],"_links":{"self":[{"href":"https:\/\/www.rengoenlanoticia.cl\/prensa\/wp-json\/wp\/v2\/posts\/810","targetHints":{"allow":["GET"]}}],"collection":[{"href":"https:\/\/www.rengoenlanoticia.cl\/prensa\/wp-json\/wp\/v2\/posts"}],"about":[{"href":"https:\/\/www.rengoenlanoticia.cl\/prensa\/wp-json\/wp\/v2\/types\/post"}],"author":[{"embeddable":true,"href":"https:\/\/www.rengoenlanoticia.cl\/prensa\/wp-json\/wp\/v2\/users\/1"}],"replies":[{"embeddable":true,"href":"https:\/\/www.rengoenlanoticia.cl\/prensa\/wp-json\/wp\/v2\/comments?post=810"}],"version-history":[{"count":2,"href":"https:\/\/www.rengoenlanoticia.cl\/prensa\/wp-json\/wp\/v2\/posts\/810\/revisions"}],"predecessor-version":[{"id":854,"href":"https:\/\/www.rengoenlanoticia.cl\/prensa\/wp-json\/wp\/v2\/posts\/810\/revisions\/854"}],"wp:attachment":[{"href":"https:\/\/www.rengoenlanoticia.cl\/prensa\/wp-json\/wp\/v2\/media?parent=810"}],"wp:term":[{"taxonomy":"category","embeddable":true,"href":"https:\/\/www.rengoenlanoticia.cl\/prensa\/wp-json\/wp\/v2\/categories?post=810"},{"taxonomy":"post_tag","embeddable":true,"href":"https:\/\/www.rengoenlanoticia.cl\/prensa\/wp-json\/wp\/v2\/tags?post=810"}],"curies":[{"name":"wp","href":"https:\/\/api.w.org\/{rel}","templated":true}]}}