{"id":8099,"date":"2025-12-02T01:25:15","date_gmt":"2025-12-02T01:25:15","guid":{"rendered":"https:\/\/www.rengoenlanoticia.cl\/prensa\/?p=8099"},"modified":"2025-12-02T01:25:39","modified_gmt":"2025-12-02T01:25:39","slug":"diputada-natalia-romero-celebra-que-el-sensor-de-glucosa-ya-es-parte-del-ges-seguiremos-trabajando-para-que-llegue-a-mas-familias-con-diabetes","status":"publish","type":"post","link":"https:\/\/www.rengoenlanoticia.cl\/prensa\/2025\/12\/02\/diputada-natalia-romero-celebra-que-el-sensor-de-glucosa-ya-es-parte-del-ges-seguiremos-trabajando-para-que-llegue-a-mas-familias-con-diabetes\/","title":{"rendered":"Diputada Natalia Romero celebra que el sensor de glucosa ya es parte del GES: \u00abSeguiremos trabajando para que llegue a m\u00e1s familias con diabetes\u201d"},"content":{"rendered":"\n<p>El nuevo beneficio del GES para menores de 18 a\u00f1os y embarazadas comenzar\u00e1 a regir este 1 de diciembre.<\/p>\n\n\n\n<p>Ya qued\u00f3 oficialmente publicado en el Diario Oficial el decreto que incorpora el sensor de monitoreo continuo de glucosa (MCG) al r\u00e9gimen de Garant\u00edas Expl\u00edcitas en Salud (GES), beneficiando a menores de 18 a\u00f1os y a mujeres embarazadas que viven con diabetes. Con esta publicaci\u00f3n, el beneficio entrar\u00e1 en vigencia este 1 de diciembre, marcando un hito largamente esperado por miles de familias y organizaciones que impulsaron esta causa.<\/p>\n\n\n\n<p>La diputada Natalia Romero, una de las principales impulsoras de esta iniciativa en el Congreso junto a agrupaciones de Rengo y Rancagua, celebr\u00f3 la noticia y destac\u00f3 que se trata de un avance significativo construido a partir de a\u00f1os de trabajo legislativo y de coordinaci\u00f3n con agrupaciones de pacientes.<\/p>\n\n\n\n<p>\u201cHoy podemos decir con orgullo que el sensor de glucosa en el GES ya es una realidad. Ayer se public\u00f3 oficialmente en el Diario Oficial, y con ello comienza una nueva etapa para miles de ni\u00f1os, ni\u00f1as y mujeres embarazadas que por fin tendr\u00e1n acceso a esta tecnolog\u00eda sin que el costo sea una barrera. Es un enorme paso adelante y demuestra todo el trabajo incansable que realizamos desde el Congreso junto a las organizaciones de pacientes\u201d, se\u00f1al\u00f3 la parlamentaria.<\/p>\n\n\n\n<p>La parlamentaria enfatiz\u00f3 que esta medida representa un alivio concreto para las familias, especialmente considerando que el monitoreo continuo de glucosa tiene un costo anual que supera ampliamente el mill\u00f3n de pesos. \u201cPara much\u00edsimas familias, sostener el tratamiento era un sacrificio econ\u00f3mico gigantesco. Con esta incorporaci\u00f3n al GES, damos un respiro y garantizamos un mejor control de la enfermedad, evitando complicaciones y mejorando la calidad de vida de quienes dependen de este dispositivo\u201d, destac\u00f3.<\/p>\n\n\n\n<p>Sin embargo, la diputada fue clara en que esta victoria no marca el fin de su trabajo en esta materia. \u201cEste es un gran logro, pero no es el final del camino. Mi compromiso es seguir trabajando para que este beneficio llegue a m\u00e1s personas. El sensor de glucosa debe ser una realidad para todos los pacientes con diabetes, porque nadie deber\u00eda quedar fuera de un tratamiento que puede evitar riesgos graves y salvar vidas\u201d, afirm\u00f3.<\/p>\n\n\n\n<p>La diputada Romero a\u00f1adi\u00f3 que continuar\u00e1 impulsando iniciativas para ampliar la cobertura y record\u00f3 que la reciente publicaci\u00f3n es el resultado de un esfuerzo colectivo. \u201cEste avance no habr\u00eda sido posible sin la fuerza de las familias, las agrupaciones y los pacientes que nunca bajaron los brazos. Hoy celebramos un hito hist\u00f3rico, y seguiremos empujando para que m\u00e1s hogares puedan acceder a este derecho\u201d.<\/p>\n\n\n\n<p>Con la publicaci\u00f3n del decreto en el Diario Oficial, el nuevo beneficio del GES para menores de 18 a\u00f1os y embarazadas comenzar\u00e1 a regir este 1 de diciembre, dando inicio a un cambio esperado durante a\u00f1os por miles de personas en el pa\u00eds.<\/p>\n","protected":false},"excerpt":{"rendered":"El nuevo beneficio del GES para menores de 18 a\u00f1os y embarazadas comenzar\u00e1 a regir este 1 de&hellip;\n","protected":false},"author":1,"featured_media":8100,"comment_status":"open","ping_status":"open","sticky":false,"template":"","format":"standard","meta":{"_monsterinsights_skip_tracking":false,"_monsterinsights_sitenote_active":false,"_monsterinsights_sitenote_note":"","_monsterinsights_sitenote_category":0,"footnotes":""},"categories":[8],"tags":[],"class_list":{"0":"post-8099","1":"post","2":"type-post","3":"status-publish","4":"format-standard","5":"has-post-thumbnail","7":"category-portada"},"aioseo_notices":[],"_links":{"self":[{"href":"https:\/\/www.rengoenlanoticia.cl\/prensa\/wp-json\/wp\/v2\/posts\/8099","targetHints":{"allow":["GET"]}}],"collection":[{"href":"https:\/\/www.rengoenlanoticia.cl\/prensa\/wp-json\/wp\/v2\/posts"}],"about":[{"href":"https:\/\/www.rengoenlanoticia.cl\/prensa\/wp-json\/wp\/v2\/types\/post"}],"author":[{"embeddable":true,"href":"https:\/\/www.rengoenlanoticia.cl\/prensa\/wp-json\/wp\/v2\/users\/1"}],"replies":[{"embeddable":true,"href":"https:\/\/www.rengoenlanoticia.cl\/prensa\/wp-json\/wp\/v2\/comments?post=8099"}],"version-history":[{"count":2,"href":"https:\/\/www.rengoenlanoticia.cl\/prensa\/wp-json\/wp\/v2\/posts\/8099\/revisions"}],"predecessor-version":[{"id":8102,"href":"https:\/\/www.rengoenlanoticia.cl\/prensa\/wp-json\/wp\/v2\/posts\/8099\/revisions\/8102"}],"wp:featuredmedia":[{"embeddable":true,"href":"https:\/\/www.rengoenlanoticia.cl\/prensa\/wp-json\/wp\/v2\/media\/8100"}],"wp:attachment":[{"href":"https:\/\/www.rengoenlanoticia.cl\/prensa\/wp-json\/wp\/v2\/media?parent=8099"}],"wp:term":[{"taxonomy":"category","embeddable":true,"href":"https:\/\/www.rengoenlanoticia.cl\/prensa\/wp-json\/wp\/v2\/categories?post=8099"},{"taxonomy":"post_tag","embeddable":true,"href":"https:\/\/www.rengoenlanoticia.cl\/prensa\/wp-json\/wp\/v2\/tags?post=8099"}],"curies":[{"name":"wp","href":"https:\/\/api.w.org\/{rel}","templated":true}]}}