{"id":809,"date":"2025-01-08T22:08:24","date_gmt":"2025-01-08T22:08:24","guid":{"rendered":"https:\/\/www.rengoenlanoticia.cl\/prensa\/?p=809"},"modified":"2025-01-08T22:08:26","modified_gmt":"2025-01-08T22:08:26","slug":"sebv-rancaguacarabineros-detiene-a-hombre-que-durante-2-576-dias-estuvo-profugo-de-la-justicia","status":"publish","type":"post","link":"https:\/\/www.rengoenlanoticia.cl\/prensa\/2025\/01\/08\/sebv-rancaguacarabineros-detiene-a-hombre-que-durante-2-576-dias-estuvo-profugo-de-la-justicia\/","title":{"rendered":"SEBV Rancagua:Carabineros detiene a hombre que durante 2.576 d\u00edas estuvo pr\u00f3fugo de la justicia"},"content":{"rendered":"\n<p>En horas de esta tarde, Carabineros de la Secci\u00f3n de Encargo y B\u00fasqueda de Veh\u00edculos y Personas, SEBV Rancagua, dio con el paradero de un hombre adulto de 61 a\u00f1os, chileno, que se mantuvo pr\u00f3fugo de la justicia por 2.576 d\u00edas.<br>Desde el 20 de diciembre de 2017, la persona identificada como A.H.A.B chileno registraba una orden de detenci\u00f3n vigente del Juzgado de Garant\u00eda de Rancagua por el delito de Amenazas simples contra las personas y la propiedad, por lo cual Carabineros del SEBV aplicando diversas estrategias de b\u00fasqueda de su especialidad desarrollaron diligencias investigativas para dar con su paradero, logrando ubicarlo en un inmueble en el sector de Av. Vi\u00f1a del Mar de Rancagua.<br>El individuo pasar\u00e1 a control de detenci\u00f3n durante la ma\u00f1ana del jueves 9 de enero de 2025.<\/p>\n","protected":false},"excerpt":{"rendered":"En horas de esta tarde, Carabineros de la Secci\u00f3n de Encargo y B\u00fasqueda de Veh\u00edculos y Personas, SEBV&hellip;\n","protected":false},"author":2,"featured_media":0,"comment_status":"open","ping_status":"open","sticky":false,"template":"","format":"standard","meta":{"_monsterinsights_skip_tracking":false,"_monsterinsights_sitenote_active":false,"_monsterinsights_sitenote_note":"","_monsterinsights_sitenote_category":0,"footnotes":""},"categories":[5],"tags":[],"class_list":{"0":"post-809","1":"post","2":"type-post","3":"status-publish","4":"format-standard","6":"category-policial"},"aioseo_notices":[],"_links":{"self":[{"href":"https:\/\/www.rengoenlanoticia.cl\/prensa\/wp-json\/wp\/v2\/posts\/809","targetHints":{"allow":["GET"]}}],"collection":[{"href":"https:\/\/www.rengoenlanoticia.cl\/prensa\/wp-json\/wp\/v2\/posts"}],"about":[{"href":"https:\/\/www.rengoenlanoticia.cl\/prensa\/wp-json\/wp\/v2\/types\/post"}],"author":[{"embeddable":true,"href":"https:\/\/www.rengoenlanoticia.cl\/prensa\/wp-json\/wp\/v2\/users\/2"}],"replies":[{"embeddable":true,"href":"https:\/\/www.rengoenlanoticia.cl\/prensa\/wp-json\/wp\/v2\/comments?post=809"}],"version-history":[{"count":2,"href":"https:\/\/www.rengoenlanoticia.cl\/prensa\/wp-json\/wp\/v2\/posts\/809\/revisions"}],"predecessor-version":[{"id":816,"href":"https:\/\/www.rengoenlanoticia.cl\/prensa\/wp-json\/wp\/v2\/posts\/809\/revisions\/816"}],"wp:attachment":[{"href":"https:\/\/www.rengoenlanoticia.cl\/prensa\/wp-json\/wp\/v2\/media?parent=809"}],"wp:term":[{"taxonomy":"category","embeddable":true,"href":"https:\/\/www.rengoenlanoticia.cl\/prensa\/wp-json\/wp\/v2\/categories?post=809"},{"taxonomy":"post_tag","embeddable":true,"href":"https:\/\/www.rengoenlanoticia.cl\/prensa\/wp-json\/wp\/v2\/tags?post=809"}],"curies":[{"name":"wp","href":"https:\/\/api.w.org\/{rel}","templated":true}]}}