{"id":8054,"date":"2025-12-02T01:03:41","date_gmt":"2025-12-02T01:03:41","guid":{"rendered":"https:\/\/www.rengoenlanoticia.cl\/prensa\/?p=8054"},"modified":"2025-12-02T01:03:44","modified_gmt":"2025-12-02T01:03:44","slug":"malloa-conaf-inaugura-proyecto-comunitario-que-mejora-la-calidad-de-vida-de-sector-santa-ines","status":"publish","type":"post","link":"https:\/\/www.rengoenlanoticia.cl\/prensa\/2025\/12\/02\/malloa-conaf-inaugura-proyecto-comunitario-que-mejora-la-calidad-de-vida-de-sector-santa-ines\/","title":{"rendered":"Malloa: CONAF inaugura Proyecto Comunitario que mejora la calidad de vida de sector Santa In\u00e9s"},"content":{"rendered":"\n<p><strong>En la comuna de Malloa, se recuper\u00f3 un sitio eriazo que se convirti\u00f3 en una plaza a un costado de la sede vecinal.<\/strong><\/p>\n\n\n\n<p>En el sector Santa In\u00e9s de la comuna de Malloa se inaugur\u00f3 un Proyecto Comunitario de CONAF que permitir\u00e1 contribuir al mejoramiento de la calidad de vida del vecindario, a trav\u00e9s del incremento de \u00e1rboles y la implementaci\u00f3n de infraestructura comunitaria sustentable, que fomente espacios p\u00fablicos m\u00e1s verdes, seguros y accesibles para toda la comunidad, en lo que antes era un sitio eriazo a un costado de la sede vecinal.<\/p>\n\n\n\n<figure class=\"wp-block-image size-large\"><img loading=\"lazy\" decoding=\"async\" width=\"1024\" height=\"577\" src=\"https:\/\/www.rengoenlanoticia.cl\/prensa\/wp-content\/uploads\/2025\/12\/Proyecto-Comunitario-Malloa-2-1024x577.jpeg\" alt=\"\" class=\"wp-image-8079\" srcset=\"https:\/\/www.rengoenlanoticia.cl\/prensa\/wp-content\/uploads\/2025\/12\/Proyecto-Comunitario-Malloa-2-1024x577.jpeg 1024w, https:\/\/www.rengoenlanoticia.cl\/prensa\/wp-content\/uploads\/2025\/12\/Proyecto-Comunitario-Malloa-2-300x169.jpeg 300w, https:\/\/www.rengoenlanoticia.cl\/prensa\/wp-content\/uploads\/2025\/12\/Proyecto-Comunitario-Malloa-2-768x433.jpeg 768w, https:\/\/www.rengoenlanoticia.cl\/prensa\/wp-content\/uploads\/2025\/12\/Proyecto-Comunitario-Malloa-2-110x62.jpeg 110w, https:\/\/www.rengoenlanoticia.cl\/prensa\/wp-content\/uploads\/2025\/12\/Proyecto-Comunitario-Malloa-2-200x113.jpeg 200w, https:\/\/www.rengoenlanoticia.cl\/prensa\/wp-content\/uploads\/2025\/12\/Proyecto-Comunitario-Malloa-2-380x214.jpeg 380w, https:\/\/www.rengoenlanoticia.cl\/prensa\/wp-content\/uploads\/2025\/12\/Proyecto-Comunitario-Malloa-2-255x144.jpeg 255w, https:\/\/www.rengoenlanoticia.cl\/prensa\/wp-content\/uploads\/2025\/12\/Proyecto-Comunitario-Malloa-2-550x310.jpeg 550w, https:\/\/www.rengoenlanoticia.cl\/prensa\/wp-content\/uploads\/2025\/12\/Proyecto-Comunitario-Malloa-2-800x451.jpeg 800w, https:\/\/www.rengoenlanoticia.cl\/prensa\/wp-content\/uploads\/2025\/12\/Proyecto-Comunitario-Malloa-2-1160x653.jpeg 1160w, https:\/\/www.rengoenlanoticia.cl\/prensa\/wp-content\/uploads\/2025\/12\/Proyecto-Comunitario-Malloa-2.jpeg 1280w\" sizes=\"auto, (max-width: 1024px) 100vw, 1024px\" \/><\/figure>\n\n\n\n<p>Oscar Galdames Flores, director regional de CONAF, sostuvo que \u201ceste proyecto involucra un convenio tripartito en el cual participa nuestra instituci\u00f3n y el compromiso con su cuidado de parte del municipio local y la junta de vecinos, lo que se traduce en la mejora del entorno natural, fomenta la conciencia ambiental y fortalece la participaci\u00f3n de la comunidad local en iniciativas sustentables\u201d.<\/p>\n\n\n\n<p>Agreg\u00f3 que \u201cestamos inaugurando el primer proyecto comunitario de este a\u00f1o que va en beneficio de la comunidad del sector, la comunidad de Santa In\u00e9s, as\u00ed es que es s\u00faper importante contar con la presencia de autoridades regionales y comunales. Destacamos la importancia de este proyecto que permite llegar a la comunidad a trav\u00e9s de esta plaza que hoy d\u00eda estamos entregando con juegos, con bancas, con arborizaci\u00f3n\u201d.<\/p>\n\n\n\n<p>El Proyecto Comunitario contempla la plantaci\u00f3n de 200 \u00e1rboles, la instalaci\u00f3n de un letrero de madera con el nombre de lo que ahora es una plaza comunitaria y la instalaci\u00f3n de mobiliario urbano, espec\u00edficamente una p\u00e9rgola y bancas distribuidas tanto en el \u00e1rea verde a recuperar como en las inmediaciones de la sede vecinal, con el fin de ofrecer espacios adecuados para el descanso y la conversaci\u00f3n.<\/p>\n\n\n\n<figure class=\"wp-block-image size-large\"><img loading=\"lazy\" decoding=\"async\" width=\"1024\" height=\"577\" src=\"https:\/\/www.rengoenlanoticia.cl\/prensa\/wp-content\/uploads\/2025\/12\/Proyecto-Comunitario-Malloa-7-1024x577.jpeg\" alt=\"\" class=\"wp-image-8084\" srcset=\"https:\/\/www.rengoenlanoticia.cl\/prensa\/wp-content\/uploads\/2025\/12\/Proyecto-Comunitario-Malloa-7-1024x577.jpeg 1024w, https:\/\/www.rengoenlanoticia.cl\/prensa\/wp-content\/uploads\/2025\/12\/Proyecto-Comunitario-Malloa-7-300x169.jpeg 300w, https:\/\/www.rengoenlanoticia.cl\/prensa\/wp-content\/uploads\/2025\/12\/Proyecto-Comunitario-Malloa-7-768x433.jpeg 768w, https:\/\/www.rengoenlanoticia.cl\/prensa\/wp-content\/uploads\/2025\/12\/Proyecto-Comunitario-Malloa-7-110x62.jpeg 110w, https:\/\/www.rengoenlanoticia.cl\/prensa\/wp-content\/uploads\/2025\/12\/Proyecto-Comunitario-Malloa-7-200x113.jpeg 200w, https:\/\/www.rengoenlanoticia.cl\/prensa\/wp-content\/uploads\/2025\/12\/Proyecto-Comunitario-Malloa-7-380x214.jpeg 380w, https:\/\/www.rengoenlanoticia.cl\/prensa\/wp-content\/uploads\/2025\/12\/Proyecto-Comunitario-Malloa-7-255x144.jpeg 255w, https:\/\/www.rengoenlanoticia.cl\/prensa\/wp-content\/uploads\/2025\/12\/Proyecto-Comunitario-Malloa-7-550x310.jpeg 550w, https:\/\/www.rengoenlanoticia.cl\/prensa\/wp-content\/uploads\/2025\/12\/Proyecto-Comunitario-Malloa-7-800x451.jpeg 800w, https:\/\/www.rengoenlanoticia.cl\/prensa\/wp-content\/uploads\/2025\/12\/Proyecto-Comunitario-Malloa-7-1160x653.jpeg 1160w, https:\/\/www.rengoenlanoticia.cl\/prensa\/wp-content\/uploads\/2025\/12\/Proyecto-Comunitario-Malloa-7.jpeg 1280w\" sizes=\"auto, (max-width: 1024px) 100vw, 1024px\" \/><\/figure>\n\n\n\n<p>A esto se suma un Punto Limpio, en el que se dispuso de tres contenedores de residuos dentro del \u00e1rea verde, la instalaci\u00f3n de un port\u00f3n; zona de juegos infantiles, mejoras en el suelo de la plaza utilizando maicillo, lo que facilitar\u00e1 el tr\u00e1nsito peatonal y mejorar\u00e1 la est\u00e9tica del lugar.<\/p>\n\n\n\n<p>El presidente de la Junta de Vecinos, Hern\u00e1n Miranda Castro, se\u00f1al\u00f3 que \u201ces muy importante lo que se acaba de inaugurar, ya que era un espacio abandonado ac\u00e1 en nuestra localidad y con la ayuda de CONAF, la municipalidad y los vecinos logramos tener una plazuela para ni\u00f1os, adultos mayores y para toda la comunidad en s\u00ed, qued\u00f3 muy bonito. Agradezco a todos quienes nos ayudaron de diferentes formas, y a seguir trabajando por la comunidad\u201d.<\/p>\n\n\n\n<p>El alcalde de Malloa, Luis Barra Villanueva, destac\u00f3 \u201cla tremenda importancia que tiene este proyecto porque aqu\u00ed hay una uni\u00f3n entre CONAF, la comunidad y nosotros para poder generar este espacio p\u00fablico que estaba aqu\u00ed sin usarse, as\u00ed que estamos muy contentos con el apoyo de CONAF\u201d. \u201cCreo que con este espacio p\u00fablico que se ha ganado aqu\u00ed, la gente demuestra que est\u00e1 muy unida y est\u00e1 muy contenta con ello\u201d.<\/p>\n\n\n\n<figure class=\"wp-block-image size-large\"><img loading=\"lazy\" decoding=\"async\" width=\"1024\" height=\"664\" src=\"https:\/\/www.rengoenlanoticia.cl\/prensa\/wp-content\/uploads\/2025\/12\/Proyecto-Comunitario-Malloa-1-1024x664.jpeg\" alt=\"\" class=\"wp-image-8078\" srcset=\"https:\/\/www.rengoenlanoticia.cl\/prensa\/wp-content\/uploads\/2025\/12\/Proyecto-Comunitario-Malloa-1-1024x664.jpeg 1024w, https:\/\/www.rengoenlanoticia.cl\/prensa\/wp-content\/uploads\/2025\/12\/Proyecto-Comunitario-Malloa-1-300x195.jpeg 300w, https:\/\/www.rengoenlanoticia.cl\/prensa\/wp-content\/uploads\/2025\/12\/Proyecto-Comunitario-Malloa-1-768x498.jpeg 768w, https:\/\/www.rengoenlanoticia.cl\/prensa\/wp-content\/uploads\/2025\/12\/Proyecto-Comunitario-Malloa-1-110x71.jpeg 110w, https:\/\/www.rengoenlanoticia.cl\/prensa\/wp-content\/uploads\/2025\/12\/Proyecto-Comunitario-Malloa-1-200x130.jpeg 200w, https:\/\/www.rengoenlanoticia.cl\/prensa\/wp-content\/uploads\/2025\/12\/Proyecto-Comunitario-Malloa-1-380x246.jpeg 380w, https:\/\/www.rengoenlanoticia.cl\/prensa\/wp-content\/uploads\/2025\/12\/Proyecto-Comunitario-Malloa-1-255x165.jpeg 255w, https:\/\/www.rengoenlanoticia.cl\/prensa\/wp-content\/uploads\/2025\/12\/Proyecto-Comunitario-Malloa-1-550x357.jpeg 550w, https:\/\/www.rengoenlanoticia.cl\/prensa\/wp-content\/uploads\/2025\/12\/Proyecto-Comunitario-Malloa-1-800x519.jpeg 800w, https:\/\/www.rengoenlanoticia.cl\/prensa\/wp-content\/uploads\/2025\/12\/Proyecto-Comunitario-Malloa-1.jpeg 1110w\" sizes=\"auto, (max-width: 1024px) 100vw, 1024px\" \/><\/figure>\n\n\n\n<p>El seremi de Agricultura, Cristian Silva Rosales, explic\u00f3 que \u201ceste era un espacio que estaba desocupado, que no ten\u00eda bancas, que no ten\u00eda \u00e1rboles y hay un compromiso de nuestro Gobierno que a trav\u00e9s de CONAF, que es recuperar tambi\u00e9n espacios p\u00fablicos para entregarle mayor seguridad a los vecinos\u201d.<\/p>\n\n\n\n<p>Agreg\u00f3 que existe \u201cun compromiso con el municipio y con los vecinos que colaboran, reconstruyen esta \u00e1rea, la arborizan y construyen este inmobiliario como esta p\u00e9rgola, algunos juegos para ni\u00f1os, que nos permite como vecinos, como comunidad, vivir mejor pero tambi\u00e9n vivir m\u00e1s seguro. Un compromiso del presidente Gabriel Boric, de nuestro Gobierno y del Ministerio de Agricultura. de la Seremi de Agricultura de nuestra regi\u00f3n de O\u2019Higgins junto con CONAF\u201d.<\/p>\n\n\n\n<figure class=\"wp-block-image size-large\"><img loading=\"lazy\" decoding=\"async\" width=\"1024\" height=\"577\" src=\"https:\/\/www.rengoenlanoticia.cl\/prensa\/wp-content\/uploads\/2025\/12\/Proyecto-Comunitario-Malloa-6-1024x577.jpeg\" alt=\"\" class=\"wp-image-8083\" srcset=\"https:\/\/www.rengoenlanoticia.cl\/prensa\/wp-content\/uploads\/2025\/12\/Proyecto-Comunitario-Malloa-6-1024x577.jpeg 1024w, https:\/\/www.rengoenlanoticia.cl\/prensa\/wp-content\/uploads\/2025\/12\/Proyecto-Comunitario-Malloa-6-300x169.jpeg 300w, https:\/\/www.rengoenlanoticia.cl\/prensa\/wp-content\/uploads\/2025\/12\/Proyecto-Comunitario-Malloa-6-768x433.jpeg 768w, https:\/\/www.rengoenlanoticia.cl\/prensa\/wp-content\/uploads\/2025\/12\/Proyecto-Comunitario-Malloa-6-110x62.jpeg 110w, https:\/\/www.rengoenlanoticia.cl\/prensa\/wp-content\/uploads\/2025\/12\/Proyecto-Comunitario-Malloa-6-200x113.jpeg 200w, https:\/\/www.rengoenlanoticia.cl\/prensa\/wp-content\/uploads\/2025\/12\/Proyecto-Comunitario-Malloa-6-380x214.jpeg 380w, https:\/\/www.rengoenlanoticia.cl\/prensa\/wp-content\/uploads\/2025\/12\/Proyecto-Comunitario-Malloa-6-255x144.jpeg 255w, https:\/\/www.rengoenlanoticia.cl\/prensa\/wp-content\/uploads\/2025\/12\/Proyecto-Comunitario-Malloa-6-550x310.jpeg 550w, https:\/\/www.rengoenlanoticia.cl\/prensa\/wp-content\/uploads\/2025\/12\/Proyecto-Comunitario-Malloa-6-800x451.jpeg 800w, https:\/\/www.rengoenlanoticia.cl\/prensa\/wp-content\/uploads\/2025\/12\/Proyecto-Comunitario-Malloa-6-1160x653.jpeg 1160w, https:\/\/www.rengoenlanoticia.cl\/prensa\/wp-content\/uploads\/2025\/12\/Proyecto-Comunitario-Malloa-6.jpeg 1280w\" sizes=\"auto, (max-width: 1024px) 100vw, 1024px\" \/><\/figure>\n\n\n\n<figure class=\"wp-block-image size-large\"><img loading=\"lazy\" decoding=\"async\" width=\"1024\" height=\"690\" src=\"https:\/\/www.rengoenlanoticia.cl\/prensa\/wp-content\/uploads\/2025\/12\/Proyecto-Comunitario-Malloa-3-1024x690.jpeg\" alt=\"\" class=\"wp-image-8080\" srcset=\"https:\/\/www.rengoenlanoticia.cl\/prensa\/wp-content\/uploads\/2025\/12\/Proyecto-Comunitario-Malloa-3-1024x690.jpeg 1024w, https:\/\/www.rengoenlanoticia.cl\/prensa\/wp-content\/uploads\/2025\/12\/Proyecto-Comunitario-Malloa-3-300x202.jpeg 300w, https:\/\/www.rengoenlanoticia.cl\/prensa\/wp-content\/uploads\/2025\/12\/Proyecto-Comunitario-Malloa-3-768x517.jpeg 768w, https:\/\/www.rengoenlanoticia.cl\/prensa\/wp-content\/uploads\/2025\/12\/Proyecto-Comunitario-Malloa-3-110x74.jpeg 110w, https:\/\/www.rengoenlanoticia.cl\/prensa\/wp-content\/uploads\/2025\/12\/Proyecto-Comunitario-Malloa-3-200x135.jpeg 200w, https:\/\/www.rengoenlanoticia.cl\/prensa\/wp-content\/uploads\/2025\/12\/Proyecto-Comunitario-Malloa-3-380x256.jpeg 380w, https:\/\/www.rengoenlanoticia.cl\/prensa\/wp-content\/uploads\/2025\/12\/Proyecto-Comunitario-Malloa-3-255x172.jpeg 255w, https:\/\/www.rengoenlanoticia.cl\/prensa\/wp-content\/uploads\/2025\/12\/Proyecto-Comunitario-Malloa-3-550x370.jpeg 550w, https:\/\/www.rengoenlanoticia.cl\/prensa\/wp-content\/uploads\/2025\/12\/Proyecto-Comunitario-Malloa-3-800x539.jpeg 800w, https:\/\/www.rengoenlanoticia.cl\/prensa\/wp-content\/uploads\/2025\/12\/Proyecto-Comunitario-Malloa-3.jpeg 1069w\" sizes=\"auto, (max-width: 1024px) 100vw, 1024px\" \/><\/figure>\n","protected":false},"excerpt":{"rendered":"En la comuna de Malloa, se recuper\u00f3 un sitio eriazo que se convirti\u00f3 en una plaza a un&hellip;\n","protected":false},"author":1,"featured_media":8082,"comment_status":"open","ping_status":"open","sticky":false,"template":"","format":"standard","meta":{"_monsterinsights_skip_tracking":false,"_monsterinsights_sitenote_active":false,"_monsterinsights_sitenote_note":"","_monsterinsights_sitenote_category":0,"footnotes":""},"categories":[8],"tags":[],"class_list":{"0":"post-8054","1":"post","2":"type-post","3":"status-publish","4":"format-standard","5":"has-post-thumbnail","7":"category-portada"},"aioseo_notices":[],"_links":{"self":[{"href":"https:\/\/www.rengoenlanoticia.cl\/prensa\/wp-json\/wp\/v2\/posts\/8054","targetHints":{"allow":["GET"]}}],"collection":[{"href":"https:\/\/www.rengoenlanoticia.cl\/prensa\/wp-json\/wp\/v2\/posts"}],"about":[{"href":"https:\/\/www.rengoenlanoticia.cl\/prensa\/wp-json\/wp\/v2\/types\/post"}],"author":[{"embeddable":true,"href":"https:\/\/www.rengoenlanoticia.cl\/prensa\/wp-json\/wp\/v2\/users\/1"}],"replies":[{"embeddable":true,"href":"https:\/\/www.rengoenlanoticia.cl\/prensa\/wp-json\/wp\/v2\/comments?post=8054"}],"version-history":[{"count":3,"href":"https:\/\/www.rengoenlanoticia.cl\/prensa\/wp-json\/wp\/v2\/posts\/8054\/revisions"}],"predecessor-version":[{"id":8098,"href":"https:\/\/www.rengoenlanoticia.cl\/prensa\/wp-json\/wp\/v2\/posts\/8054\/revisions\/8098"}],"wp:featuredmedia":[{"embeddable":true,"href":"https:\/\/www.rengoenlanoticia.cl\/prensa\/wp-json\/wp\/v2\/media\/8082"}],"wp:attachment":[{"href":"https:\/\/www.rengoenlanoticia.cl\/prensa\/wp-json\/wp\/v2\/media?parent=8054"}],"wp:term":[{"taxonomy":"category","embeddable":true,"href":"https:\/\/www.rengoenlanoticia.cl\/prensa\/wp-json\/wp\/v2\/categories?post=8054"},{"taxonomy":"post_tag","embeddable":true,"href":"https:\/\/www.rengoenlanoticia.cl\/prensa\/wp-json\/wp\/v2\/tags?post=8054"}],"curies":[{"name":"wp","href":"https:\/\/api.w.org\/{rel}","templated":true}]}}