{"id":8052,"date":"2025-12-02T01:03:19","date_gmt":"2025-12-02T01:03:19","guid":{"rendered":"https:\/\/www.rengoenlanoticia.cl\/prensa\/?p=8052"},"modified":"2025-12-02T01:03:24","modified_gmt":"2025-12-02T01:03:24","slug":"la-region-de-ohiggins-brillo-en-los-premios-enoturismo-chile-vina-montes-y-siete-wines-obtuvieron-galardones-en-mejor-experiencia-enoturistica-y-escala-humana","status":"publish","type":"post","link":"https:\/\/www.rengoenlanoticia.cl\/prensa\/2025\/12\/02\/la-region-de-ohiggins-brillo-en-los-premios-enoturismo-chile-vina-montes-y-siete-wines-obtuvieron-galardones-en-mejor-experiencia-enoturistica-y-escala-humana\/","title":{"rendered":"La Regi\u00f3n de O\u2019Higgins brill\u00f3 en los Premios Enoturismo Chile: Vi\u00f1a Montes y Siete Wines obtuvieron galardones en Mejor Experiencia Enotur\u00edstica y Escala Humana\u00a0\u00a0"},"content":{"rendered":"\n<p>En una espectacular ceremonia realizada en Vi\u00f1a Valle Secreto, en la comuna de Malloa, Regi\u00f3n de O\u2019Higgins, se anunciaron los Premios Enoturismo Chile 2025, consolidando un nuevo hito para el enoturismo nacional en un a\u00f1o marcado por su fuerte crecimiento y por el reconocimiento internacional que han alcanzado los valles vitivin\u00edcolas del pa\u00eds. En su cuarta edici\u00f3n, el certamen distingui\u00f3 a los mejores proyectos, experiencias y profesionales del sector, fortaleciendo la reputaci\u00f3n de Chile como un destino enotur\u00edstico de excelencia.<\/p>\n\n\n\n<p>El premio Enoturismo a Escala Humana recay\u00f3 en Bodegas RE (Regi\u00f3n de Valpara\u00edso), destacada por su enfoque en la tradici\u00f3n familiar, la hospitalidad y el valor humano como eje central de la experiencia enotur\u00edstica. El galard\u00f3n a la Mejor Experiencia Enotur\u00edstica fue otorgado a Evolution Tour de Vi\u00f1a Montes (Regi\u00f3n de O\u2019Higgins), una propuesta integral que combina innovaci\u00f3n, narrativa, paisaje y excelencia enol\u00f3gica. En tanto, el reconocimiento a Mejor Gu\u00eda de Enoturismo 2025 fue para Constanza Utreras Lobos, cuyo trabajo interpretativo y cercan\u00eda con los visitantes la posicionaron como referente nacional.<\/p>\n\n\n\n<p>La ceremonia estuvo encabezada por el Gobernador Pablo Silva, la Subsecretaria de Turismo Ver\u00f3nica Pardo, el Director Nacional de Sernatur Crist\u00f3bal Ben\u00edtez, la subgerente de Corfo Alicia Olivares, el subdirector nacional de INDAP C\u00e9sar Rodr\u00edguez y el presidente de Enoturismo Chile Claudio Cilveti, junto a autoridades regionales, gremios, asociaciones vitivin\u00edcolas, instituciones acad\u00e9micas, municipios y representantes del ecosistema enotur\u00edstico.<\/p>\n\n\n\n<p>\u201cEsta ceremonia demuestra la enorme riqueza cultural que tenemos en la Regi\u00f3n de O\u2019Higgins: los mejores vinos, la mejor cocina y un paisaje privilegiado. El Valle de Cachapoal sigue consolid\u00e1ndose gracias al trabajo de su gente, y estos premios reflejan lo mejor de nuestro territorio. Llegar hasta aqu\u00ed es muy f\u00e1cil: a solo una hora y media desde Santiago se puede disfrutar de nuestra artesan\u00eda, nuestros productos, nuestra gastronom\u00eda y experiencias \u00fanicas\u201d, afirm\u00f3 el Gobernador Regional de O\u00b4Higgins, Pablo Silva Amaya.<\/p>\n\n\n\n<p>Los premios se desarrollan bajo el lema \u201cExperiencias cultivadas por personas\u201d, destacando la dimensi\u00f3n humana que caracteriza al enoturismo chileno. Esta visi\u00f3n ha sido impulsada por el Programa Enoturismo Chile de Corfo, que durante ocho a\u00f1os ha fortalecido al sector mediante articulaci\u00f3n p\u00fablico\u2013privada, profesionalizaci\u00f3n, est\u00e1ndares de calidad y visibilidad internacional, permitiendo que Chile compita hoy con destinos enotur\u00edsticos consolidados del mundo.<\/p>\n\n\n\n<p>La realizaci\u00f3n de esta ceremonia en la Regi\u00f3n de O\u2019Higgins no es casual. El territorio vive un momento excepcional, con el Valle de Cachapoal emergiendo con fuerza como destino enotur\u00edstico en expansi\u00f3n y diversas vi\u00f1as regionales obteniendo reconocimientos internacionales, entre ellas el reciente premio otorgado a Vi\u00f1a VIK en rankings globales. Esta edici\u00f3n fue posible gracias a una alianza territorial impulsada por el Gobierno Regional de O\u2019Higgins, junto a Sernatur, INDAP, la Ruta del Vino de Cachapoal, INACAP, la Universidad de Talca, y los municipios de Rengo y Malloa, consolidando un modelo colaborativo que potencia el desarrollo tur\u00edstico y productivo del territorio.<\/p>\n\n\n\n<p>\u201cEstamos muy contentos por lo que hemos hecho en conjunto en esta virtuosa colaboraci\u00f3n p\u00fablico-privada, especialmente por el esfuerzo com\u00fan para posicionar la gastronom\u00eda con identidad territorial junto al enoturismo. La despensa que tiene O\u2019Higgins y todo el pa\u00eds es realmente una maravilla que debemos seguir posicionando. Queremos invitar a las m\u00e1s de 219 vi\u00f1as abiertas al turismo a seguir adelante, fomentando que las personas quieran venir cada vez m\u00e1s a Chile, y que sigan ofreciendo toda la despensa y variedad que caracteriza a nuestro territorio\u201d, indic\u00f3 la Subsecretaria de Turismo, Ver\u00f3nica Pardo<\/p>\n\n\n\n<figure class=\"wp-block-image size-large\"><img loading=\"lazy\" decoding=\"async\" width=\"1024\" height=\"683\" src=\"https:\/\/www.rengoenlanoticia.cl\/prensa\/wp-content\/uploads\/2025\/12\/Vina-Siete-Wines-1024x683.jpg\" alt=\"\" class=\"wp-image-8072\" srcset=\"https:\/\/www.rengoenlanoticia.cl\/prensa\/wp-content\/uploads\/2025\/12\/Vina-Siete-Wines-1024x683.jpg 1024w, https:\/\/www.rengoenlanoticia.cl\/prensa\/wp-content\/uploads\/2025\/12\/Vina-Siete-Wines-300x200.jpg 300w, https:\/\/www.rengoenlanoticia.cl\/prensa\/wp-content\/uploads\/2025\/12\/Vina-Siete-Wines-768x512.jpg 768w, https:\/\/www.rengoenlanoticia.cl\/prensa\/wp-content\/uploads\/2025\/12\/Vina-Siete-Wines-1536x1025.jpg 1536w, https:\/\/www.rengoenlanoticia.cl\/prensa\/wp-content\/uploads\/2025\/12\/Vina-Siete-Wines-2048x1366.jpg 2048w, https:\/\/www.rengoenlanoticia.cl\/prensa\/wp-content\/uploads\/2025\/12\/Vina-Siete-Wines-110x73.jpg 110w, https:\/\/www.rengoenlanoticia.cl\/prensa\/wp-content\/uploads\/2025\/12\/Vina-Siete-Wines-200x133.jpg 200w, https:\/\/www.rengoenlanoticia.cl\/prensa\/wp-content\/uploads\/2025\/12\/Vina-Siete-Wines-380x253.jpg 380w, https:\/\/www.rengoenlanoticia.cl\/prensa\/wp-content\/uploads\/2025\/12\/Vina-Siete-Wines-255x170.jpg 255w, https:\/\/www.rengoenlanoticia.cl\/prensa\/wp-content\/uploads\/2025\/12\/Vina-Siete-Wines-550x367.jpg 550w, https:\/\/www.rengoenlanoticia.cl\/prensa\/wp-content\/uploads\/2025\/12\/Vina-Siete-Wines-800x534.jpg 800w, https:\/\/www.rengoenlanoticia.cl\/prensa\/wp-content\/uploads\/2025\/12\/Vina-Siete-Wines-1160x774.jpg 1160w, https:\/\/www.rengoenlanoticia.cl\/prensa\/wp-content\/uploads\/2025\/12\/Vina-Siete-Wines-scaled.jpg 2560w\" sizes=\"auto, (max-width: 1024px) 100vw, 1024px\" \/><\/figure>\n\n\n\n<p>La ceremonia incluy\u00f3 adem\u00e1s un reconocimiento especial a la Excelencia en Propuesta Enogastron\u00f3mica, distinci\u00f3n otorgada a Lomas de Llahu\u00e9n, por su sobresaliente integraci\u00f3n de cocina campesina, identidad rural y productos locales en una experiencia profundamente territorial. El galard\u00f3n fue entregado por el presidente de la Asociaci\u00f3n Chilena de Gastronom\u00eda (ACHIGA), M\u00e1ximo Picallo, junto al gerente general Eduardo Regonessi, consistente en una Gift Card para equipamiento gastron\u00f3mico, que permitir\u00e1 fortalecer el desarrollo de su propuesta culinaria y proyectar a\u00fan m\u00e1s la gastronom\u00eda del secano como patrimonio vivo del pa\u00eds.<\/p>\n\n\n\n<p>Para el presidente de Enoturismo Chile, Claudio Cilveti \u201cestos premios reflejan el enorme avance que ha tenido el enoturismo chileno en los \u00faltimos a\u00f1os. Hoy contamos con m\u00e1s de 219 vi\u00f1as abiertas oficialmente al enoturismo, y este trabajo se corona en esta cuarta versi\u00f3n, que reconoce a quienes est\u00e1n elevando los est\u00e1ndares del pa\u00eds en identidad, hospitalidad e innovaci\u00f3n. Agradecemos profundamente el apoyo p\u00fablico y regional, especialmente de la Regi\u00f3n de O\u2019Higgins y el Valle de Cachapoal, cuyo compromiso ha sido clave para la proyecci\u00f3n del sector.\u201d<\/p>\n\n\n\n<figure class=\"wp-block-image size-large\"><img loading=\"lazy\" decoding=\"async\" width=\"1024\" height=\"683\" src=\"https:\/\/www.rengoenlanoticia.cl\/prensa\/wp-content\/uploads\/2025\/12\/Vina-Montes-1-1024x683.jpg\" alt=\"\" class=\"wp-image-8070\" srcset=\"https:\/\/www.rengoenlanoticia.cl\/prensa\/wp-content\/uploads\/2025\/12\/Vina-Montes-1-1024x683.jpg 1024w, https:\/\/www.rengoenlanoticia.cl\/prensa\/wp-content\/uploads\/2025\/12\/Vina-Montes-1-300x200.jpg 300w, https:\/\/www.rengoenlanoticia.cl\/prensa\/wp-content\/uploads\/2025\/12\/Vina-Montes-1-768x512.jpg 768w, https:\/\/www.rengoenlanoticia.cl\/prensa\/wp-content\/uploads\/2025\/12\/Vina-Montes-1-1536x1024.jpg 1536w, https:\/\/www.rengoenlanoticia.cl\/prensa\/wp-content\/uploads\/2025\/12\/Vina-Montes-1-2048x1366.jpg 2048w, https:\/\/www.rengoenlanoticia.cl\/prensa\/wp-content\/uploads\/2025\/12\/Vina-Montes-1-110x73.jpg 110w, https:\/\/www.rengoenlanoticia.cl\/prensa\/wp-content\/uploads\/2025\/12\/Vina-Montes-1-200x133.jpg 200w, https:\/\/www.rengoenlanoticia.cl\/prensa\/wp-content\/uploads\/2025\/12\/Vina-Montes-1-380x253.jpg 380w, https:\/\/www.rengoenlanoticia.cl\/prensa\/wp-content\/uploads\/2025\/12\/Vina-Montes-1-255x170.jpg 255w, https:\/\/www.rengoenlanoticia.cl\/prensa\/wp-content\/uploads\/2025\/12\/Vina-Montes-1-550x367.jpg 550w, https:\/\/www.rengoenlanoticia.cl\/prensa\/wp-content\/uploads\/2025\/12\/Vina-Montes-1-800x534.jpg 800w, https:\/\/www.rengoenlanoticia.cl\/prensa\/wp-content\/uploads\/2025\/12\/Vina-Montes-1-1160x774.jpg 1160w, https:\/\/www.rengoenlanoticia.cl\/prensa\/wp-content\/uploads\/2025\/12\/Vina-Montes-1-scaled.jpg 2560w\" sizes=\"auto, (max-width: 1024px) 100vw, 1024px\" \/><\/figure>\n\n\n\n<p>El evento finaliz\u00f3 con una muestra gastron\u00f3mica preparada por los equipos de INACAP Rancagua y Curic\u00f3, quienes presentaron una propuesta de productos de cordillera a mar de la Regi\u00f3n de O\u2019Higgins, destacando saberes tradicionales, cocina del territorio y el uso de ingredientes emblem\u00e1ticos que reflejan la identidad culinaria local.<\/p>\n\n\n\n<hr class=\"wp-block-separator has-alpha-channel-opacity\"\/>\n\n\n\n<p><strong>GANADORES REGIONALES 2025<\/strong><\/p>\n\n\n\n<p><strong>Categor\u00eda: Enoturismo a Escala Humana<\/strong><\/p>\n\n\n\n<ul class=\"wp-block-list\">\n<li><strong>Regi\u00f3n de Atacama:<\/strong>\u00a0Vi\u00f1a Buena Esperanza<\/li>\n\n\n\n<li><strong>Regi\u00f3n de Valpara\u00edso:<\/strong>\u00a0Bodegas RE\u00a0<em>(Ganador Nacional)<\/em><\/li>\n\n\n\n<li><strong>Regi\u00f3n Metropolitana:<\/strong>\u00a0Vi\u00f1ateros de Ra\u00edz<\/li>\n\n\n\n<li><strong>Regi\u00f3n de O\u2019Higgins:<\/strong>\u00a0Siete Wines<\/li>\n\n\n\n<li><strong>Regi\u00f3n del Maule:<\/strong>\u00a0Vi\u00f1a Do\u00f1a Aurora<\/li>\n\n\n\n<li><strong>Regi\u00f3n de \u00d1uble:<\/strong>\u00a0Vi\u00f1a El Quillay<\/li>\n\n\n\n<li><strong>Regi\u00f3n del Biob\u00edo:<\/strong>\u00a0Vi\u00f1a Quinta Rosa<\/li>\n<\/ul>\n\n\n\n<p><strong>Categor\u00eda: Mejor Experiencia Enotur\u00edstica<\/strong><\/p>\n\n\n\n<ul class=\"wp-block-list\">\n<li><strong>Regi\u00f3n de Coquimbo:<\/strong>\u00a0Experiencia Waqar \u2013 Pisquera Tulahu\u00e9n<\/li>\n\n\n\n<li><strong>Regi\u00f3n de Valpara\u00edso:<\/strong>\u00a0Juego de los Sentidos \u2013 Casa Vi\u00f1amar<\/li>\n\n\n\n<li><strong>Regi\u00f3n Metropolitana:<\/strong>\u00a0Alyan Sunset Experience \u2013 Alyan Family Wines<\/li>\n\n\n\n<li><strong>Regi\u00f3n de O\u2019Higgins:<\/strong>\u00a0Evolution Tour \u2013 Vi\u00f1a Montes\u00a0<em>(Ganador Nacional)<\/em><\/li>\n\n\n\n<li><strong>Regi\u00f3n de \u00d1uble:<\/strong>\u00a0Lomas de Llahu\u00e9n, Tradici\u00f3n Campesina \u2013 Vi\u00f1a Lomas de Llahu\u00e9n<\/li>\n<\/ul>\n","protected":false},"excerpt":{"rendered":"En una espectacular ceremonia realizada en Vi\u00f1a Valle Secreto, en la comuna de Malloa, Regi\u00f3n de O\u2019Higgins, se&hellip;\n","protected":false},"author":1,"featured_media":8071,"comment_status":"open","ping_status":"open","sticky":false,"template":"","format":"standard","meta":{"_monsterinsights_skip_tracking":false,"_monsterinsights_sitenote_active":false,"_monsterinsights_sitenote_note":"","_monsterinsights_sitenote_category":0,"footnotes":""},"categories":[8],"tags":[],"class_list":{"0":"post-8052","1":"post","2":"type-post","3":"status-publish","4":"format-standard","5":"has-post-thumbnail","7":"category-portada"},"aioseo_notices":[],"_links":{"self":[{"href":"https:\/\/www.rengoenlanoticia.cl\/prensa\/wp-json\/wp\/v2\/posts\/8052","targetHints":{"allow":["GET"]}}],"collection":[{"href":"https:\/\/www.rengoenlanoticia.cl\/prensa\/wp-json\/wp\/v2\/posts"}],"about":[{"href":"https:\/\/www.rengoenlanoticia.cl\/prensa\/wp-json\/wp\/v2\/types\/post"}],"author":[{"embeddable":true,"href":"https:\/\/www.rengoenlanoticia.cl\/prensa\/wp-json\/wp\/v2\/users\/1"}],"replies":[{"embeddable":true,"href":"https:\/\/www.rengoenlanoticia.cl\/prensa\/wp-json\/wp\/v2\/comments?post=8052"}],"version-history":[{"count":3,"href":"https:\/\/www.rengoenlanoticia.cl\/prensa\/wp-json\/wp\/v2\/posts\/8052\/revisions"}],"predecessor-version":[{"id":8097,"href":"https:\/\/www.rengoenlanoticia.cl\/prensa\/wp-json\/wp\/v2\/posts\/8052\/revisions\/8097"}],"wp:featuredmedia":[{"embeddable":true,"href":"https:\/\/www.rengoenlanoticia.cl\/prensa\/wp-json\/wp\/v2\/media\/8071"}],"wp:attachment":[{"href":"https:\/\/www.rengoenlanoticia.cl\/prensa\/wp-json\/wp\/v2\/media?parent=8052"}],"wp:term":[{"taxonomy":"category","embeddable":true,"href":"https:\/\/www.rengoenlanoticia.cl\/prensa\/wp-json\/wp\/v2\/categories?post=8052"},{"taxonomy":"post_tag","embeddable":true,"href":"https:\/\/www.rengoenlanoticia.cl\/prensa\/wp-json\/wp\/v2\/tags?post=8052"}],"curies":[{"name":"wp","href":"https:\/\/api.w.org\/{rel}","templated":true}]}}