{"id":7960,"date":"2025-11-24T21:41:11","date_gmt":"2025-11-24T21:41:11","guid":{"rendered":"https:\/\/www.rengoenlanoticia.cl\/prensa\/?p=7960"},"modified":"2025-11-24T22:06:44","modified_gmt":"2025-11-24T22:06:44","slug":"exponencia-de-santa-cruz-destaca-en-encuentro-nacional-de-enfermeria","status":"publish","type":"post","link":"https:\/\/www.rengoenlanoticia.cl\/prensa\/2025\/11\/24\/exponencia-de-santa-cruz-destaca-en-encuentro-nacional-de-enfermeria\/","title":{"rendered":"Experiencia de Santa Cruz destaca en encuentro nacional de enfermer\u00eda"},"content":{"rendered":"\n<p>En el marco de la primera Jornada Nacional de Gesti\u00f3n del Cuidado que reuni\u00f3 a l\u00edderes de enfermer\u00eda de todo Chile, en especial\u00a0de los hospitales de <strong>Santa Cruz, San Fernando, Rengo, San Vicente y Franco Ravera Zunino de Rancagua.<\/strong><\/p>\n\n\n\n<p>Con el patrocinio del\u00a0<strong>Colegio de Enfermeras de Chile<\/strong>, se desarroll\u00f3 la\u00a0<strong>1\u00b0 Jornada Nacional de Subdirectores, Gestores y Coordinadores de Enfermer\u00eda 2025<\/strong>, bajo el lema\u00a0<strong>\u201cUnidos por la Gesti\u00f3n del Cuidado: La Fuerza de la Enfermer\u00eda en Chile\u201d<\/strong>, un hito que reuni\u00f3 a l\u00edderes del pa\u00eds para fortalecer el rol estrat\u00e9gico de la enfermer\u00eda en los distintos niveles de la red asistencial.<\/p>\n\n\n\n<figure class=\"wp-block-image size-large\"><img loading=\"lazy\" decoding=\"async\" width=\"1024\" height=\"768\" src=\"https:\/\/www.rengoenlanoticia.cl\/prensa\/wp-content\/uploads\/2025\/11\/jornada_nacional-1-1024x768.jpeg\" alt=\"\" class=\"wp-image-7961\" srcset=\"https:\/\/www.rengoenlanoticia.cl\/prensa\/wp-content\/uploads\/2025\/11\/jornada_nacional-1-1024x768.jpeg 1024w, https:\/\/www.rengoenlanoticia.cl\/prensa\/wp-content\/uploads\/2025\/11\/jornada_nacional-1-300x225.jpeg 300w, https:\/\/www.rengoenlanoticia.cl\/prensa\/wp-content\/uploads\/2025\/11\/jornada_nacional-1-768x576.jpeg 768w, https:\/\/www.rengoenlanoticia.cl\/prensa\/wp-content\/uploads\/2025\/11\/jornada_nacional-1-1536x1152.jpeg 1536w, https:\/\/www.rengoenlanoticia.cl\/prensa\/wp-content\/uploads\/2025\/11\/jornada_nacional-1-110x83.jpeg 110w, https:\/\/www.rengoenlanoticia.cl\/prensa\/wp-content\/uploads\/2025\/11\/jornada_nacional-1-200x150.jpeg 200w, https:\/\/www.rengoenlanoticia.cl\/prensa\/wp-content\/uploads\/2025\/11\/jornada_nacional-1-380x285.jpeg 380w, https:\/\/www.rengoenlanoticia.cl\/prensa\/wp-content\/uploads\/2025\/11\/jornada_nacional-1-255x191.jpeg 255w, https:\/\/www.rengoenlanoticia.cl\/prensa\/wp-content\/uploads\/2025\/11\/jornada_nacional-1-550x413.jpeg 550w, https:\/\/www.rengoenlanoticia.cl\/prensa\/wp-content\/uploads\/2025\/11\/jornada_nacional-1-800x600.jpeg 800w, https:\/\/www.rengoenlanoticia.cl\/prensa\/wp-content\/uploads\/2025\/11\/jornada_nacional-1-1160x870.jpeg 1160w, https:\/\/www.rengoenlanoticia.cl\/prensa\/wp-content\/uploads\/2025\/11\/jornada_nacional-1.jpeg 1600w\" sizes=\"auto, (max-width: 1024px) 100vw, 1024px\" \/><\/figure>\n\n\n\n<p>El encuentro, realizado en el&nbsp;<strong>Auditorio del Hospital Biprovincial Quillota\u2013Petorca<\/strong><strong>, en la&nbsp;<\/strong><strong>Regi\u00f3n de Valpara\u00edso<\/strong>, convoc\u00f3 a subdirectores, gestores y coordinadores de enfermer\u00eda de todo Chile, quienes abordaron temas centrales para el desarrollo de la profesi\u00f3n, entre ellos el r<strong>ol de la Direcci\u00f3n Nacional de Enfermer\u00eda<\/strong><strong>; los d<\/strong><strong>esaf\u00edos actuales en la gesti\u00f3n del cuidado<\/strong><strong>; e<\/strong><strong>l camino para un l\u00edder resonante<\/strong><strong>, y la t<\/strong><strong>ransform<\/strong><strong>aci\u00f3n<\/strong><strong>&nbsp;<\/strong><strong>d<\/strong><strong>el cuidado en alta complejidad.<\/strong><\/p>\n\n\n\n<p>La&nbsp;<strong>Regi\u00f3n de O\u2019Higgins<\/strong>&nbsp;estuvo representada por la referente de gesti\u00f3n del cuidado del Servicio de Salud O\u2019Higgins y por los subdirectores de enfermer\u00eda de los hospitales de&nbsp;<strong>San Fernando, Rengo, San Vicente<\/strong>,&nbsp;<strong>Santa Cruz<\/strong><strong>&nbsp;y Franco Ravera Zunino de Rancagua<\/strong>, quienes participaron activamente de las jornadas y del intercambio de experiencias a nivel nacional.<\/p>\n\n\n\n<figure class=\"wp-block-image size-full\"><img loading=\"lazy\" decoding=\"async\" width=\"710\" height=\"563\" src=\"https:\/\/www.rengoenlanoticia.cl\/prensa\/wp-content\/uploads\/2025\/11\/jornada_nacional-2.jpeg\" alt=\"\" class=\"wp-image-7962\" srcset=\"https:\/\/www.rengoenlanoticia.cl\/prensa\/wp-content\/uploads\/2025\/11\/jornada_nacional-2.jpeg 710w, https:\/\/www.rengoenlanoticia.cl\/prensa\/wp-content\/uploads\/2025\/11\/jornada_nacional-2-300x238.jpeg 300w, https:\/\/www.rengoenlanoticia.cl\/prensa\/wp-content\/uploads\/2025\/11\/jornada_nacional-2-110x87.jpeg 110w, https:\/\/www.rengoenlanoticia.cl\/prensa\/wp-content\/uploads\/2025\/11\/jornada_nacional-2-200x159.jpeg 200w, https:\/\/www.rengoenlanoticia.cl\/prensa\/wp-content\/uploads\/2025\/11\/jornada_nacional-2-380x301.jpeg 380w, https:\/\/www.rengoenlanoticia.cl\/prensa\/wp-content\/uploads\/2025\/11\/jornada_nacional-2-255x202.jpeg 255w, https:\/\/www.rengoenlanoticia.cl\/prensa\/wp-content\/uploads\/2025\/11\/jornada_nacional-2-550x436.jpeg 550w\" sizes=\"auto, (max-width: 710px) 100vw, 710px\" \/><\/figure>\n\n\n\n<p>Uno de los momentos destacados del encuentro fue la presentaci\u00f3n de&nbsp;<strong>trabajos libres<\/strong>, instancia en la que la regi\u00f3n obtuvo un importante reconocimiento gracias al enfermero&nbsp;<strong>Sergio Valenzuela Donoso<\/strong>, Subdirector de Gesti\u00f3n del Cuidado del&nbsp;<strong>Hospital de Santa Cruz<\/strong>, quien obtuvo un&nbsp;<strong>segundo lugar<\/strong>&nbsp;con la presentaci\u00f3n&nbsp;<strong>\u201cGesti\u00f3n territorial de enfermer\u00eda en la micro\u00e1rea de Cardenal Caro\u201d<\/strong>, logrando adem\u00e1s la publicaci\u00f3n de su trabajo en una revista especializada.<\/p>\n\n\n\n<p>Otro hito relevante fue el anuncio de la creaci\u00f3n de la&nbsp;<strong>Sociedad Cient\u00edfica de Gestores del Cuidado de Enfermer\u00eda<\/strong>, organizaci\u00f3n que permitir\u00e1 visibilizar, compartir y fortalecer las buenas pr\u00e1cticas que se desarrollan en las distintas realidades del pa\u00eds.<\/p>\n\n\n\n<p>Finalmente, se inform\u00f3 que la&nbsp;<strong>segunda versi\u00f3n de esta jornada nacional se realizar\u00e1&nbsp;<\/strong><strong>el pr\u00f3ximo a\u00f1o&nbsp;<\/strong><strong>en el Hospital Regional de Concepci\u00f3n<\/strong>, reafirmando la continuidad de este espacio como un punto de encuentro estrat\u00e9gico para el liderazgo y la gesti\u00f3n del cuidado en Chile.<\/p>\n","protected":false},"excerpt":{"rendered":"En el marco de la primera Jornada Nacional de Gesti\u00f3n del Cuidado que reuni\u00f3 a l\u00edderes de enfermer\u00eda&hellip;\n","protected":false},"author":1,"featured_media":7963,"comment_status":"open","ping_status":"open","sticky":false,"template":"","format":"standard","meta":{"_monsterinsights_skip_tracking":false,"_monsterinsights_sitenote_active":false,"_monsterinsights_sitenote_note":"","_monsterinsights_sitenote_category":0,"footnotes":""},"categories":[8],"tags":[],"class_list":{"0":"post-7960","1":"post","2":"type-post","3":"status-publish","4":"format-standard","5":"has-post-thumbnail","7":"category-portada"},"aioseo_notices":[],"_links":{"self":[{"href":"https:\/\/www.rengoenlanoticia.cl\/prensa\/wp-json\/wp\/v2\/posts\/7960","targetHints":{"allow":["GET"]}}],"collection":[{"href":"https:\/\/www.rengoenlanoticia.cl\/prensa\/wp-json\/wp\/v2\/posts"}],"about":[{"href":"https:\/\/www.rengoenlanoticia.cl\/prensa\/wp-json\/wp\/v2\/types\/post"}],"author":[{"embeddable":true,"href":"https:\/\/www.rengoenlanoticia.cl\/prensa\/wp-json\/wp\/v2\/users\/1"}],"replies":[{"embeddable":true,"href":"https:\/\/www.rengoenlanoticia.cl\/prensa\/wp-json\/wp\/v2\/comments?post=7960"}],"version-history":[{"count":3,"href":"https:\/\/www.rengoenlanoticia.cl\/prensa\/wp-json\/wp\/v2\/posts\/7960\/revisions"}],"predecessor-version":[{"id":7976,"href":"https:\/\/www.rengoenlanoticia.cl\/prensa\/wp-json\/wp\/v2\/posts\/7960\/revisions\/7976"}],"wp:featuredmedia":[{"embeddable":true,"href":"https:\/\/www.rengoenlanoticia.cl\/prensa\/wp-json\/wp\/v2\/media\/7963"}],"wp:attachment":[{"href":"https:\/\/www.rengoenlanoticia.cl\/prensa\/wp-json\/wp\/v2\/media?parent=7960"}],"wp:term":[{"taxonomy":"category","embeddable":true,"href":"https:\/\/www.rengoenlanoticia.cl\/prensa\/wp-json\/wp\/v2\/categories?post=7960"},{"taxonomy":"post_tag","embeddable":true,"href":"https:\/\/www.rengoenlanoticia.cl\/prensa\/wp-json\/wp\/v2\/tags?post=7960"}],"curies":[{"name":"wp","href":"https:\/\/api.w.org\/{rel}","templated":true}]}}