{"id":7953,"date":"2025-11-24T21:00:33","date_gmt":"2025-11-24T21:00:33","guid":{"rendered":"https:\/\/www.rengoenlanoticia.cl\/prensa\/?p=7953"},"modified":"2025-11-24T21:53:57","modified_gmt":"2025-11-24T21:53:57","slug":"servicio-de-salud-ohiggins-fortalece-competencias-para-una-atencion-inclusiva-y-respetuosa-en-aps","status":"publish","type":"post","link":"https:\/\/www.rengoenlanoticia.cl\/prensa\/2025\/11\/24\/servicio-de-salud-ohiggins-fortalece-competencias-para-una-atencion-inclusiva-y-respetuosa-en-aps\/","title":{"rendered":"Servicio de Salud O\u2019Higgins fortalece competencias para una atenci\u00f3n inclusiva y respetuosa en APS"},"content":{"rendered":"\n<p>Con el objetivo de avanzar hacia una atenci\u00f3n m\u00e1s inclusiva, humanizada y libre de discriminaci\u00f3n, el Servicio de Salud O\u2019Higgins realiz\u00f3 las Jornadas de Capacitaci\u00f3n en Competencias Transversales y Sensibilizaci\u00f3n para la Atenci\u00f3n de Personas LGBTIQANB+ en Atenci\u00f3n Primaria de Salud (APS).<\/p>\n\n\n\n<p>La instancia reuni\u00f3 a funcionarias y funcionarios de distintos establecimientos de la red, quienes participaron en sesiones de formaci\u00f3n te\u00f3rica y pr\u00e1ctica enfocadas en diversidad sexo-gen\u00e9rica, marcos normativos vigentes, brechas de acceso, trato digno y estrategias de comunicaci\u00f3n inclusiva.<\/p>\n\n\n\n<p>Durante las jornadas se desarrollaron espacios de di\u00e1logo, an\u00e1lisis de casos y trabajo colaborativo, lo que permiti\u00f3 a los equipos identificar desaf\u00edos locales, reconocer barreras que a\u00fan persisten en la atenci\u00f3n y proponer mejoras para garantizar un acceso oportuno y respetuoso a todas las personas.<\/p>\n\n\n\n<figure class=\"wp-block-image size-full\"><img loading=\"lazy\" decoding=\"async\" width=\"960\" height=\"666\" src=\"https:\/\/www.rengoenlanoticia.cl\/prensa\/wp-content\/uploads\/2025\/11\/aps-4.jpeg\" alt=\"\" class=\"wp-image-7955\" srcset=\"https:\/\/www.rengoenlanoticia.cl\/prensa\/wp-content\/uploads\/2025\/11\/aps-4.jpeg 960w, https:\/\/www.rengoenlanoticia.cl\/prensa\/wp-content\/uploads\/2025\/11\/aps-4-300x208.jpeg 300w, https:\/\/www.rengoenlanoticia.cl\/prensa\/wp-content\/uploads\/2025\/11\/aps-4-768x533.jpeg 768w, https:\/\/www.rengoenlanoticia.cl\/prensa\/wp-content\/uploads\/2025\/11\/aps-4-110x76.jpeg 110w, https:\/\/www.rengoenlanoticia.cl\/prensa\/wp-content\/uploads\/2025\/11\/aps-4-200x139.jpeg 200w, https:\/\/www.rengoenlanoticia.cl\/prensa\/wp-content\/uploads\/2025\/11\/aps-4-380x264.jpeg 380w, https:\/\/www.rengoenlanoticia.cl\/prensa\/wp-content\/uploads\/2025\/11\/aps-4-255x177.jpeg 255w, https:\/\/www.rengoenlanoticia.cl\/prensa\/wp-content\/uploads\/2025\/11\/aps-4-550x382.jpeg 550w, https:\/\/www.rengoenlanoticia.cl\/prensa\/wp-content\/uploads\/2025\/11\/aps-4-800x555.jpeg 800w\" sizes=\"auto, (max-width: 960px) 100vw, 960px\" \/><\/figure>\n\n\n\n<p>Cristina Abarca, asesora del Departamento de Salud Mental y Diversidad Sexual y referente de la Ley 21.120, destac\u00f3 por qu\u00e9 \u00abes tan relevante que generemos estas jornadas de capacitaci\u00f3n en competencias transversales y sensibilizaci\u00f3n para la atenci\u00f3n de personas LGBTIQANB+ en Atenci\u00f3n Primaria. Estas jornadas no se realizan solo para cumplir con un programa o una ley: se hacen porque son necesarias. Porque todav\u00eda existen brechas, pr\u00e1cticas que debemos revisar y barreras que afectan directamente el acceso y la dignidad de muchas personas cuando buscan atenci\u00f3n en salud.\u201d<\/p>\n\n\n\n<p>En su declaraci\u00f3n, la profesional destac\u00f3 adem\u00e1s que \u201ccuando fortalecemos nuestros conocimientos en diversidad sexo-gen\u00e9rica, cuando revisamos marcos normativos y analizamos casos reales, avanzamos hacia una atenci\u00f3n m\u00e1s respetuosa, m\u00e1s humana y m\u00e1s consciente del impacto que tiene cada interacci\u00f3n. Estas instancias nos permiten detenernos, reflexionar y mejorar. Nos entregan herramientas concretas para comunicar mejor, acoger mejor y actuar con mayor sensibilidad y responsabilidad.\u201d<\/p>\n\n\n\n<p>Finalmente, recalc\u00f3 el compromiso institucional afirmando que \u201ccomo Servicio de Salud O\u2019Higgins, nuestro compromiso es asegurar que cada persona sea atendida sin discriminaci\u00f3n, con respeto y con un trato digno. Por eso estas jornadas son tan importantes: porque nos recuerdan que la inclusi\u00f3n no se declara, se practica. Y se construye d\u00eda a d\u00eda, con formaci\u00f3n, reflexi\u00f3n y voluntad de cambio.\u201dCon esta iniciativa, la red asistencial reafirma su misi\u00f3n de avanzar hacia una salud p\u00fablica m\u00e1s justa, inclusiva y centrada en las personas, promoviendo el buen trato y la igualdad de derechos para todas las diversidades presentes en la comunidad.<\/p>\n","protected":false},"excerpt":{"rendered":"Con el objetivo de avanzar hacia una atenci\u00f3n m\u00e1s inclusiva, humanizada y libre de discriminaci\u00f3n, el Servicio de&hellip;\n","protected":false},"author":1,"featured_media":7954,"comment_status":"open","ping_status":"open","sticky":false,"template":"","format":"standard","meta":{"_monsterinsights_skip_tracking":false,"_monsterinsights_sitenote_active":false,"_monsterinsights_sitenote_note":"","_monsterinsights_sitenote_category":0,"footnotes":""},"categories":[8],"tags":[],"class_list":{"0":"post-7953","1":"post","2":"type-post","3":"status-publish","4":"format-standard","5":"has-post-thumbnail","7":"category-portada"},"aioseo_notices":[],"_links":{"self":[{"href":"https:\/\/www.rengoenlanoticia.cl\/prensa\/wp-json\/wp\/v2\/posts\/7953","targetHints":{"allow":["GET"]}}],"collection":[{"href":"https:\/\/www.rengoenlanoticia.cl\/prensa\/wp-json\/wp\/v2\/posts"}],"about":[{"href":"https:\/\/www.rengoenlanoticia.cl\/prensa\/wp-json\/wp\/v2\/types\/post"}],"author":[{"embeddable":true,"href":"https:\/\/www.rengoenlanoticia.cl\/prensa\/wp-json\/wp\/v2\/users\/1"}],"replies":[{"embeddable":true,"href":"https:\/\/www.rengoenlanoticia.cl\/prensa\/wp-json\/wp\/v2\/comments?post=7953"}],"version-history":[{"count":3,"href":"https:\/\/www.rengoenlanoticia.cl\/prensa\/wp-json\/wp\/v2\/posts\/7953\/revisions"}],"predecessor-version":[{"id":7968,"href":"https:\/\/www.rengoenlanoticia.cl\/prensa\/wp-json\/wp\/v2\/posts\/7953\/revisions\/7968"}],"wp:featuredmedia":[{"embeddable":true,"href":"https:\/\/www.rengoenlanoticia.cl\/prensa\/wp-json\/wp\/v2\/media\/7954"}],"wp:attachment":[{"href":"https:\/\/www.rengoenlanoticia.cl\/prensa\/wp-json\/wp\/v2\/media?parent=7953"}],"wp:term":[{"taxonomy":"category","embeddable":true,"href":"https:\/\/www.rengoenlanoticia.cl\/prensa\/wp-json\/wp\/v2\/categories?post=7953"},{"taxonomy":"post_tag","embeddable":true,"href":"https:\/\/www.rengoenlanoticia.cl\/prensa\/wp-json\/wp\/v2\/tags?post=7953"}],"curies":[{"name":"wp","href":"https:\/\/api.w.org\/{rel}","templated":true}]}}