{"id":7944,"date":"2025-11-24T03:15:45","date_gmt":"2025-11-24T03:15:45","guid":{"rendered":"https:\/\/www.rengoenlanoticia.cl\/prensa\/?p=7944"},"modified":"2025-11-24T03:15:50","modified_gmt":"2025-11-24T03:15:50","slug":"carabineros-de-la-micc-de-la-4ta-comisaria-de-rengo-realizan-campana-preventiva-en-feria-de-la-comuna","status":"publish","type":"post","link":"https:\/\/www.rengoenlanoticia.cl\/prensa\/2025\/11\/24\/carabineros-de-la-micc-de-la-4ta-comisaria-de-rengo-realizan-campana-preventiva-en-feria-de-la-comuna\/","title":{"rendered":"Carabineros de la MICC de la 4ta Comisaria de Rengo realizan campa\u00f1a preventiva en feria de la comuna"},"content":{"rendered":"\n<p>Este domingo, personal de la <strong>MICC de la 4ta. Comisar\u00eda de Rengo<\/strong>, junto a la <strong>Patrulla Mixta<\/strong>, se traslad\u00f3 hasta los alrededores de la <strong>Feria Comunal<\/strong> para desarrollar una <strong>Campa\u00f1a Preventiva dirigida a conductores<\/strong>, con el objetivo central de reforzar la <strong>prevenci\u00f3n de incendios forestales<\/strong>.<\/p>\n\n\n\n<p>Durante la actividad, los funcionarios entregaron material informativo y conversaron con vecinos y automovilistas sobre las pr\u00e1cticas de riesgo m\u00e1s comunes, as\u00ed como las medidas esenciales para evitar la propagaci\u00f3n de siniestros, especialmente ante el aumento de temperaturas y las condiciones propicias para la ocurrencia de incendios.<\/p>\n\n\n\n<figure class=\"wp-block-image size-large\"><img loading=\"lazy\" decoding=\"async\" width=\"1024\" height=\"535\" src=\"https:\/\/www.rengoenlanoticia.cl\/prensa\/wp-content\/uploads\/2025\/11\/WhatsApp-Image-2025-11-23-at-13.31.29-1024x535.jpeg\" alt=\"\" class=\"wp-image-7946\" srcset=\"https:\/\/www.rengoenlanoticia.cl\/prensa\/wp-content\/uploads\/2025\/11\/WhatsApp-Image-2025-11-23-at-13.31.29-1024x535.jpeg 1024w, https:\/\/www.rengoenlanoticia.cl\/prensa\/wp-content\/uploads\/2025\/11\/WhatsApp-Image-2025-11-23-at-13.31.29-300x157.jpeg 300w, https:\/\/www.rengoenlanoticia.cl\/prensa\/wp-content\/uploads\/2025\/11\/WhatsApp-Image-2025-11-23-at-13.31.29-768x402.jpeg 768w, https:\/\/www.rengoenlanoticia.cl\/prensa\/wp-content\/uploads\/2025\/11\/WhatsApp-Image-2025-11-23-at-13.31.29-110x58.jpeg 110w, https:\/\/www.rengoenlanoticia.cl\/prensa\/wp-content\/uploads\/2025\/11\/WhatsApp-Image-2025-11-23-at-13.31.29-200x105.jpeg 200w, https:\/\/www.rengoenlanoticia.cl\/prensa\/wp-content\/uploads\/2025\/11\/WhatsApp-Image-2025-11-23-at-13.31.29-380x199.jpeg 380w, https:\/\/www.rengoenlanoticia.cl\/prensa\/wp-content\/uploads\/2025\/11\/WhatsApp-Image-2025-11-23-at-13.31.29-255x133.jpeg 255w, https:\/\/www.rengoenlanoticia.cl\/prensa\/wp-content\/uploads\/2025\/11\/WhatsApp-Image-2025-11-23-at-13.31.29-550x288.jpeg 550w, https:\/\/www.rengoenlanoticia.cl\/prensa\/wp-content\/uploads\/2025\/11\/WhatsApp-Image-2025-11-23-at-13.31.29-800x418.jpeg 800w, https:\/\/www.rengoenlanoticia.cl\/prensa\/wp-content\/uploads\/2025\/11\/WhatsApp-Image-2025-11-23-at-13.31.29.jpeg 1115w\" sizes=\"auto, (max-width: 1024px) 100vw, 1024px\" \/><\/figure>\n\n\n\n<p>La instancia busc\u00f3 <strong>concientizar a la ciudadan\u00eda<\/strong> respecto a las graves consecuencias que dejan estos eventos tanto en el entorno natural como en la vida de las personas, reiterando el llamado a la responsabilidad y al autocuidado para proteger la comunidad y su entorno.<\/p>\n\n\n\n<p>Carabineros destac\u00f3 la positiva recepci\u00f3n de los asistentes y reafirm\u00f3 su compromiso con continuar desarrollando acciones educativas y preventivas en diversos sectores de la comuna.<\/p>\n\n\n\n<figure class=\"wp-block-image size-large\"><img loading=\"lazy\" decoding=\"async\" width=\"1024\" height=\"749\" src=\"https:\/\/www.rengoenlanoticia.cl\/prensa\/wp-content\/uploads\/2025\/11\/WhatsApp-Image-2025-11-23-at-13.36.09-1024x749.jpeg\" alt=\"\" class=\"wp-image-7947\" srcset=\"https:\/\/www.rengoenlanoticia.cl\/prensa\/wp-content\/uploads\/2025\/11\/WhatsApp-Image-2025-11-23-at-13.36.09-1024x749.jpeg 1024w, https:\/\/www.rengoenlanoticia.cl\/prensa\/wp-content\/uploads\/2025\/11\/WhatsApp-Image-2025-11-23-at-13.36.09-300x219.jpeg 300w, https:\/\/www.rengoenlanoticia.cl\/prensa\/wp-content\/uploads\/2025\/11\/WhatsApp-Image-2025-11-23-at-13.36.09-768x562.jpeg 768w, https:\/\/www.rengoenlanoticia.cl\/prensa\/wp-content\/uploads\/2025\/11\/WhatsApp-Image-2025-11-23-at-13.36.09-110x80.jpeg 110w, https:\/\/www.rengoenlanoticia.cl\/prensa\/wp-content\/uploads\/2025\/11\/WhatsApp-Image-2025-11-23-at-13.36.09-200x146.jpeg 200w, https:\/\/www.rengoenlanoticia.cl\/prensa\/wp-content\/uploads\/2025\/11\/WhatsApp-Image-2025-11-23-at-13.36.09-380x278.jpeg 380w, https:\/\/www.rengoenlanoticia.cl\/prensa\/wp-content\/uploads\/2025\/11\/WhatsApp-Image-2025-11-23-at-13.36.09-255x187.jpeg 255w, https:\/\/www.rengoenlanoticia.cl\/prensa\/wp-content\/uploads\/2025\/11\/WhatsApp-Image-2025-11-23-at-13.36.09-550x402.jpeg 550w, https:\/\/www.rengoenlanoticia.cl\/prensa\/wp-content\/uploads\/2025\/11\/WhatsApp-Image-2025-11-23-at-13.36.09-800x585.jpeg 800w, https:\/\/www.rengoenlanoticia.cl\/prensa\/wp-content\/uploads\/2025\/11\/WhatsApp-Image-2025-11-23-at-13.36.09-1160x849.jpeg 1160w, https:\/\/www.rengoenlanoticia.cl\/prensa\/wp-content\/uploads\/2025\/11\/WhatsApp-Image-2025-11-23-at-13.36.09.jpeg 1509w\" sizes=\"auto, (max-width: 1024px) 100vw, 1024px\" \/><\/figure>\n","protected":false},"excerpt":{"rendered":"Este domingo, personal de la MICC de la 4ta. Comisar\u00eda de Rengo, junto a la Patrulla Mixta, se&hellip;\n","protected":false},"author":2,"featured_media":7946,"comment_status":"open","ping_status":"open","sticky":false,"template":"","format":"standard","meta":{"_monsterinsights_skip_tracking":false,"_monsterinsights_sitenote_active":false,"_monsterinsights_sitenote_note":"","_monsterinsights_sitenote_category":0,"footnotes":""},"categories":[5,8],"tags":[],"class_list":{"0":"post-7944","1":"post","2":"type-post","3":"status-publish","4":"format-standard","5":"has-post-thumbnail","7":"category-policial","8":"category-portada"},"aioseo_notices":[],"_links":{"self":[{"href":"https:\/\/www.rengoenlanoticia.cl\/prensa\/wp-json\/wp\/v2\/posts\/7944","targetHints":{"allow":["GET"]}}],"collection":[{"href":"https:\/\/www.rengoenlanoticia.cl\/prensa\/wp-json\/wp\/v2\/posts"}],"about":[{"href":"https:\/\/www.rengoenlanoticia.cl\/prensa\/wp-json\/wp\/v2\/types\/post"}],"author":[{"embeddable":true,"href":"https:\/\/www.rengoenlanoticia.cl\/prensa\/wp-json\/wp\/v2\/users\/2"}],"replies":[{"embeddable":true,"href":"https:\/\/www.rengoenlanoticia.cl\/prensa\/wp-json\/wp\/v2\/comments?post=7944"}],"version-history":[{"count":3,"href":"https:\/\/www.rengoenlanoticia.cl\/prensa\/wp-json\/wp\/v2\/posts\/7944\/revisions"}],"predecessor-version":[{"id":7950,"href":"https:\/\/www.rengoenlanoticia.cl\/prensa\/wp-json\/wp\/v2\/posts\/7944\/revisions\/7950"}],"wp:featuredmedia":[{"embeddable":true,"href":"https:\/\/www.rengoenlanoticia.cl\/prensa\/wp-json\/wp\/v2\/media\/7946"}],"wp:attachment":[{"href":"https:\/\/www.rengoenlanoticia.cl\/prensa\/wp-json\/wp\/v2\/media?parent=7944"}],"wp:term":[{"taxonomy":"category","embeddable":true,"href":"https:\/\/www.rengoenlanoticia.cl\/prensa\/wp-json\/wp\/v2\/categories?post=7944"},{"taxonomy":"post_tag","embeddable":true,"href":"https:\/\/www.rengoenlanoticia.cl\/prensa\/wp-json\/wp\/v2\/tags?post=7944"}],"curies":[{"name":"wp","href":"https:\/\/api.w.org\/{rel}","templated":true}]}}