{"id":7888,"date":"2025-11-22T11:18:57","date_gmt":"2025-11-22T11:18:57","guid":{"rendered":"https:\/\/www.rengoenlanoticia.cl\/prensa\/?p=7888"},"modified":"2025-11-22T11:20:55","modified_gmt":"2025-11-22T11:20:55","slug":"diputada-natalia-romero-llama-a-poner-en-tabla-proyecto-que-regula-el-uso-de-celulares-en-establecimientos-educacionales","status":"publish","type":"post","link":"https:\/\/www.rengoenlanoticia.cl\/prensa\/2025\/11\/22\/diputada-natalia-romero-llama-a-poner-en-tabla-proyecto-que-regula-el-uso-de-celulares-en-establecimientos-educacionales\/","title":{"rendered":"Diputada Natalia Romero llama a poner en tabla proyecto que regula el uso de celulares en establecimientos educacionales"},"content":{"rendered":"\n<p>La parlamentaria ingreso la iniciativa en diciembre de 2023 con el objetivo de ordenar y proteger los espacios de aprendizaje.<\/p>\n\n\n\n<p>La diputada de la Comisi\u00f3n de Familia, Natalia Romero, realiz\u00f3 un llamado urgente a la C\u00e1mara de Diputados para que el proyecto que regula el uso de dispositivos m\u00f3viles en establecimientos educacionales, ingresado por ella en diciembre en 2023, sea puesto en tabla y votado a la brevedad, afirmando que se trata de una iniciativa clave para mejorar la convivencia escolar, el bienestar emocional de los estudiantes y el adecuado desarrollo de las actividades acad\u00e9micas.<\/p>\n\n\n\n<p>\u00abConf\u00edo en que este proyecto ser\u00e1 un aporte concreto al clima escolar y al bienestar socioemocional de miles de estudiantes. Por eso reitero mi llamado: es momento de que se ponga en tabla y de que avancemos con responsabilidad en su aprobaci\u00f3n\u00bb, explic\u00f3.<\/p>\n\n\n\n<p>El proyecto establece que la prohibici\u00f3n del uso de celulares regir\u00e1 durante el desarrollo de actividades curriculares dentro de la sala de clases y se aplicar\u00e1 a todos los integrantes de la comunidad educativa, permitiendo excepciones \u00fanicamente por la naturaleza de la actividad -ya sea curricular o extracurricular- o cuando el padre, madre o apoderado lo solicite de manera fundamentada y temporal por razones de seguridad personal o familiar del estudiante.<\/p>\n\n\n\n<p>Asimismo, la iniciativa contempla una regla especial para la educaci\u00f3n media, permitiendo que los establecimientos definan espacios, horarios o actividades espec\u00edficas donde el uso de celulares est\u00e9 autorizado, atendiendo a la autonom\u00eda progresiva de los adolescentes.<\/p>\n\n\n\n<p>Finalmente, se establece que en marzo de 2030 el Ministerio de Educaci\u00f3n deber\u00e1 presentar a las Comisiones de Educaci\u00f3n de la C\u00e1mara de Diputados y del Senado un informe de evaluaci\u00f3n sobre la implementaci\u00f3n de la medida, incluyendo datos sobre convivencia escolar, rendimiento acad\u00e9mico, bienestar socioemocional y brechas de acceso digital.<\/p>\n\n\n\n<p>Por esto, la diputada Romero asegur\u00f3 que es importante que el proyecto sea votado favorablemente: \u00abEspero sinceramente que cuando llegue el momento de votarlo, la C\u00e1mara lo respalde de manera amplia. Esta regulaci\u00f3n no busca castigar, sino ordenar y proteger los espacios de aprendizaje para que ni\u00f1os y j\u00f3venes puedan concentrarse y desarrollarse sin distracciones\u00bb, cerr\u00f3.<\/p>\n","protected":false},"excerpt":{"rendered":"La parlamentaria ingreso la iniciativa en diciembre de 2023 con el objetivo de ordenar y proteger los espacios&hellip;\n","protected":false},"author":1,"featured_media":7908,"comment_status":"open","ping_status":"open","sticky":false,"template":"","format":"standard","meta":{"_monsterinsights_skip_tracking":false,"_monsterinsights_sitenote_active":false,"_monsterinsights_sitenote_note":"","_monsterinsights_sitenote_category":0,"footnotes":""},"categories":[11,8],"tags":[],"class_list":{"0":"post-7888","1":"post","2":"type-post","3":"status-publish","4":"format-standard","5":"has-post-thumbnail","7":"category-politica","8":"category-portada"},"aioseo_notices":[],"_links":{"self":[{"href":"https:\/\/www.rengoenlanoticia.cl\/prensa\/wp-json\/wp\/v2\/posts\/7888","targetHints":{"allow":["GET"]}}],"collection":[{"href":"https:\/\/www.rengoenlanoticia.cl\/prensa\/wp-json\/wp\/v2\/posts"}],"about":[{"href":"https:\/\/www.rengoenlanoticia.cl\/prensa\/wp-json\/wp\/v2\/types\/post"}],"author":[{"embeddable":true,"href":"https:\/\/www.rengoenlanoticia.cl\/prensa\/wp-json\/wp\/v2\/users\/1"}],"replies":[{"embeddable":true,"href":"https:\/\/www.rengoenlanoticia.cl\/prensa\/wp-json\/wp\/v2\/comments?post=7888"}],"version-history":[{"count":3,"href":"https:\/\/www.rengoenlanoticia.cl\/prensa\/wp-json\/wp\/v2\/posts\/7888\/revisions"}],"predecessor-version":[{"id":7915,"href":"https:\/\/www.rengoenlanoticia.cl\/prensa\/wp-json\/wp\/v2\/posts\/7888\/revisions\/7915"}],"wp:featuredmedia":[{"embeddable":true,"href":"https:\/\/www.rengoenlanoticia.cl\/prensa\/wp-json\/wp\/v2\/media\/7908"}],"wp:attachment":[{"href":"https:\/\/www.rengoenlanoticia.cl\/prensa\/wp-json\/wp\/v2\/media?parent=7888"}],"wp:term":[{"taxonomy":"category","embeddable":true,"href":"https:\/\/www.rengoenlanoticia.cl\/prensa\/wp-json\/wp\/v2\/categories?post=7888"},{"taxonomy":"post_tag","embeddable":true,"href":"https:\/\/www.rengoenlanoticia.cl\/prensa\/wp-json\/wp\/v2\/tags?post=7888"}],"curies":[{"name":"wp","href":"https:\/\/api.w.org\/{rel}","templated":true}]}}