{"id":7887,"date":"2025-11-22T11:20:43","date_gmt":"2025-11-22T11:20:43","guid":{"rendered":"https:\/\/www.rengoenlanoticia.cl\/prensa\/?p=7887"},"modified":"2025-11-22T11:23:36","modified_gmt":"2025-11-22T11:23:36","slug":"oic-de-la-4a-comisaria-de-rengo-participa-en-feria-de-seguridad-comunal","status":"publish","type":"post","link":"https:\/\/www.rengoenlanoticia.cl\/prensa\/2025\/11\/22\/oic-de-la-4a-comisaria-de-rengo-participa-en-feria-de-seguridad-comunal\/","title":{"rendered":"OIC de la 4ta Comisar\u00eda de Rengo participa en Feria de Seguridad Comunal"},"content":{"rendered":"\n<p> Durante la ma\u00f1ana de este viernes reci\u00e9n pasado, y tras una invitaci\u00f3n de la Direcci\u00f3n de Seguridad P\u00fablica de la Ilustre Municipalidad de Rengo, personal de la Oficina de Integraci\u00f3n Comunitaria (OIC) de la 4\u00aa Comisar\u00eda particip\u00f3 activamente en la <strong>Feria de Seguridad Comunal<\/strong>, realizada en la plaza de armas de la comuna.<\/p>\n\n\n\n<figure class=\"wp-block-image size-large\"><img loading=\"lazy\" decoding=\"async\" width=\"1024\" height=\"462\" src=\"https:\/\/www.rengoenlanoticia.cl\/prensa\/wp-content\/uploads\/2025\/11\/WhatsApp-Image-2025-11-21-at-13.33.29-1024x462.jpeg\" alt=\"\" class=\"wp-image-7900\" srcset=\"https:\/\/www.rengoenlanoticia.cl\/prensa\/wp-content\/uploads\/2025\/11\/WhatsApp-Image-2025-11-21-at-13.33.29-1024x462.jpeg 1024w, https:\/\/www.rengoenlanoticia.cl\/prensa\/wp-content\/uploads\/2025\/11\/WhatsApp-Image-2025-11-21-at-13.33.29-300x135.jpeg 300w, https:\/\/www.rengoenlanoticia.cl\/prensa\/wp-content\/uploads\/2025\/11\/WhatsApp-Image-2025-11-21-at-13.33.29-768x346.jpeg 768w, https:\/\/www.rengoenlanoticia.cl\/prensa\/wp-content\/uploads\/2025\/11\/WhatsApp-Image-2025-11-21-at-13.33.29-110x50.jpeg 110w, https:\/\/www.rengoenlanoticia.cl\/prensa\/wp-content\/uploads\/2025\/11\/WhatsApp-Image-2025-11-21-at-13.33.29-200x90.jpeg 200w, https:\/\/www.rengoenlanoticia.cl\/prensa\/wp-content\/uploads\/2025\/11\/WhatsApp-Image-2025-11-21-at-13.33.29-380x171.jpeg 380w, https:\/\/www.rengoenlanoticia.cl\/prensa\/wp-content\/uploads\/2025\/11\/WhatsApp-Image-2025-11-21-at-13.33.29-255x115.jpeg 255w, https:\/\/www.rengoenlanoticia.cl\/prensa\/wp-content\/uploads\/2025\/11\/WhatsApp-Image-2025-11-21-at-13.33.29-550x248.jpeg 550w, https:\/\/www.rengoenlanoticia.cl\/prensa\/wp-content\/uploads\/2025\/11\/WhatsApp-Image-2025-11-21-at-13.33.29-800x361.jpeg 800w, https:\/\/www.rengoenlanoticia.cl\/prensa\/wp-content\/uploads\/2025\/11\/WhatsApp-Image-2025-11-21-at-13.33.29-1160x523.jpeg 1160w, https:\/\/www.rengoenlanoticia.cl\/prensa\/wp-content\/uploads\/2025\/11\/WhatsApp-Image-2025-11-21-at-13.33.29.jpeg 1280w\" sizes=\"auto, (max-width: 1024px) 100vw, 1024px\" \/><\/figure>\n\n\n\n<p>La actividad reuni\u00f3 a diversos establecimientos educacionales y cont\u00f3 con la presencia de m\u00faltiples servicios p\u00fablicos e instituciones vinculadas al \u00e1mbito de la seguridad. El evento tuvo como prop\u00f3sito <strong>promover la educaci\u00f3n preventiva<\/strong> y fortalecer una cultura de seguridad y autocuidado en la comunidad.<\/p>\n\n\n\n<figure class=\"wp-block-image size-large\"><img loading=\"lazy\" decoding=\"async\" width=\"1024\" height=\"478\" src=\"https:\/\/www.rengoenlanoticia.cl\/prensa\/wp-content\/uploads\/2025\/11\/WhatsApp-Image-2025-11-21-at-13.44.15-1-1024x478.jpeg\" alt=\"\" class=\"wp-image-7904\" srcset=\"https:\/\/www.rengoenlanoticia.cl\/prensa\/wp-content\/uploads\/2025\/11\/WhatsApp-Image-2025-11-21-at-13.44.15-1-1024x478.jpeg 1024w, https:\/\/www.rengoenlanoticia.cl\/prensa\/wp-content\/uploads\/2025\/11\/WhatsApp-Image-2025-11-21-at-13.44.15-1-300x140.jpeg 300w, https:\/\/www.rengoenlanoticia.cl\/prensa\/wp-content\/uploads\/2025\/11\/WhatsApp-Image-2025-11-21-at-13.44.15-1-768x359.jpeg 768w, https:\/\/www.rengoenlanoticia.cl\/prensa\/wp-content\/uploads\/2025\/11\/WhatsApp-Image-2025-11-21-at-13.44.15-1-1536x717.jpeg 1536w, https:\/\/www.rengoenlanoticia.cl\/prensa\/wp-content\/uploads\/2025\/11\/WhatsApp-Image-2025-11-21-at-13.44.15-1-110x51.jpeg 110w, https:\/\/www.rengoenlanoticia.cl\/prensa\/wp-content\/uploads\/2025\/11\/WhatsApp-Image-2025-11-21-at-13.44.15-1-200x93.jpeg 200w, https:\/\/www.rengoenlanoticia.cl\/prensa\/wp-content\/uploads\/2025\/11\/WhatsApp-Image-2025-11-21-at-13.44.15-1-380x177.jpeg 380w, https:\/\/www.rengoenlanoticia.cl\/prensa\/wp-content\/uploads\/2025\/11\/WhatsApp-Image-2025-11-21-at-13.44.15-1-255x119.jpeg 255w, https:\/\/www.rengoenlanoticia.cl\/prensa\/wp-content\/uploads\/2025\/11\/WhatsApp-Image-2025-11-21-at-13.44.15-1-550x257.jpeg 550w, https:\/\/www.rengoenlanoticia.cl\/prensa\/wp-content\/uploads\/2025\/11\/WhatsApp-Image-2025-11-21-at-13.44.15-1-800x374.jpeg 800w, https:\/\/www.rengoenlanoticia.cl\/prensa\/wp-content\/uploads\/2025\/11\/WhatsApp-Image-2025-11-21-at-13.44.15-1-1160x542.jpeg 1160w, https:\/\/www.rengoenlanoticia.cl\/prensa\/wp-content\/uploads\/2025\/11\/WhatsApp-Image-2025-11-21-at-13.44.15-1.jpeg 1600w\" sizes=\"auto, (max-width: 1024px) 100vw, 1024px\" \/><\/figure>\n\n\n\n<p>A trav\u00e9s de din\u00e1micas dirigidas a la ciudadan\u00eda \u2014especialmente a ni\u00f1os, ni\u00f1as y adolescentes\u2014 los organismos participantes buscaron acercar informaci\u00f3n \u00fatil y herramientas pr\u00e1cticas para enfrentar riesgos cotidianos y fomentar entornos m\u00e1s seguros.<\/p>\n\n\n\n<p>Desde la organizaci\u00f3n destacaron la relevancia de estas instancias para reforzar el trabajo colaborativo entre instituciones y comunidad, con el fin de avanzar hacia una mayor prevenci\u00f3n y bienestar en Rengo.<\/p>\n\n\n\n<figure class=\"wp-block-image size-full\"><img loading=\"lazy\" decoding=\"async\" width=\"747\" height=\"926\" src=\"https:\/\/www.rengoenlanoticia.cl\/prensa\/wp-content\/uploads\/2025\/11\/WhatsApp-Image-2025-11-21-at-13.44.15.jpeg\" alt=\"\" class=\"wp-image-7905\" srcset=\"https:\/\/www.rengoenlanoticia.cl\/prensa\/wp-content\/uploads\/2025\/11\/WhatsApp-Image-2025-11-21-at-13.44.15.jpeg 747w, https:\/\/www.rengoenlanoticia.cl\/prensa\/wp-content\/uploads\/2025\/11\/WhatsApp-Image-2025-11-21-at-13.44.15-242x300.jpeg 242w, https:\/\/www.rengoenlanoticia.cl\/prensa\/wp-content\/uploads\/2025\/11\/WhatsApp-Image-2025-11-21-at-13.44.15-110x137.jpeg 110w, https:\/\/www.rengoenlanoticia.cl\/prensa\/wp-content\/uploads\/2025\/11\/WhatsApp-Image-2025-11-21-at-13.44.15-200x248.jpeg 200w, https:\/\/www.rengoenlanoticia.cl\/prensa\/wp-content\/uploads\/2025\/11\/WhatsApp-Image-2025-11-21-at-13.44.15-380x471.jpeg 380w, https:\/\/www.rengoenlanoticia.cl\/prensa\/wp-content\/uploads\/2025\/11\/WhatsApp-Image-2025-11-21-at-13.44.15-255x316.jpeg 255w, https:\/\/www.rengoenlanoticia.cl\/prensa\/wp-content\/uploads\/2025\/11\/WhatsApp-Image-2025-11-21-at-13.44.15-300x372.jpeg 300w, https:\/\/www.rengoenlanoticia.cl\/prensa\/wp-content\/uploads\/2025\/11\/WhatsApp-Image-2025-11-21-at-13.44.15-550x682.jpeg 550w\" sizes=\"auto, (max-width: 747px) 100vw, 747px\" \/><\/figure>\n\n\n\n<figure class=\"wp-block-image size-large\"><img loading=\"lazy\" decoding=\"async\" width=\"1024\" height=\"739\" src=\"https:\/\/www.rengoenlanoticia.cl\/prensa\/wp-content\/uploads\/2025\/11\/WhatsApp-Image-2025-11-21-at-13.33.31-1024x739.jpeg\" alt=\"\" class=\"wp-image-7903\" srcset=\"https:\/\/www.rengoenlanoticia.cl\/prensa\/wp-content\/uploads\/2025\/11\/WhatsApp-Image-2025-11-21-at-13.33.31-1024x739.jpeg 1024w, https:\/\/www.rengoenlanoticia.cl\/prensa\/wp-content\/uploads\/2025\/11\/WhatsApp-Image-2025-11-21-at-13.33.31-300x217.jpeg 300w, https:\/\/www.rengoenlanoticia.cl\/prensa\/wp-content\/uploads\/2025\/11\/WhatsApp-Image-2025-11-21-at-13.33.31-768x554.jpeg 768w, https:\/\/www.rengoenlanoticia.cl\/prensa\/wp-content\/uploads\/2025\/11\/WhatsApp-Image-2025-11-21-at-13.33.31-1536x1109.jpeg 1536w, https:\/\/www.rengoenlanoticia.cl\/prensa\/wp-content\/uploads\/2025\/11\/WhatsApp-Image-2025-11-21-at-13.33.31-110x79.jpeg 110w, https:\/\/www.rengoenlanoticia.cl\/prensa\/wp-content\/uploads\/2025\/11\/WhatsApp-Image-2025-11-21-at-13.33.31-200x144.jpeg 200w, https:\/\/www.rengoenlanoticia.cl\/prensa\/wp-content\/uploads\/2025\/11\/WhatsApp-Image-2025-11-21-at-13.33.31-380x274.jpeg 380w, https:\/\/www.rengoenlanoticia.cl\/prensa\/wp-content\/uploads\/2025\/11\/WhatsApp-Image-2025-11-21-at-13.33.31-255x184.jpeg 255w, https:\/\/www.rengoenlanoticia.cl\/prensa\/wp-content\/uploads\/2025\/11\/WhatsApp-Image-2025-11-21-at-13.33.31-550x397.jpeg 550w, https:\/\/www.rengoenlanoticia.cl\/prensa\/wp-content\/uploads\/2025\/11\/WhatsApp-Image-2025-11-21-at-13.33.31-800x578.jpeg 800w, https:\/\/www.rengoenlanoticia.cl\/prensa\/wp-content\/uploads\/2025\/11\/WhatsApp-Image-2025-11-21-at-13.33.31-1160x837.jpeg 1160w, https:\/\/www.rengoenlanoticia.cl\/prensa\/wp-content\/uploads\/2025\/11\/WhatsApp-Image-2025-11-21-at-13.33.31.jpeg 1600w\" sizes=\"auto, (max-width: 1024px) 100vw, 1024px\" \/><\/figure>\n","protected":false},"excerpt":{"rendered":"Durante la ma\u00f1ana de este viernes reci\u00e9n pasado, y tras una invitaci\u00f3n de la Direcci\u00f3n de Seguridad P\u00fablica&hellip;\n","protected":false},"author":2,"featured_media":7901,"comment_status":"open","ping_status":"open","sticky":false,"template":"","format":"standard","meta":{"_monsterinsights_skip_tracking":false,"_monsterinsights_sitenote_active":false,"_monsterinsights_sitenote_note":"","_monsterinsights_sitenote_category":0,"footnotes":""},"categories":[8],"tags":[],"class_list":{"0":"post-7887","1":"post","2":"type-post","3":"status-publish","4":"format-standard","5":"has-post-thumbnail","7":"category-portada"},"aioseo_notices":[],"_links":{"self":[{"href":"https:\/\/www.rengoenlanoticia.cl\/prensa\/wp-json\/wp\/v2\/posts\/7887","targetHints":{"allow":["GET"]}}],"collection":[{"href":"https:\/\/www.rengoenlanoticia.cl\/prensa\/wp-json\/wp\/v2\/posts"}],"about":[{"href":"https:\/\/www.rengoenlanoticia.cl\/prensa\/wp-json\/wp\/v2\/types\/post"}],"author":[{"embeddable":true,"href":"https:\/\/www.rengoenlanoticia.cl\/prensa\/wp-json\/wp\/v2\/users\/2"}],"replies":[{"embeddable":true,"href":"https:\/\/www.rengoenlanoticia.cl\/prensa\/wp-json\/wp\/v2\/comments?post=7887"}],"version-history":[{"count":4,"href":"https:\/\/www.rengoenlanoticia.cl\/prensa\/wp-json\/wp\/v2\/posts\/7887\/revisions"}],"predecessor-version":[{"id":7919,"href":"https:\/\/www.rengoenlanoticia.cl\/prensa\/wp-json\/wp\/v2\/posts\/7887\/revisions\/7919"}],"wp:featuredmedia":[{"embeddable":true,"href":"https:\/\/www.rengoenlanoticia.cl\/prensa\/wp-json\/wp\/v2\/media\/7901"}],"wp:attachment":[{"href":"https:\/\/www.rengoenlanoticia.cl\/prensa\/wp-json\/wp\/v2\/media?parent=7887"}],"wp:term":[{"taxonomy":"category","embeddable":true,"href":"https:\/\/www.rengoenlanoticia.cl\/prensa\/wp-json\/wp\/v2\/categories?post=7887"},{"taxonomy":"post_tag","embeddable":true,"href":"https:\/\/www.rengoenlanoticia.cl\/prensa\/wp-json\/wp\/v2\/tags?post=7887"}],"curies":[{"name":"wp","href":"https:\/\/api.w.org\/{rel}","templated":true}]}}