{"id":7886,"date":"2025-11-22T11:20:34","date_gmt":"2025-11-22T11:20:34","guid":{"rendered":"https:\/\/www.rengoenlanoticia.cl\/prensa\/?p=7886"},"modified":"2025-11-22T11:20:38","modified_gmt":"2025-11-22T11:20:38","slug":"pro-ohiggins-apoya-por-segundo-ano-consecutivo-el-talento-e-inquietud-cientifica-de-jovenes-convocados-en-el-congreso-cena","status":"publish","type":"post","link":"https:\/\/www.rengoenlanoticia.cl\/prensa\/2025\/11\/22\/pro-ohiggins-apoya-por-segundo-ano-consecutivo-el-talento-e-inquietud-cientifica-de-jovenes-convocados-en-el-congreso-cena\/","title":{"rendered":"Pro O\u2019Higgins apoya por segundo a\u00f1o consecutivo el talento e inquietud cient\u00edfica de j\u00f3venes convocados en el Congreso CENA"},"content":{"rendered":"\n<p>Nueve equipos participantes y una comitiva de cerca de 30 personas, entre docentes y estudiantes de todo el pa\u00eds, arribaron a la comuna de Santa Cruz.<\/p>\n\n\n\n<p>Por segundo a\u00f1o consecutivo, Corporaci\u00f3n Pro O\u2019Higgins reafirm\u00f3 su compromiso con el desarrollo cient\u00edfico escolar al apoyar la realizaci\u00f3n del <strong>Congreso Escolar Nacional Agr\u00f3nomo (CENA),<\/strong> iniciativa creada y organizada por profesores y estudiantes del colegio IRFE de Santa Cruz.<\/p>\n\n\n\n<p>Desde su origen, Pro O\u2019Higgins vio en el CENA una oportunidad \u00fanica para impulsar la curiosidad cient\u00edfica y el pensamiento cr\u00edtico de j\u00f3venes de todo Chile, especialmente en torno a los desaf\u00edos agr\u00edcolas que enfrenta la regi\u00f3n y el pa\u00eds.<\/p>\n\n\n\n<p>En esta segunda edici\u00f3n, el Congreso convoc\u00f3 durante tres d\u00edas a una comitiva de cerca de 30 asistentes, representantes de 9 equipos escolares provenientes de diversas comunas del pa\u00eds, quienes compartieron proyectos, investigaciones y propuestas para avanzar hacia una agricultura m\u00e1s sostenible.<\/p>\n\n\n\n<p><strong>Autoridades celebran el inter\u00e9s y preocupaci\u00f3n de los j\u00f3venes<\/strong><\/p>\n\n\n\n<figure class=\"wp-block-image size-large\"><img loading=\"lazy\" decoding=\"async\" width=\"1024\" height=\"461\" src=\"https:\/\/www.rengoenlanoticia.cl\/prensa\/wp-content\/uploads\/2025\/11\/Premiacion-1024x461.jpeg\" alt=\"\" class=\"wp-image-7895\" srcset=\"https:\/\/www.rengoenlanoticia.cl\/prensa\/wp-content\/uploads\/2025\/11\/Premiacion-1024x461.jpeg 1024w, https:\/\/www.rengoenlanoticia.cl\/prensa\/wp-content\/uploads\/2025\/11\/Premiacion-300x135.jpeg 300w, https:\/\/www.rengoenlanoticia.cl\/prensa\/wp-content\/uploads\/2025\/11\/Premiacion-768x346.jpeg 768w, https:\/\/www.rengoenlanoticia.cl\/prensa\/wp-content\/uploads\/2025\/11\/Premiacion-110x50.jpeg 110w, https:\/\/www.rengoenlanoticia.cl\/prensa\/wp-content\/uploads\/2025\/11\/Premiacion-200x90.jpeg 200w, https:\/\/www.rengoenlanoticia.cl\/prensa\/wp-content\/uploads\/2025\/11\/Premiacion-380x171.jpeg 380w, https:\/\/www.rengoenlanoticia.cl\/prensa\/wp-content\/uploads\/2025\/11\/Premiacion-255x115.jpeg 255w, https:\/\/www.rengoenlanoticia.cl\/prensa\/wp-content\/uploads\/2025\/11\/Premiacion-550x248.jpeg 550w, https:\/\/www.rengoenlanoticia.cl\/prensa\/wp-content\/uploads\/2025\/11\/Premiacion-800x360.jpeg 800w, https:\/\/www.rengoenlanoticia.cl\/prensa\/wp-content\/uploads\/2025\/11\/Premiacion-1160x522.jpeg 1160w, https:\/\/www.rengoenlanoticia.cl\/prensa\/wp-content\/uploads\/2025\/11\/Premiacion.jpeg 1280w\" sizes=\"auto, (max-width: 1024px) 100vw, 1024px\" \/><\/figure>\n\n\n\n<p>Braulio Guzm\u00e1n, gerente general de Pro O\u2019Higgins, destac\u00f3 el valor del Congreso para el desarrollo agr\u00edcola y cient\u00edfico del pa\u00eds: \u201cEsta es una regi\u00f3n que a partir de la agricultura tiene grandes oportunidades, pero tambi\u00e9n grandes desaf\u00edos. Donde hay problemas tambi\u00e9n hay oportunidades y el CENA es una de ellas. Qu\u00e9 hacemos con los residuos de la agricultura, c\u00f3mo lograr mayor eficiencia h\u00eddrica en el riego, entre otros. Lo maravilloso es que estudiantes de 3ro y 4to medio se est\u00e9n cuestionando y buscando respuestas a estos problemas. Si cada a\u00f1o vamos a convocar a m\u00e1s j\u00f3venes del pa\u00eds para que compartan aqu\u00ed sus inquietudes desde la mirada cient\u00edfica, Pro O\u2019Higgins estar\u00e1 presente. Mis felicitaciones a los j\u00f3venes que hoy son protagonistas de este Congreso.\u201d<\/p>\n\n\n\n<p>Por su parte, el alcalde de Santa Cruz, Yamil Ethit Romero, valor\u00f3 el trabajo de los estudiantes y la articulaci\u00f3n con las instituciones de apoyo:<br>\u201cEste es un espacio para fortalecer el talento cient\u00edfico de los j\u00f3venes y entregarles las herramientas para que puedan formarse. Este es un m\u00e9rito de los j\u00f3venes y nosotros, junto con Pro O\u2019Higgins y los concejales, colaboramos porque vemos este liderazgo de los estudiantes que convocan a un evento de estas caracter\u00edsticas en nuestra comuna.\u201d<\/p>\n\n\n\n<p>Carlos Sorance S\u00e1nchez, exalumno del IRFE y uno de los gestores de la iniciativa, expres\u00f3 su satisfacci\u00f3n por la continuidad del proyecto: \u201cMe emociona mucho concretar una nueva edici\u00f3n del Congreso que naci\u00f3 con el prop\u00f3sito de dar voz a los j\u00f3venes abriendo espacios para conversar y proponer soluciones a problem\u00e1ticas agr\u00edcolas desde nuestra mirada. Queremos ayudar a construir una agricultura sostenible y humana.\u201d<\/p>\n\n\n\n<p><strong>Proyectos Ganadores<\/strong><\/p>\n\n\n\n<figure class=\"wp-block-image size-large\"><img loading=\"lazy\" decoding=\"async\" width=\"1024\" height=\"461\" src=\"https:\/\/www.rengoenlanoticia.cl\/prensa\/wp-content\/uploads\/2025\/11\/Ganador-Innovacion-1024x461.jpeg\" alt=\"\" class=\"wp-image-7893\" srcset=\"https:\/\/www.rengoenlanoticia.cl\/prensa\/wp-content\/uploads\/2025\/11\/Ganador-Innovacion-1024x461.jpeg 1024w, https:\/\/www.rengoenlanoticia.cl\/prensa\/wp-content\/uploads\/2025\/11\/Ganador-Innovacion-300x135.jpeg 300w, https:\/\/www.rengoenlanoticia.cl\/prensa\/wp-content\/uploads\/2025\/11\/Ganador-Innovacion-768x346.jpeg 768w, https:\/\/www.rengoenlanoticia.cl\/prensa\/wp-content\/uploads\/2025\/11\/Ganador-Innovacion-110x50.jpeg 110w, https:\/\/www.rengoenlanoticia.cl\/prensa\/wp-content\/uploads\/2025\/11\/Ganador-Innovacion-200x90.jpeg 200w, https:\/\/www.rengoenlanoticia.cl\/prensa\/wp-content\/uploads\/2025\/11\/Ganador-Innovacion-380x171.jpeg 380w, https:\/\/www.rengoenlanoticia.cl\/prensa\/wp-content\/uploads\/2025\/11\/Ganador-Innovacion-255x115.jpeg 255w, https:\/\/www.rengoenlanoticia.cl\/prensa\/wp-content\/uploads\/2025\/11\/Ganador-Innovacion-550x248.jpeg 550w, https:\/\/www.rengoenlanoticia.cl\/prensa\/wp-content\/uploads\/2025\/11\/Ganador-Innovacion-800x360.jpeg 800w, https:\/\/www.rengoenlanoticia.cl\/prensa\/wp-content\/uploads\/2025\/11\/Ganador-Innovacion-1160x522.jpeg 1160w, https:\/\/www.rengoenlanoticia.cl\/prensa\/wp-content\/uploads\/2025\/11\/Ganador-Innovacion.jpeg 1280w\" sizes=\"auto, (max-width: 1024px) 100vw, 1024px\" \/><\/figure>\n\n\n\n<figure class=\"wp-block-image size-large\"><img loading=\"lazy\" decoding=\"async\" width=\"1024\" height=\"461\" src=\"https:\/\/www.rengoenlanoticia.cl\/prensa\/wp-content\/uploads\/2025\/11\/Ganador-Investigacion-1024x461.jpeg\" alt=\"\" class=\"wp-image-7894\" srcset=\"https:\/\/www.rengoenlanoticia.cl\/prensa\/wp-content\/uploads\/2025\/11\/Ganador-Investigacion-1024x461.jpeg 1024w, https:\/\/www.rengoenlanoticia.cl\/prensa\/wp-content\/uploads\/2025\/11\/Ganador-Investigacion-300x135.jpeg 300w, https:\/\/www.rengoenlanoticia.cl\/prensa\/wp-content\/uploads\/2025\/11\/Ganador-Investigacion-768x346.jpeg 768w, https:\/\/www.rengoenlanoticia.cl\/prensa\/wp-content\/uploads\/2025\/11\/Ganador-Investigacion-110x50.jpeg 110w, https:\/\/www.rengoenlanoticia.cl\/prensa\/wp-content\/uploads\/2025\/11\/Ganador-Investigacion-200x90.jpeg 200w, https:\/\/www.rengoenlanoticia.cl\/prensa\/wp-content\/uploads\/2025\/11\/Ganador-Investigacion-380x171.jpeg 380w, https:\/\/www.rengoenlanoticia.cl\/prensa\/wp-content\/uploads\/2025\/11\/Ganador-Investigacion-255x115.jpeg 255w, https:\/\/www.rengoenlanoticia.cl\/prensa\/wp-content\/uploads\/2025\/11\/Ganador-Investigacion-550x248.jpeg 550w, https:\/\/www.rengoenlanoticia.cl\/prensa\/wp-content\/uploads\/2025\/11\/Ganador-Investigacion-800x360.jpeg 800w, https:\/\/www.rengoenlanoticia.cl\/prensa\/wp-content\/uploads\/2025\/11\/Ganador-Investigacion-1160x522.jpeg 1160w, https:\/\/www.rengoenlanoticia.cl\/prensa\/wp-content\/uploads\/2025\/11\/Ganador-Investigacion.jpeg 1280w\" sizes=\"auto, (max-width: 1024px) 100vw, 1024px\" \/><\/figure>\n\n\n\n<p>En la ceremonia de clausura se reconoci\u00f3 el trabajo de los equipos que destacaron en las categor\u00edas de Innovaci\u00f3n e Investigaci\u00f3n:<\/p>\n\n\n\n<ul class=\"wp-block-list\">\n<li>1er lugar en Innovaci\u00f3n:<br><em>Hidratante y bioestimulante natural para la optimizaci\u00f3n de suelos agr\u00edcolas<\/em>, presentado por estudiantes de Santa Cruz de Unco.<\/li>\n\n\n\n<li>1er lugar en Investigaci\u00f3n:<br><em>Identificaci\u00f3n de micropl\u00e1sticos en tomates comercializados en Santa Cruz<\/em>, presentado por estudiantes del colegio IRFE.<\/li>\n<\/ul>\n","protected":false},"excerpt":{"rendered":"Nueve equipos participantes y una comitiva de cerca de 30 personas, entre docentes y estudiantes de todo el&hellip;\n","protected":false},"author":1,"featured_media":7892,"comment_status":"open","ping_status":"open","sticky":false,"template":"","format":"standard","meta":{"_monsterinsights_skip_tracking":false,"_monsterinsights_sitenote_active":false,"_monsterinsights_sitenote_note":"","_monsterinsights_sitenote_category":0,"footnotes":""},"categories":[8],"tags":[],"class_list":{"0":"post-7886","1":"post","2":"type-post","3":"status-publish","4":"format-standard","5":"has-post-thumbnail","7":"category-portada"},"aioseo_notices":[],"_links":{"self":[{"href":"https:\/\/www.rengoenlanoticia.cl\/prensa\/wp-json\/wp\/v2\/posts\/7886","targetHints":{"allow":["GET"]}}],"collection":[{"href":"https:\/\/www.rengoenlanoticia.cl\/prensa\/wp-json\/wp\/v2\/posts"}],"about":[{"href":"https:\/\/www.rengoenlanoticia.cl\/prensa\/wp-json\/wp\/v2\/types\/post"}],"author":[{"embeddable":true,"href":"https:\/\/www.rengoenlanoticia.cl\/prensa\/wp-json\/wp\/v2\/users\/1"}],"replies":[{"embeddable":true,"href":"https:\/\/www.rengoenlanoticia.cl\/prensa\/wp-json\/wp\/v2\/comments?post=7886"}],"version-history":[{"count":3,"href":"https:\/\/www.rengoenlanoticia.cl\/prensa\/wp-json\/wp\/v2\/posts\/7886\/revisions"}],"predecessor-version":[{"id":7916,"href":"https:\/\/www.rengoenlanoticia.cl\/prensa\/wp-json\/wp\/v2\/posts\/7886\/revisions\/7916"}],"wp:featuredmedia":[{"embeddable":true,"href":"https:\/\/www.rengoenlanoticia.cl\/prensa\/wp-json\/wp\/v2\/media\/7892"}],"wp:attachment":[{"href":"https:\/\/www.rengoenlanoticia.cl\/prensa\/wp-json\/wp\/v2\/media?parent=7886"}],"wp:term":[{"taxonomy":"category","embeddable":true,"href":"https:\/\/www.rengoenlanoticia.cl\/prensa\/wp-json\/wp\/v2\/categories?post=7886"},{"taxonomy":"post_tag","embeddable":true,"href":"https:\/\/www.rengoenlanoticia.cl\/prensa\/wp-json\/wp\/v2\/tags?post=7886"}],"curies":[{"name":"wp","href":"https:\/\/api.w.org\/{rel}","templated":true}]}}