{"id":7885,"date":"2025-11-22T11:01:37","date_gmt":"2025-11-22T11:01:37","guid":{"rendered":"https:\/\/www.rengoenlanoticia.cl\/prensa\/?p=7885"},"modified":"2025-11-22T11:20:25","modified_gmt":"2025-11-22T11:20:25","slug":"cecosf-graneros-marca-un-antes-y-un-despues-para-la-salud-primaria-en-la-comuna","status":"publish","type":"post","link":"https:\/\/www.rengoenlanoticia.cl\/prensa\/2025\/11\/22\/cecosf-graneros-marca-un-antes-y-un-despues-para-la-salud-primaria-en-la-comuna\/","title":{"rendered":"CECOSF Graneros marca un antes y un despu\u00e9s para la salud primaria en la comuna"},"content":{"rendered":"\n<p>La nueva instalaci\u00f3n municipal permitir\u00e1 ampliar prestaciones, fortalecer el enfoque comunitario y garantizar el ingreso formal de Graneros a la red p\u00fablica de salud, convirti\u00e9ndose adem\u00e1s en un avance hist\u00f3rico para toda la regi\u00f3n de O\u2019Higgins.<\/p>\n\n\n\n<p>La inauguraci\u00f3n del Centro Comunitario de Salud Familiar (CECOSF) Graneros se convirti\u00f3 en un momento hist\u00f3rico para la comuna, al transformarse en el primer dispositivo municipal de Atenci\u00f3n Primaria de Salud (APS) y en un s\u00edmbolo del fortalecimiento del sistema sanitario local.<\/p>\n\n\n\n<p>Este avance, fruto del trabajo articulado entre la Municipalidad de Graneros, el Servicio de Salud O\u2019Higgins y el Ministerio de Salud, permite regularizar prestaciones, ampliar la oferta program\u00e1tica y formalizar el ingreso de la comuna a la red p\u00fablica, sentando las bases para un desarrollo sostenido de la atenci\u00f3n comunitaria.<\/p>\n\n\n\n<p>Adem\u00e1s, su habilitaci\u00f3n tambi\u00e9n representa un hito regional: con la puesta en marcha del CECOSF Graneros, las 32 comunas dependientes de la regi\u00f3n O\u2019Higgins cuentan por primera vez con uno o m\u00e1s establecimientos de APS regulados bajo normativa sanitaria vigente, fortaleciendo as\u00ed la cobertura y cercan\u00eda de los servicios de salud en todo el territorio.<\/p>\n\n\n\n<figure class=\"wp-block-image size-large\"><img loading=\"lazy\" decoding=\"async\" width=\"1024\" height=\"768\" src=\"https:\/\/www.rengoenlanoticia.cl\/prensa\/wp-content\/uploads\/2025\/11\/CECOSF-Graneros-7-1024x768.jpeg\" alt=\"\" class=\"wp-image-7890\" srcset=\"https:\/\/www.rengoenlanoticia.cl\/prensa\/wp-content\/uploads\/2025\/11\/CECOSF-Graneros-7-1024x768.jpeg 1024w, https:\/\/www.rengoenlanoticia.cl\/prensa\/wp-content\/uploads\/2025\/11\/CECOSF-Graneros-7-300x225.jpeg 300w, https:\/\/www.rengoenlanoticia.cl\/prensa\/wp-content\/uploads\/2025\/11\/CECOSF-Graneros-7-768x576.jpeg 768w, https:\/\/www.rengoenlanoticia.cl\/prensa\/wp-content\/uploads\/2025\/11\/CECOSF-Graneros-7-110x83.jpeg 110w, https:\/\/www.rengoenlanoticia.cl\/prensa\/wp-content\/uploads\/2025\/11\/CECOSF-Graneros-7-200x150.jpeg 200w, https:\/\/www.rengoenlanoticia.cl\/prensa\/wp-content\/uploads\/2025\/11\/CECOSF-Graneros-7-380x285.jpeg 380w, https:\/\/www.rengoenlanoticia.cl\/prensa\/wp-content\/uploads\/2025\/11\/CECOSF-Graneros-7-255x191.jpeg 255w, https:\/\/www.rengoenlanoticia.cl\/prensa\/wp-content\/uploads\/2025\/11\/CECOSF-Graneros-7-550x413.jpeg 550w, https:\/\/www.rengoenlanoticia.cl\/prensa\/wp-content\/uploads\/2025\/11\/CECOSF-Graneros-7-800x600.jpeg 800w, https:\/\/www.rengoenlanoticia.cl\/prensa\/wp-content\/uploads\/2025\/11\/CECOSF-Graneros-7-1160x870.jpeg 1160w, https:\/\/www.rengoenlanoticia.cl\/prensa\/wp-content\/uploads\/2025\/11\/CECOSF-Graneros-7.jpeg 1280w\" sizes=\"auto, (max-width: 1024px) 100vw, 1024px\" \/><\/figure>\n\n\n\n<p>El Subsecretario de Redes Asistenciales del MINSAL, Bernardo Martorell, relev\u00f3 la importancia de este avance para la comuna, ya que \u201ccontar con un CECOSF y con atenci\u00f3n primaria municipalizada abre una puerta de desarrollo para el futuro, con servicios para la comunidad y con la presencia del Estado. Hemos encontrado un aliado fundamental en el municipio y en el Servicio de Salud para seguir avanzando en nuevos proyectos\u201d.<\/p>\n\n\n\n<figure class=\"wp-block-image size-large\"><img loading=\"lazy\" decoding=\"async\" width=\"1024\" height=\"768\" src=\"https:\/\/www.rengoenlanoticia.cl\/prensa\/wp-content\/uploads\/2025\/11\/CECOSF-Graneros-5-1024x768.jpeg\" alt=\"\" class=\"wp-image-7891\" srcset=\"https:\/\/www.rengoenlanoticia.cl\/prensa\/wp-content\/uploads\/2025\/11\/CECOSF-Graneros-5-1024x768.jpeg 1024w, https:\/\/www.rengoenlanoticia.cl\/prensa\/wp-content\/uploads\/2025\/11\/CECOSF-Graneros-5-300x225.jpeg 300w, https:\/\/www.rengoenlanoticia.cl\/prensa\/wp-content\/uploads\/2025\/11\/CECOSF-Graneros-5-768x576.jpeg 768w, https:\/\/www.rengoenlanoticia.cl\/prensa\/wp-content\/uploads\/2025\/11\/CECOSF-Graneros-5-110x83.jpeg 110w, https:\/\/www.rengoenlanoticia.cl\/prensa\/wp-content\/uploads\/2025\/11\/CECOSF-Graneros-5-200x150.jpeg 200w, https:\/\/www.rengoenlanoticia.cl\/prensa\/wp-content\/uploads\/2025\/11\/CECOSF-Graneros-5-380x285.jpeg 380w, https:\/\/www.rengoenlanoticia.cl\/prensa\/wp-content\/uploads\/2025\/11\/CECOSF-Graneros-5-255x191.jpeg 255w, https:\/\/www.rengoenlanoticia.cl\/prensa\/wp-content\/uploads\/2025\/11\/CECOSF-Graneros-5-550x413.jpeg 550w, https:\/\/www.rengoenlanoticia.cl\/prensa\/wp-content\/uploads\/2025\/11\/CECOSF-Graneros-5-800x600.jpeg 800w, https:\/\/www.rengoenlanoticia.cl\/prensa\/wp-content\/uploads\/2025\/11\/CECOSF-Graneros-5-1160x870.jpeg 1160w, https:\/\/www.rengoenlanoticia.cl\/prensa\/wp-content\/uploads\/2025\/11\/CECOSF-Graneros-5.jpeg 1280w\" sizes=\"auto, (max-width: 1024px) 100vw, 1024px\" \/><\/figure>\n\n\n\n<p>El alcalde de Graneros, Marcelo Mi\u00f1a\u00f1ir, a\u00f1adi\u00f3 que la inauguraci\u00f3n tendr\u00e1 un impacto directo tanto en la comunidad como en la gesti\u00f3n municipal, debido a que este corresponde a \u201cun espacio propio, remodelado y pensado para nuestros vecinos. Adem\u00e1s, permitir\u00e1 aliviar el impacto financiero municipal que antes significaba sostener un servicio de salud con recursos propios. Hoy tendremos financiamiento externo y podremos sumar nuevas horas y servicios para mejorar la salud de la comunidad\u201d.<\/p>\n\n\n\n<p>Por su parte, la Directora de Atenci\u00f3n Primaria del Servicio de Salud O\u2019Higgins, Carolina Silva, destac\u00f3 que se trata de un avance doble al tratarse de un hito de car\u00e1cter \u201ccomunal y tambi\u00e9n regional, porque con este dispositivo todas las comunas cuentan con atenci\u00f3n primaria. Esto fortalece la prevenci\u00f3n, la promoci\u00f3n y el mandato de acercar la salud a las personas\u201d.<\/p>\n\n\n\n<p>Desde el Hospital de Graneros, su director Mauricio Aedo valor\u00f3 la descongesti\u00f3n que permitir\u00e1 esta nueva oferta asistencial, ya que el hospital \u201cno da abasto para la poblaci\u00f3n actual, que ya bordea los 38 mil habitantes. Este CECOSF viene a disminuir esa brecha y a aumentar las horas de atenci\u00f3n de morbilidad y consulta espont\u00e1nea. Esperamos trabajar como una verdadera red en beneficio de los usuarios\u201d.<\/p>\n\n\n\n<p>La inauguraci\u00f3n del CECOSF Graneros no solo transforma el acceso a la salud en la comuna, sino que reafirma el compromiso de las instituciones por fortalecer la atenci\u00f3n primaria y acercar los servicios a cada vecino y vecina. Se trata de un paso decisivo hacia un sistema m\u00e1s equitativo, integrado y centrado en las personas.<\/p>\n","protected":false},"excerpt":{"rendered":"La nueva instalaci\u00f3n municipal permitir\u00e1 ampliar prestaciones, fortalecer el enfoque comunitario y garantizar el ingreso formal de Graneros&hellip;\n","protected":false},"author":1,"featured_media":7889,"comment_status":"open","ping_status":"open","sticky":false,"template":"","format":"standard","meta":{"_monsterinsights_skip_tracking":false,"_monsterinsights_sitenote_active":false,"_monsterinsights_sitenote_note":"","_monsterinsights_sitenote_category":0,"footnotes":""},"categories":[8],"tags":[],"class_list":{"0":"post-7885","1":"post","2":"type-post","3":"status-publish","4":"format-standard","5":"has-post-thumbnail","7":"category-portada"},"aioseo_notices":[],"_links":{"self":[{"href":"https:\/\/www.rengoenlanoticia.cl\/prensa\/wp-json\/wp\/v2\/posts\/7885","targetHints":{"allow":["GET"]}}],"collection":[{"href":"https:\/\/www.rengoenlanoticia.cl\/prensa\/wp-json\/wp\/v2\/posts"}],"about":[{"href":"https:\/\/www.rengoenlanoticia.cl\/prensa\/wp-json\/wp\/v2\/types\/post"}],"author":[{"embeddable":true,"href":"https:\/\/www.rengoenlanoticia.cl\/prensa\/wp-json\/wp\/v2\/users\/1"}],"replies":[{"embeddable":true,"href":"https:\/\/www.rengoenlanoticia.cl\/prensa\/wp-json\/wp\/v2\/comments?post=7885"}],"version-history":[{"count":3,"href":"https:\/\/www.rengoenlanoticia.cl\/prensa\/wp-json\/wp\/v2\/posts\/7885\/revisions"}],"predecessor-version":[{"id":7911,"href":"https:\/\/www.rengoenlanoticia.cl\/prensa\/wp-json\/wp\/v2\/posts\/7885\/revisions\/7911"}],"wp:featuredmedia":[{"embeddable":true,"href":"https:\/\/www.rengoenlanoticia.cl\/prensa\/wp-json\/wp\/v2\/media\/7889"}],"wp:attachment":[{"href":"https:\/\/www.rengoenlanoticia.cl\/prensa\/wp-json\/wp\/v2\/media?parent=7885"}],"wp:term":[{"taxonomy":"category","embeddable":true,"href":"https:\/\/www.rengoenlanoticia.cl\/prensa\/wp-json\/wp\/v2\/categories?post=7885"},{"taxonomy":"post_tag","embeddable":true,"href":"https:\/\/www.rengoenlanoticia.cl\/prensa\/wp-json\/wp\/v2\/tags?post=7885"}],"curies":[{"name":"wp","href":"https:\/\/api.w.org\/{rel}","templated":true}]}}