{"id":7857,"date":"2025-11-21T10:18:50","date_gmt":"2025-11-21T10:18:50","guid":{"rendered":"https:\/\/www.rengoenlanoticia.cl\/prensa\/?p=7857"},"modified":"2025-11-21T10:18:53","modified_gmt":"2025-11-21T10:18:53","slug":"senador-castro-alerta-golpe-bajo-a-la-atencion-primaria-y-critica-falta-de-claridad-en-listas-de-espera","status":"publish","type":"post","link":"https:\/\/www.rengoenlanoticia.cl\/prensa\/2025\/11\/21\/senador-castro-alerta-golpe-bajo-a-la-atencion-primaria-y-critica-falta-de-claridad-en-listas-de-espera\/","title":{"rendered":"Senador Castro alerta \u201cgolpe bajo\u201d a la Atenci\u00f3n Primaria y critica falta de claridad en listas de espera"},"content":{"rendered":"\n<p><em>Advirti\u00f3 que el presupuesto de salud 2026 est\u00e1 dejando \u201cpuntos ciegos\u201d que podr\u00edan afectar directamente a pacientes de consultorios y hospitales.&nbsp;<\/em><\/p>\n\n\n\n<p>El senador Juan Luis Castro advirti\u00f3 que la discusi\u00f3n del presupuesto 2026 est\u00e1 \u201cespecialmente compleja\u201d, luego de que la C\u00e1mara de Diputados rechazara varias partidas clave, incluida salud.&nbsp;<\/p>\n\n\n\n<p>Explic\u00f3 que la oposici\u00f3n quiere reevaluar los ingresos proyectados por el Gobierno, lo que ha tensado el debate. \u201cMis expectativas son modestas\u201d, se\u00f1al\u00f3, afirmando que gran parte de la negociaci\u00f3n tendr\u00e1 que resolverse en la Comisi\u00f3n Mixta.<\/p>\n\n\n\n<p>Uno de los puntos que m\u00e1s preocupa al senador es el impacto en los consultorios del pa\u00eds. Castro calific\u00f3 como un \u201cgolpe muy bajo\u201d que el presupuesto vuelva a congelar el per c\u00e1pita, es decir, el dinero que reciben los municipios por cada paciente. \u201cLa Atenci\u00f3n Primaria es la puerta de entrada al sistema, y si se congela su financiamiento, se afecta a millones de personas que se atienden en los consultorios\u201d, explic\u00f3.<\/p>\n\n\n\n<p>Tambi\u00e9n cuestion\u00f3 que el programa Atenci\u00f3n Primaria Universal \u2014considerado parte de la reforma de salud\u2014 est\u00e9 siendo dejado de lado por falta de recursos.<\/p>\n\n\n\n<p>Otro punto cr\u00edtico es la reducci\u00f3n de las listas de espera. Castro afirm\u00f3 que el presupuesto 2026 no explica con claridad qu\u00e9 montos se usar\u00e1n, c\u00f3mo se repartir\u00e1n, ni c\u00f3mo se medir\u00e1 el avance. \u201cNo se ve la trazabilidad de los recursos. Sin transparencia, es dif\u00edcil asegurar que los tiempos de espera realmente bajen\u201d, se\u00f1al\u00f3. Record\u00f3 que m\u00e1s de un mill\u00f3n de personas hoy esperan una cirug\u00eda o consulta &#8211; en algunos casos- por m\u00e1s de 300 d\u00edas.<\/p>\n\n\n\n<p>Castro tambi\u00e9n cuestion\u00f3 que la enorme deuda de los hospitales con proveedores \u2014que supera los 150 millones de d\u00f3lares\u2014 siga oculta dentro de un \u00edtem general del presupuesto. Se\u00f1al\u00f3 que el Ministerio de Hacienda no permite identificar qu\u00e9 servicios de salud est\u00e1n gestionando bien y cu\u00e1les necesitan intervenci\u00f3n. \u201cLos parlamentarios votamos a ciegas. Si no sabemos d\u00f3nde est\u00e1 el problema, \u00bfc\u00f3mo lo solucionamos?\u201d, afirm\u00f3.<\/p>\n","protected":false},"excerpt":{"rendered":"Advirti\u00f3 que el presupuesto de salud 2026 est\u00e1 dejando \u201cpuntos ciegos\u201d que podr\u00edan afectar directamente a pacientes de&hellip;\n","protected":false},"author":1,"featured_media":7865,"comment_status":"open","ping_status":"open","sticky":false,"template":"","format":"standard","meta":{"_monsterinsights_skip_tracking":false,"_monsterinsights_sitenote_active":false,"_monsterinsights_sitenote_note":"","_monsterinsights_sitenote_category":0,"footnotes":""},"categories":[11,8],"tags":[],"class_list":{"0":"post-7857","1":"post","2":"type-post","3":"status-publish","4":"format-standard","5":"has-post-thumbnail","7":"category-politica","8":"category-portada"},"aioseo_notices":[],"_links":{"self":[{"href":"https:\/\/www.rengoenlanoticia.cl\/prensa\/wp-json\/wp\/v2\/posts\/7857","targetHints":{"allow":["GET"]}}],"collection":[{"href":"https:\/\/www.rengoenlanoticia.cl\/prensa\/wp-json\/wp\/v2\/posts"}],"about":[{"href":"https:\/\/www.rengoenlanoticia.cl\/prensa\/wp-json\/wp\/v2\/types\/post"}],"author":[{"embeddable":true,"href":"https:\/\/www.rengoenlanoticia.cl\/prensa\/wp-json\/wp\/v2\/users\/1"}],"replies":[{"embeddable":true,"href":"https:\/\/www.rengoenlanoticia.cl\/prensa\/wp-json\/wp\/v2\/comments?post=7857"}],"version-history":[{"count":3,"href":"https:\/\/www.rengoenlanoticia.cl\/prensa\/wp-json\/wp\/v2\/posts\/7857\/revisions"}],"predecessor-version":[{"id":7871,"href":"https:\/\/www.rengoenlanoticia.cl\/prensa\/wp-json\/wp\/v2\/posts\/7857\/revisions\/7871"}],"wp:featuredmedia":[{"embeddable":true,"href":"https:\/\/www.rengoenlanoticia.cl\/prensa\/wp-json\/wp\/v2\/media\/7865"}],"wp:attachment":[{"href":"https:\/\/www.rengoenlanoticia.cl\/prensa\/wp-json\/wp\/v2\/media?parent=7857"}],"wp:term":[{"taxonomy":"category","embeddable":true,"href":"https:\/\/www.rengoenlanoticia.cl\/prensa\/wp-json\/wp\/v2\/categories?post=7857"},{"taxonomy":"post_tag","embeddable":true,"href":"https:\/\/www.rengoenlanoticia.cl\/prensa\/wp-json\/wp\/v2\/tags?post=7857"}],"curies":[{"name":"wp","href":"https:\/\/api.w.org\/{rel}","templated":true}]}}