{"id":7855,"date":"2025-11-21T10:15:33","date_gmt":"2025-11-21T10:15:33","guid":{"rendered":"https:\/\/www.rengoenlanoticia.cl\/prensa\/?p=7855"},"modified":"2025-11-21T10:15:37","modified_gmt":"2025-11-21T10:15:37","slug":"festival-de-cine-de-rengo-2025-inaugura-su-21a-edicion-con-la-candidata-chilena-al-oscar-la-misteriosa-mirada-del-flamenco-y-afiche-creado-por-el-maestro-jan-svankmajer","status":"publish","type":"post","link":"https:\/\/www.rengoenlanoticia.cl\/prensa\/2025\/11\/21\/festival-de-cine-de-rengo-2025-inaugura-su-21a-edicion-con-la-candidata-chilena-al-oscar-la-misteriosa-mirada-del-flamenco-y-afiche-creado-por-el-maestro-jan-svankmajer\/","title":{"rendered":"Festival de Cine de Rengo 2025 inaugura su 21\u00aa edici\u00f3n con la candidata chilena al \u00d3scar \u201cLa misteriosa mirada del flamenco\u201d y afiche creado por el maestro Jan \u0160vankmajer"},"content":{"rendered":"\n<p>El Festival Internacional de Cine de Rengo FECIR celebra 21 a\u00f1os con cine de clase mundial y grandes invitados&nbsp;<\/p>\n\n\n\n<p>&#8211;<em>El certamen se realizar\u00e1 del 24 al 29 de noviembre con entrada liberada.<\/em>&nbsp;<\/p>\n\n\n\n<p>&#8211;<em>La apertura estar\u00e1 a cargo de la premiada cinta chilena \u201cLa misteriosa mirada del flamenco\u201d, presentada por su protagonista.<\/em>&nbsp;<\/p>\n\n\n\n<p>&#8211;<em>La imagen oficial de este a\u00f1o fue dise\u00f1ada por la leyenda del cine de animaci\u00f3n, Jan \u0160vankmajer.<\/em><\/p>\n\n\n\n<p>Este lunes 24 de noviembre comienza la vig\u00e9simo primera versi\u00f3n del Festival Internacional de Cine de Rengo 2025, abriendo con la pel\u00edcula chilena m\u00e1s importante del a\u00f1o \u201cLa misteriosa mirada del flamenco\u201d del director Diego C\u00e9spedes, la cual gan\u00f3 en mayo el premio Un Certain Regard en el Festival de Cine de Cannes en Francia, luego en septiembre gan\u00f3 el Premio del P\u00fablico Joven y Premio Sebastiane Latino del Festival de Cine de San Sebasti\u00e1n en Espa\u00f1a, en el mismo mes fue elegida por la Academia de Cine de Chile para representar a Chile en los premios \u00d3scar 2026 (Mejor Pel\u00edcula Internacional) y Goya 2026 (Mejor Pel\u00edcula Iberoamericana). Para la inauguraci\u00f3n de FECIR ser\u00e1 presentada por la actriz de la pel\u00edcula Alexa Edison y el actor local Leonardo Pizarro quien tuvo una breve participaci\u00f3n en la cinta, con quienes el p\u00fablico podr\u00e1 compartir y hacer preguntas.&nbsp;&nbsp;<\/p>\n\n\n\n<figure class=\"wp-block-image size-large\"><img loading=\"lazy\" decoding=\"async\" width=\"1024\" height=\"576\" src=\"https:\/\/www.rengoenlanoticia.cl\/prensa\/wp-content\/uploads\/2025\/11\/La-misteriosa-mirada_FECIR-1024x576.jpg\" alt=\"\" class=\"wp-image-7859\" srcset=\"https:\/\/www.rengoenlanoticia.cl\/prensa\/wp-content\/uploads\/2025\/11\/La-misteriosa-mirada_FECIR-1024x576.jpg 1024w, https:\/\/www.rengoenlanoticia.cl\/prensa\/wp-content\/uploads\/2025\/11\/La-misteriosa-mirada_FECIR-300x169.jpg 300w, https:\/\/www.rengoenlanoticia.cl\/prensa\/wp-content\/uploads\/2025\/11\/La-misteriosa-mirada_FECIR-768x432.jpg 768w, https:\/\/www.rengoenlanoticia.cl\/prensa\/wp-content\/uploads\/2025\/11\/La-misteriosa-mirada_FECIR-1536x864.jpg 1536w, https:\/\/www.rengoenlanoticia.cl\/prensa\/wp-content\/uploads\/2025\/11\/La-misteriosa-mirada_FECIR-110x62.jpg 110w, https:\/\/www.rengoenlanoticia.cl\/prensa\/wp-content\/uploads\/2025\/11\/La-misteriosa-mirada_FECIR-200x113.jpg 200w, https:\/\/www.rengoenlanoticia.cl\/prensa\/wp-content\/uploads\/2025\/11\/La-misteriosa-mirada_FECIR-380x214.jpg 380w, https:\/\/www.rengoenlanoticia.cl\/prensa\/wp-content\/uploads\/2025\/11\/La-misteriosa-mirada_FECIR-255x143.jpg 255w, https:\/\/www.rengoenlanoticia.cl\/prensa\/wp-content\/uploads\/2025\/11\/La-misteriosa-mirada_FECIR-550x309.jpg 550w, https:\/\/www.rengoenlanoticia.cl\/prensa\/wp-content\/uploads\/2025\/11\/La-misteriosa-mirada_FECIR-800x450.jpg 800w, https:\/\/www.rengoenlanoticia.cl\/prensa\/wp-content\/uploads\/2025\/11\/La-misteriosa-mirada_FECIR-1160x653.jpg 1160w, https:\/\/www.rengoenlanoticia.cl\/prensa\/wp-content\/uploads\/2025\/11\/La-misteriosa-mirada_FECIR.jpg 1920w\" sizes=\"auto, (max-width: 1024px) 100vw, 1024px\" \/><\/figure>\n\n\n\n<p>El festival que se realiza desde el a\u00f1o 2005 en la ciudad de Rengo, este a\u00f1o cuenta con una incre\u00edble programaci\u00f3n con pel\u00edculas estrenos nacionales e internacionales, entre las que figura la \u00faltima obra de Patricio Valladares \u201cLo que dej\u00f3 la marea\u201d o la \u00f3pera prima de Ro Olivares \u201cPlaya escondida\u201d la cual ser\u00e1 presentada por su director y actores. Adem\u00e1s figuran exhibiciones de cine documental que han dado qu\u00e9 hablar durante el a\u00f1o como \u201cAl sur del invierno est\u00e1 la nieve\u201d de Sebastian Vidal Campos o \u201cYo no canto por cantar\u201d de Ana L&#8217;homme. Y para los amantes de los cortometrajes podr\u00e1n revisar la competencia internacional o la competencia de producci\u00f3n regional con exclusivos estrenos como \u201cUrsula\u201d de Edison Cajas, \u201cSukua\u201d del director Omar E. Ospina de Colombia o \u201cIceberg\u201d de Kathrin Wuescher de Suiza.&nbsp;<\/p>\n\n\n\n<p>Uno de los detalles del certamen es que cada a\u00f1o el afiche es realizado por destacados artistas del mundo como el a\u00f1o 2022 creado por el cineasta franc\u00e9s Michel Gondry o el a\u00f1o 2017 por el animador estadounidense Bill Plympton, este a\u00f1o la pieza gr\u00e1fica fue creada por uno de los cineastas m\u00e1s influyentes del mundo el maestro Jan \u0160vankmajer de 91 a\u00f1os originario de Praga en el actual Rep\u00fablica Checa. Reconocido en festivales como Cannes, Annecy, Berl\u00edn o Krakov ha generado una vasta trayectoria de producciones de cine con un estilo \u00fanico y surrealista.&nbsp;<\/p>\n\n\n\n<p>El 21\u00b0 Festival Internacional de Cine de Rengo desarrollar\u00e1 adem\u00e1s en paralelo el 5\u00b0Encuentro de Mujeres Audiovisualistas de la regi\u00f3n de O\u2019Higgins en donde se conversa y reflexiona sobre el rol de la mujer en el rubro audiovisual, generando acciones concretas que ayuda a avanzar en mejorar las condiciones en general en la producci\u00f3n.&nbsp;<\/p>\n\n\n\n<p>El certamen de cine en Rengo se realizar\u00e1 del 24 al 29 de noviembre y es completamente gratuito, pero con reserva de entradas. Adem\u00e1s cuenta con sedes en San Vicente, Requ\u00ednoa, Rancagua y Ch\u00e9pica. No te pierdas todos los detalles del festival en su p\u00e1gina web<a href=\"http:\/\/www.fecir.cl\/\" target=\"_blank\" rel=\"noreferrer noopener\"> www.fecir.cl<\/a> en donde podr\u00e1s reservar las entradas a las pel\u00edculas que en varios casos ser\u00e1n presentadas por sus propios realizadores acampados de los actores, tambi\u00e9n lo puedes seguir en redes sociales como @festivalcinerengo&nbsp;&nbsp;<\/p>\n\n\n\n<figure class=\"wp-block-image size-large\"><img loading=\"lazy\" decoding=\"async\" width=\"704\" height=\"1024\" src=\"https:\/\/www.rengoenlanoticia.cl\/prensa\/wp-content\/uploads\/2025\/11\/Afiche-FECIR-2025_Redes-704x1024.jpg\" alt=\"\" class=\"wp-image-7858\" srcset=\"https:\/\/www.rengoenlanoticia.cl\/prensa\/wp-content\/uploads\/2025\/11\/Afiche-FECIR-2025_Redes-704x1024.jpg 704w, https:\/\/www.rengoenlanoticia.cl\/prensa\/wp-content\/uploads\/2025\/11\/Afiche-FECIR-2025_Redes-206x300.jpg 206w, https:\/\/www.rengoenlanoticia.cl\/prensa\/wp-content\/uploads\/2025\/11\/Afiche-FECIR-2025_Redes-768x1117.jpg 768w, https:\/\/www.rengoenlanoticia.cl\/prensa\/wp-content\/uploads\/2025\/11\/Afiche-FECIR-2025_Redes-1056x1536.jpg 1056w, https:\/\/www.rengoenlanoticia.cl\/prensa\/wp-content\/uploads\/2025\/11\/Afiche-FECIR-2025_Redes-1408x2048.jpg 1408w, https:\/\/www.rengoenlanoticia.cl\/prensa\/wp-content\/uploads\/2025\/11\/Afiche-FECIR-2025_Redes-110x160.jpg 110w, https:\/\/www.rengoenlanoticia.cl\/prensa\/wp-content\/uploads\/2025\/11\/Afiche-FECIR-2025_Redes-200x291.jpg 200w, https:\/\/www.rengoenlanoticia.cl\/prensa\/wp-content\/uploads\/2025\/11\/Afiche-FECIR-2025_Redes-380x553.jpg 380w, https:\/\/www.rengoenlanoticia.cl\/prensa\/wp-content\/uploads\/2025\/11\/Afiche-FECIR-2025_Redes-255x371.jpg 255w, https:\/\/www.rengoenlanoticia.cl\/prensa\/wp-content\/uploads\/2025\/11\/Afiche-FECIR-2025_Redes-300x436.jpg 300w, https:\/\/www.rengoenlanoticia.cl\/prensa\/wp-content\/uploads\/2025\/11\/Afiche-FECIR-2025_Redes-550x800.jpg 550w, https:\/\/www.rengoenlanoticia.cl\/prensa\/wp-content\/uploads\/2025\/11\/Afiche-FECIR-2025_Redes-800x1164.jpg 800w, https:\/\/www.rengoenlanoticia.cl\/prensa\/wp-content\/uploads\/2025\/11\/Afiche-FECIR-2025_Redes-1160x1688.jpg 1160w, https:\/\/www.rengoenlanoticia.cl\/prensa\/wp-content\/uploads\/2025\/11\/Afiche-FECIR-2025_Redes.jpg 1559w\" sizes=\"auto, (max-width: 704px) 100vw, 704px\" \/><\/figure>\n\n\n\n<figure class=\"wp-block-image size-large\"><img loading=\"lazy\" decoding=\"async\" width=\"819\" height=\"1024\" src=\"https:\/\/www.rengoenlanoticia.cl\/prensa\/wp-content\/uploads\/2025\/11\/Doc-nac-03-819x1024.jpg\" alt=\"\" class=\"wp-image-7860\" srcset=\"https:\/\/www.rengoenlanoticia.cl\/prensa\/wp-content\/uploads\/2025\/11\/Doc-nac-03-819x1024.jpg 819w, https:\/\/www.rengoenlanoticia.cl\/prensa\/wp-content\/uploads\/2025\/11\/Doc-nac-03-240x300.jpg 240w, https:\/\/www.rengoenlanoticia.cl\/prensa\/wp-content\/uploads\/2025\/11\/Doc-nac-03-768x960.jpg 768w, https:\/\/www.rengoenlanoticia.cl\/prensa\/wp-content\/uploads\/2025\/11\/Doc-nac-03-110x137.jpg 110w, https:\/\/www.rengoenlanoticia.cl\/prensa\/wp-content\/uploads\/2025\/11\/Doc-nac-03-200x250.jpg 200w, https:\/\/www.rengoenlanoticia.cl\/prensa\/wp-content\/uploads\/2025\/11\/Doc-nac-03-380x475.jpg 380w, https:\/\/www.rengoenlanoticia.cl\/prensa\/wp-content\/uploads\/2025\/11\/Doc-nac-03-255x318.jpg 255w, https:\/\/www.rengoenlanoticia.cl\/prensa\/wp-content\/uploads\/2025\/11\/Doc-nac-03-300x375.jpg 300w, https:\/\/www.rengoenlanoticia.cl\/prensa\/wp-content\/uploads\/2025\/11\/Doc-nac-03-550x687.jpg 550w, https:\/\/www.rengoenlanoticia.cl\/prensa\/wp-content\/uploads\/2025\/11\/Doc-nac-03-800x1000.jpg 800w, https:\/\/www.rengoenlanoticia.cl\/prensa\/wp-content\/uploads\/2025\/11\/Doc-nac-03.jpg 1080w\" sizes=\"auto, (max-width: 819px) 100vw, 819px\" \/><\/figure>\n\n\n\n<figure class=\"wp-block-image size-large\"><img loading=\"lazy\" decoding=\"async\" width=\"1024\" height=\"576\" src=\"https:\/\/www.rengoenlanoticia.cl\/prensa\/wp-content\/uploads\/2025\/11\/La-misteriosa-mirada_FECIR_3-1024x576.jpg\" alt=\"\" class=\"wp-image-7861\" srcset=\"https:\/\/www.rengoenlanoticia.cl\/prensa\/wp-content\/uploads\/2025\/11\/La-misteriosa-mirada_FECIR_3-1024x576.jpg 1024w, https:\/\/www.rengoenlanoticia.cl\/prensa\/wp-content\/uploads\/2025\/11\/La-misteriosa-mirada_FECIR_3-300x169.jpg 300w, https:\/\/www.rengoenlanoticia.cl\/prensa\/wp-content\/uploads\/2025\/11\/La-misteriosa-mirada_FECIR_3-768x432.jpg 768w, https:\/\/www.rengoenlanoticia.cl\/prensa\/wp-content\/uploads\/2025\/11\/La-misteriosa-mirada_FECIR_3-1536x864.jpg 1536w, https:\/\/www.rengoenlanoticia.cl\/prensa\/wp-content\/uploads\/2025\/11\/La-misteriosa-mirada_FECIR_3-110x62.jpg 110w, https:\/\/www.rengoenlanoticia.cl\/prensa\/wp-content\/uploads\/2025\/11\/La-misteriosa-mirada_FECIR_3-200x113.jpg 200w, https:\/\/www.rengoenlanoticia.cl\/prensa\/wp-content\/uploads\/2025\/11\/La-misteriosa-mirada_FECIR_3-380x214.jpg 380w, https:\/\/www.rengoenlanoticia.cl\/prensa\/wp-content\/uploads\/2025\/11\/La-misteriosa-mirada_FECIR_3-255x143.jpg 255w, https:\/\/www.rengoenlanoticia.cl\/prensa\/wp-content\/uploads\/2025\/11\/La-misteriosa-mirada_FECIR_3-550x309.jpg 550w, https:\/\/www.rengoenlanoticia.cl\/prensa\/wp-content\/uploads\/2025\/11\/La-misteriosa-mirada_FECIR_3-800x450.jpg 800w, https:\/\/www.rengoenlanoticia.cl\/prensa\/wp-content\/uploads\/2025\/11\/La-misteriosa-mirada_FECIR_3-1160x653.jpg 1160w, https:\/\/www.rengoenlanoticia.cl\/prensa\/wp-content\/uploads\/2025\/11\/La-misteriosa-mirada_FECIR_3.jpg 1920w\" sizes=\"auto, (max-width: 1024px) 100vw, 1024px\" \/><\/figure>\n\n\n\n<figure class=\"wp-block-image size-large\"><img loading=\"lazy\" decoding=\"async\" width=\"1024\" height=\"576\" src=\"https:\/\/www.rengoenlanoticia.cl\/prensa\/wp-content\/uploads\/2025\/11\/La-misteriosa-mirada_FECIR_2-1024x576.jpg\" alt=\"\" class=\"wp-image-7864\" srcset=\"https:\/\/www.rengoenlanoticia.cl\/prensa\/wp-content\/uploads\/2025\/11\/La-misteriosa-mirada_FECIR_2-1024x576.jpg 1024w, https:\/\/www.rengoenlanoticia.cl\/prensa\/wp-content\/uploads\/2025\/11\/La-misteriosa-mirada_FECIR_2-300x169.jpg 300w, https:\/\/www.rengoenlanoticia.cl\/prensa\/wp-content\/uploads\/2025\/11\/La-misteriosa-mirada_FECIR_2-768x432.jpg 768w, https:\/\/www.rengoenlanoticia.cl\/prensa\/wp-content\/uploads\/2025\/11\/La-misteriosa-mirada_FECIR_2-1536x864.jpg 1536w, https:\/\/www.rengoenlanoticia.cl\/prensa\/wp-content\/uploads\/2025\/11\/La-misteriosa-mirada_FECIR_2-110x62.jpg 110w, https:\/\/www.rengoenlanoticia.cl\/prensa\/wp-content\/uploads\/2025\/11\/La-misteriosa-mirada_FECIR_2-200x113.jpg 200w, https:\/\/www.rengoenlanoticia.cl\/prensa\/wp-content\/uploads\/2025\/11\/La-misteriosa-mirada_FECIR_2-380x214.jpg 380w, https:\/\/www.rengoenlanoticia.cl\/prensa\/wp-content\/uploads\/2025\/11\/La-misteriosa-mirada_FECIR_2-255x143.jpg 255w, https:\/\/www.rengoenlanoticia.cl\/prensa\/wp-content\/uploads\/2025\/11\/La-misteriosa-mirada_FECIR_2-550x309.jpg 550w, https:\/\/www.rengoenlanoticia.cl\/prensa\/wp-content\/uploads\/2025\/11\/La-misteriosa-mirada_FECIR_2-800x450.jpg 800w, https:\/\/www.rengoenlanoticia.cl\/prensa\/wp-content\/uploads\/2025\/11\/La-misteriosa-mirada_FECIR_2-1160x653.jpg 1160w, https:\/\/www.rengoenlanoticia.cl\/prensa\/wp-content\/uploads\/2025\/11\/La-misteriosa-mirada_FECIR_2.jpg 1920w\" sizes=\"auto, (max-width: 1024px) 100vw, 1024px\" \/><\/figure>\n","protected":false},"excerpt":{"rendered":"El Festival Internacional de Cine de Rengo FECIR celebra 21 a\u00f1os con cine de clase mundial y grandes&hellip;\n","protected":false},"author":1,"featured_media":7858,"comment_status":"open","ping_status":"open","sticky":false,"template":"","format":"standard","meta":{"_monsterinsights_skip_tracking":false,"_monsterinsights_sitenote_active":false,"_monsterinsights_sitenote_note":"","_monsterinsights_sitenote_category":0,"footnotes":""},"categories":[8],"tags":[],"class_list":{"0":"post-7855","1":"post","2":"type-post","3":"status-publish","4":"format-standard","5":"has-post-thumbnail","7":"category-portada"},"aioseo_notices":[],"_links":{"self":[{"href":"https:\/\/www.rengoenlanoticia.cl\/prensa\/wp-json\/wp\/v2\/posts\/7855","targetHints":{"allow":["GET"]}}],"collection":[{"href":"https:\/\/www.rengoenlanoticia.cl\/prensa\/wp-json\/wp\/v2\/posts"}],"about":[{"href":"https:\/\/www.rengoenlanoticia.cl\/prensa\/wp-json\/wp\/v2\/types\/post"}],"author":[{"embeddable":true,"href":"https:\/\/www.rengoenlanoticia.cl\/prensa\/wp-json\/wp\/v2\/users\/1"}],"replies":[{"embeddable":true,"href":"https:\/\/www.rengoenlanoticia.cl\/prensa\/wp-json\/wp\/v2\/comments?post=7855"}],"version-history":[{"count":3,"href":"https:\/\/www.rengoenlanoticia.cl\/prensa\/wp-json\/wp\/v2\/posts\/7855\/revisions"}],"predecessor-version":[{"id":7869,"href":"https:\/\/www.rengoenlanoticia.cl\/prensa\/wp-json\/wp\/v2\/posts\/7855\/revisions\/7869"}],"wp:featuredmedia":[{"embeddable":true,"href":"https:\/\/www.rengoenlanoticia.cl\/prensa\/wp-json\/wp\/v2\/media\/7858"}],"wp:attachment":[{"href":"https:\/\/www.rengoenlanoticia.cl\/prensa\/wp-json\/wp\/v2\/media?parent=7855"}],"wp:term":[{"taxonomy":"category","embeddable":true,"href":"https:\/\/www.rengoenlanoticia.cl\/prensa\/wp-json\/wp\/v2\/categories?post=7855"},{"taxonomy":"post_tag","embeddable":true,"href":"https:\/\/www.rengoenlanoticia.cl\/prensa\/wp-json\/wp\/v2\/tags?post=7855"}],"curies":[{"name":"wp","href":"https:\/\/api.w.org\/{rel}","templated":true}]}}