{"id":785,"date":"2025-01-06T23:52:05","date_gmt":"2025-01-06T23:52:05","guid":{"rendered":"https:\/\/www.rengoenlanoticia.cl\/prensa\/?p=785"},"modified":"2025-01-06T23:52:23","modified_gmt":"2025-01-06T23:52:23","slug":"se-tomaba-foto-con-una-pistola-y-fue-sorprendido-por-carabineros","status":"publish","type":"post","link":"https:\/\/www.rengoenlanoticia.cl\/prensa\/2025\/01\/06\/se-tomaba-foto-con-una-pistola-y-fue-sorprendido-por-carabineros\/","title":{"rendered":"Se tomaba foto con una pistola y fue sorprendido por Carabineros"},"content":{"rendered":"\n<p>Carabineros Motorizado de la 1\u00b0 Comisar\u00eda San Fernando, mientras efectuaban patrullaje preventivo en la poblaci\u00f3n Lautaro, espec\u00edficamente por calle Esmeralda, se percatan que un sujeto masculino, se fotografiaba con un elemento con caracter\u00edsticas a un arma de fuego del tipo pistola, quien al ver la presencia policial se da a la fuga, inici\u00e1ndose un seguimiento, d\u00e1ndole alcance para realizar un control de identidad investigativo conforme al art.85 del C.P.P.<\/p>\n\n\n\n<p> Siendo identificado como J.I.D.M, 20 a\u00f1os, con amplio prontuario policial. (Sin \u00f3rdenes de aprensi\u00f3n vigentes), a quien al efectuar una revisi\u00f3n este portaba un arma de fuego, tipo Pistola color negro, con 4 municiones calibre 9 mm., procediendo a su detenci\u00f3n por Porte ilegal de Arma de fuego<br>Fiscal instruy\u00f3 que el imputado pasar\u00e1 a 1er. Control de detenci\u00f3n, y remisi\u00f3n del arma incautada al Labocar para pericias respectivas.<\/p>\n","protected":false},"excerpt":{"rendered":"Carabineros Motorizado de la 1\u00b0 Comisar\u00eda San Fernando, mientras efectuaban patrullaje preventivo en la poblaci\u00f3n Lautaro, espec\u00edficamente por&hellip;\n","protected":false},"author":1,"featured_media":0,"comment_status":"open","ping_status":"open","sticky":false,"template":"","format":"standard","meta":{"_monsterinsights_skip_tracking":false,"_monsterinsights_sitenote_active":false,"_monsterinsights_sitenote_note":"","_monsterinsights_sitenote_category":0,"footnotes":""},"categories":[5],"tags":[],"class_list":{"0":"post-785","1":"post","2":"type-post","3":"status-publish","4":"format-standard","6":"category-policial"},"aioseo_notices":[],"_links":{"self":[{"href":"https:\/\/www.rengoenlanoticia.cl\/prensa\/wp-json\/wp\/v2\/posts\/785","targetHints":{"allow":["GET"]}}],"collection":[{"href":"https:\/\/www.rengoenlanoticia.cl\/prensa\/wp-json\/wp\/v2\/posts"}],"about":[{"href":"https:\/\/www.rengoenlanoticia.cl\/prensa\/wp-json\/wp\/v2\/types\/post"}],"author":[{"embeddable":true,"href":"https:\/\/www.rengoenlanoticia.cl\/prensa\/wp-json\/wp\/v2\/users\/1"}],"replies":[{"embeddable":true,"href":"https:\/\/www.rengoenlanoticia.cl\/prensa\/wp-json\/wp\/v2\/comments?post=785"}],"version-history":[{"count":2,"href":"https:\/\/www.rengoenlanoticia.cl\/prensa\/wp-json\/wp\/v2\/posts\/785\/revisions"}],"predecessor-version":[{"id":797,"href":"https:\/\/www.rengoenlanoticia.cl\/prensa\/wp-json\/wp\/v2\/posts\/785\/revisions\/797"}],"wp:attachment":[{"href":"https:\/\/www.rengoenlanoticia.cl\/prensa\/wp-json\/wp\/v2\/media?parent=785"}],"wp:term":[{"taxonomy":"category","embeddable":true,"href":"https:\/\/www.rengoenlanoticia.cl\/prensa\/wp-json\/wp\/v2\/categories?post=785"},{"taxonomy":"post_tag","embeddable":true,"href":"https:\/\/www.rengoenlanoticia.cl\/prensa\/wp-json\/wp\/v2\/tags?post=785"}],"curies":[{"name":"wp","href":"https:\/\/api.w.org\/{rel}","templated":true}]}}