{"id":7832,"date":"2025-11-21T10:06:55","date_gmt":"2025-11-21T10:06:55","guid":{"rendered":"https:\/\/www.rengoenlanoticia.cl\/prensa\/?p=7832"},"modified":"2025-11-21T10:07:02","modified_gmt":"2025-11-21T10:07:02","slug":"corte-de-rancagua-confirma-condenas-por-secuestro-agravado-y-asociacion-criminal","status":"publish","type":"post","link":"https:\/\/www.rengoenlanoticia.cl\/prensa\/2025\/11\/21\/corte-de-rancagua-confirma-condenas-por-secuestro-agravado-y-asociacion-criminal\/","title":{"rendered":"Corte de Rancagua confirma condenas por secuestro agravado y asociaci\u00f3n criminal"},"content":{"rendered":"\n<p>\u00a0\u201c(\u2026) teniendo en cuenta que el otorgamiento del beneficio de rebaja de pena es facultativo, al haberse extendido la angustia y sufrimiento de la v\u00edctima y su familia, seg\u00fan lo ya se\u00f1alado, no parece prudente proceder a la rebaja antes indicada, razones que justifican concluir que no ha existido el error de derecho alegado por los defensores en relaci\u00f3n con la no aplicaci\u00f3n del art\u00edculo 142 bis del C\u00f3digo Penal\u201d, expone el fallo.<\/p>\n\n\n\n<p>La Corte de Apelaciones de Rancagua rechaz\u00f3 los recursos de nulidad presentado por las defensas en contra de la sentencia que conden\u00f3 a N\u00e9stor Jos\u00e9 Mojica L\u00f3pez, Leonardo Jos\u00e9 V\u00e1squez Yzaguirre, Bryan Wladimir S\u00e1nchez Mu\u00f1oz, \u00c1ngelo Antonio Cerde\u00f1o Chac\u00f3n, Danyerson Cipriano Carre\u00f1o D\u00edaz, Jorkenidy Alberto Torres&nbsp;Marchan, Horlang Yohendry Weffer y Thiany Norvelis D\u00edaz&nbsp;Mart\u00ednez a penas de 13 a\u00f1os de presidio efectivo, en calidad de coautores del delito consumado de secuestro. Il\u00edcito perpetrado en noviembre de 2023, en la ciudad y la comuna de Santa Cruz.<\/p>\n\n\n\n<p>En fallo un\u00e1nime, el tribunal de alzada descart\u00f3 infracci\u00f3n en la sentencia impugnada, dictada por el Tribunal de Juicio Oral en lo Penal de Rancagua, que conden\u00f3 a los ocho acusados a 3 a\u00f1os y un d\u00eda de presidio efectivo, en calidad de coautores del delito consumado de asociaci\u00f3n criminal; m\u00e1s otros 3 a\u00f1os y un d\u00eda de reclusi\u00f3n a Mojica L\u00f3pez, V\u00e1squez Yzaguirre y S\u00e1nchez Mu\u00f1oz, en calidad de coautores del delito consumado de tenencia ilegal de arma de fuego prohibida y municiones.<\/p>\n\n\n\n<p>\u201cPues bien, los recurrentes indican que se encuentra establecido que la v\u00edctima fue devuelta libre de todo da\u00f1o y tambi\u00e9n se encuentra acreditado que antes de ser devuelto el ofendido, se pag\u00f3 la mitad del rescate solicitado, esto es, la suma de cuarenta millones de pesos, por lo que entienden que concurre la hip\u00f3tesis de la parte final del art\u00edculo 142 bis del C\u00f3digo Penal, esto es, \u2018Si la devoluci\u00f3n se realiza despu\u00e9s de cumplida alguna de las condiciones, el juez podr\u00e1 rebajar la pena en un grado a la se\u00f1alada en los dos art\u00edculos anteriores\u2019\u201d, plantea el fallo.<\/p>\n\n\n\n<p>&nbsp;\u201c(\u2026) teniendo en cuenta que el otorgamiento del beneficio de rebaja de pena es facultativo, al haberse extendido la angustia y sufrimiento de la v\u00edctima y su familia, seg\u00fan lo ya se\u00f1alado, no parece prudente proceder a la rebaja antes indicada, razones que justifican concluir que no ha existido el error de derecho alegado por los defensores en relaci\u00f3n con la no aplicaci\u00f3n del art\u00edculo 142 bis del C\u00f3digo Penal\u201d, a\u00f1ade.<\/p>\n\n\n\n<p>\u201c(\u2026) en consecuencia, lo que molesta a los recurrentes, m\u00e1s que una vulneraci\u00f3n a la forma en que la prueba debe ser valorada, es la ponderaci\u00f3n misma hecha por el tribunal en relaci\u00f3n a los elementos probatorios aportados al juicio, en cuanto ello no satisface sus intereses, por lo que pretende su recurso, hacer un nuevo an\u00e1lisis de ellos d\u00e1ndole una valoraci\u00f3n distinta de la realizada por el sentenciador, pidiendo a esta Corte que acepte su argumentaci\u00f3n y deseche la efectuada por el tribunal, transformando el recurso de nulidad, el que es de derecho estricto, en un verdadero recurso de apelaci\u00f3n, lo que sobrepasa los extremos de la causal de nulidad revisada, todo lo cual justifica su rechazo\u201d, concluye.<\/p>\n\n\n\n<p>Por tanto, se resuelve que: \u201cSE RECHAZAN, sin costas, los recursos de nulidad deducidos por todos los defensores en representaci\u00f3n de sus respectivos defendidos, en contra de la sentencia de veintisiete de agosto de dos mil veinticinco, dictada en los autos RIT (\u2026) del Tribunal de Juicio Oral en lo Penal de&nbsp;Rancagua y, en consecuencia, la sentencia no es nula\u201d.<\/p>\n","protected":false},"excerpt":{"rendered":"\u00a0\u201c(\u2026) teniendo en cuenta que el otorgamiento del beneficio de rebaja de pena es facultativo, al haberse extendido&hellip;\n","protected":false},"author":1,"featured_media":7842,"comment_status":"open","ping_status":"open","sticky":false,"template":"","format":"standard","meta":{"_monsterinsights_skip_tracking":false,"_monsterinsights_sitenote_active":false,"_monsterinsights_sitenote_note":"","_monsterinsights_sitenote_category":0,"footnotes":""},"categories":[8],"tags":[],"class_list":{"0":"post-7832","1":"post","2":"type-post","3":"status-publish","4":"format-standard","5":"has-post-thumbnail","7":"category-portada"},"aioseo_notices":[],"_links":{"self":[{"href":"https:\/\/www.rengoenlanoticia.cl\/prensa\/wp-json\/wp\/v2\/posts\/7832","targetHints":{"allow":["GET"]}}],"collection":[{"href":"https:\/\/www.rengoenlanoticia.cl\/prensa\/wp-json\/wp\/v2\/posts"}],"about":[{"href":"https:\/\/www.rengoenlanoticia.cl\/prensa\/wp-json\/wp\/v2\/types\/post"}],"author":[{"embeddable":true,"href":"https:\/\/www.rengoenlanoticia.cl\/prensa\/wp-json\/wp\/v2\/users\/1"}],"replies":[{"embeddable":true,"href":"https:\/\/www.rengoenlanoticia.cl\/prensa\/wp-json\/wp\/v2\/comments?post=7832"}],"version-history":[{"count":3,"href":"https:\/\/www.rengoenlanoticia.cl\/prensa\/wp-json\/wp\/v2\/posts\/7832\/revisions"}],"predecessor-version":[{"id":7850,"href":"https:\/\/www.rengoenlanoticia.cl\/prensa\/wp-json\/wp\/v2\/posts\/7832\/revisions\/7850"}],"wp:featuredmedia":[{"embeddable":true,"href":"https:\/\/www.rengoenlanoticia.cl\/prensa\/wp-json\/wp\/v2\/media\/7842"}],"wp:attachment":[{"href":"https:\/\/www.rengoenlanoticia.cl\/prensa\/wp-json\/wp\/v2\/media?parent=7832"}],"wp:term":[{"taxonomy":"category","embeddable":true,"href":"https:\/\/www.rengoenlanoticia.cl\/prensa\/wp-json\/wp\/v2\/categories?post=7832"},{"taxonomy":"post_tag","embeddable":true,"href":"https:\/\/www.rengoenlanoticia.cl\/prensa\/wp-json\/wp\/v2\/tags?post=7832"}],"curies":[{"name":"wp","href":"https:\/\/api.w.org\/{rel}","templated":true}]}}