{"id":7830,"date":"2025-11-21T10:06:33","date_gmt":"2025-11-21T10:06:33","guid":{"rendered":"https:\/\/www.rengoenlanoticia.cl\/prensa\/?p=7830"},"modified":"2025-11-21T10:06:38","modified_gmt":"2025-11-21T10:06:38","slug":"teleton-2025-revela-su-programa-regreso-al-estadio-nacional-gran-obertura-infantil-y-show-para-todas-las-generaciones","status":"publish","type":"post","link":"https:\/\/www.rengoenlanoticia.cl\/prensa\/2025\/11\/21\/teleton-2025-revela-su-programa-regreso-al-estadio-nacional-gran-obertura-infantil-y-show-para-todas-las-generaciones\/","title":{"rendered":"Telet\u00f3n 2025 revela su programa: regreso al Estadio Nacional, gran obertura infantil y show para todas las generaciones"},"content":{"rendered":"\n<p><strong><br><\/strong>&nbsp;<em>Seis bloques tem\u00e1ticos, una Digit\u00f3n que llevar\u00e1 la campa\u00f1a al mundo digital, un \u201cPulso Regional\u201d que monitorear\u00e1 a todo Chile y un cierre de lujo en el Estadio Nacional con Paulina Rubio marcar\u00e1n las 27 horas de amor de este 28 y 29 de noviembre.<\/em><\/p>\n\n\n\n<p>A una semana de la Telet\u00f3n 2025, el equipo realizador del programa televisivo \u2014encabezado por el director general Juan Pablo Gonz\u00e1lez\u2014 junto a animadores, influencers y autoridades de la instituci\u00f3n, present\u00f3 los detalles de lo que ser\u00e1 la transmisi\u00f3n del 28 y 29 de noviembre.<\/p>\n\n\n\n<p>Durante el evento de lanzamiento se dio a conocer la estructura del programa, que incluye seis bloques tem\u00e1ticos repartidos a lo largo de las 27 horas de transmisi\u00f3n por los canales de televisi\u00f3n abierta asociados a ANATEL (Asociaci\u00f3n Nacional de Televisi\u00f3n).<\/p>\n\n\n\n<p>Para esta ocasi\u00f3n, una de las grandes novedades es el retorno, luego de tres a\u00f1os, del espect\u00e1culo de cierre al Estadio Nacional cuya \u00faltima versi\u00f3n se vivi\u00f3 en 2022.<\/p>\n\n\n\n<p>Otro anuncio relevante fue la incorporaci\u00f3n de Paulina Rubio al gran show de clausura. La artista mexicana se suma a la presencia internacional de Emmanuel, Yuri y Mijares en el Teatro Telet\u00f3n; a la de Lucero, quien sumar\u00e1 una segunda presentaci\u00f3n en el Estadio Nacional; coliseo donde tambi\u00e9n estar\u00e1n los espa\u00f1oles Ana Torroja y Pablo Albor\u00e1n.<\/p>\n\n\n\n<p>Con una obertura televisiva que incorpora a ni\u00f1os y ni\u00f1as Telet\u00f3n \u2014encabezados por el embajador de la campa\u00f1a 2025, Alan Garc\u00eda\u2014 el programa buscar\u00e1 unir el coraz\u00f3n de la Telet\u00f3n con el de todos los chilenos.<\/p>\n\n\n\n<p><strong>El inicio: en manos de los ni\u00f1os y ni\u00f1as<\/strong><\/p>\n\n\n\n<p>Para dar el puntapi\u00e9 inicial a la transmisi\u00f3n televisiva, los \u00faltimos cuatro embajadores de Telet\u00f3n, incluido Alan Garc\u00eda, realizar\u00e1n una presentaci\u00f3n art\u00edstica que incluye misterio, canto y baile, acompa\u00f1ados por seis destacados artistas nacionales: Denisse Malebr\u00e1n, Francisco Sazo, Roberto M\u00e1rquez, H\u00e9ctor \u201cKanela\u201d Mu\u00f1oz, Polim\u00e1 WestCoast y Alanys Lagos.<\/p>\n\n\n\n<p>Tras la obertura se presentar\u00e1n diferentes n\u00fameros art\u00edsticos nacionales, con el objetivo de motivar tanto a los asistentes del Teatro Telet\u00f3n como al p\u00fablico en sus hogares de cara al bloque de trasnoche.<\/p>\n\n\n\n<p><strong>Artistas nacionales e internacionales para todos los gustos<\/strong><\/p>\n\n\n\n<p>El programa Telet\u00f3n 2025 presenta una variada parrilla de artistas nacionales e internacionales, que se presentar\u00e1n tanto en el Teatro Telet\u00f3n como en el Estadio Nacional.<\/p>\n\n\n\n<p>Una de las \u00faltimas artistas en sumarse es Paulina Rubio, cantante mexicana cuya \u00faltima participaci\u00f3n en el evento fue en 2018. \u201cLa Chica Dorada\u201d estar\u00e1 en el Estadio Nacional para ser parte del cierre de las 27 horas de amor y solidaridad.<\/p>\n\n\n\n<p>Otras figuras internacionales son los espa\u00f1oles Ana Torroja y Pablo Albor\u00e1n, quienes preparan shows para presentarse en el coliseo \u00f1u\u00f1o\u00edno. Con m\u00e1s de cuatro d\u00e9cadas de carrera, Torroja es una de las voces m\u00e1s reconocibles del pop en espa\u00f1ol. Por su parte, Albor\u00e1n, autor de \u201cSolamente t\u00fa\u201d, se ha consolidado como uno de los grandes referentes de la balada y el pop en espa\u00f1ol.<\/p>\n\n\n\n<p>La obertura del retorno al Estadio Nacional -luego de dos a\u00f1os- a dicho lugar estar\u00e1 a cargo de Myriam Hern\u00e1ndez, int\u00e9rprete de \u201cT\u00fa coraz\u00f3n\u201d, himno de la campa\u00f1a 2025. La cantautora nacional viene de un a\u00f1o exitoso, coronado por su presentaci\u00f3n en el Festival de Vi\u00f1a, donde obtuvo la Gaviota de Platino.<\/p>\n\n\n\n<p>Entre los artistas nacionales tambi\u00e9n confirmados para presentarse en el estadio se encuentran Nico Ruiz, Emilia Dides, Bray On, Francisca Valenzuela, Grupo Alegr\u00eda, Gino Mella, Noche de Brujas y Z\u00fambale Primo, que tambi\u00e9n estar\u00e1n en el teatro. Adem\u00e1s, luego de 18 a\u00f1os, Mar\u00eda Jos\u00e9 Quintanilla vuelve a la Telet\u00f3n para ser parte del gran show de cierre.<\/p>\n\n\n\n<p>Desde M\u00e9xico tambi\u00e9n se har\u00e1n presentes Yuri, Emmanuel, Mijares y Lucero, quienes protagonizar\u00e1n el show de los \u201cEntre Amigos\u201d durante el primer bloque del programa en el Teatro Telet\u00f3n el viernes 28. M\u00e1s tarde Cristi\u00e1n Castro subir\u00e1 al mismo escenario para cautivar al p\u00fablico con sus \u00e9xitos, que han acompa\u00f1ado a distintas generaciones.<\/p>\n\n\n\n<p>La cumbia tambi\u00e9n tendr\u00e1 su espacio en el Teatro Telet\u00f3n de la mano de los Hist\u00f3ricos del Sound, que prometen hacer cantar y bailar. Para la edici\u00f3n 2025, el g\u00e9nero urbano estar\u00e1 representado por Katteyes, Princesa Alba, Lucky Brown, Darkiel, Pablito Pesadilla, Juliano Sosa, King Savagge y Nickoog Clk.<\/p>\n\n\n\n<p>Sumado a las dem\u00e1s presentaciones, el teatro recibir\u00e1 a Q_ARE, boyband revelaci\u00f3n del pop nacional, y Toly Fu, pionero de la ranchera urbana.<\/p>\n\n\n\n<p>Los m\u00e1s peque\u00f1os de la casa tendr\u00e1n un bloque matinal, pensado especialmente para ellos con la presentaci\u00f3n del Payaso Plim Plim, personaje infantil que el 2024 fue galardonado con el Premio Mart\u00edn Fierro de Cable en Argentina. Adem\u00e1s, nos acompa\u00f1ar\u00e1 en el Teatro Telet\u00f3n, Lara Campos, actriz mexicana, cantante, creadora de contenido e influenciadora infantil.<\/p>\n\n\n\n<figure class=\"wp-block-image size-large\"><img loading=\"lazy\" decoding=\"async\" width=\"1024\" height=\"683\" src=\"https:\/\/www.rengoenlanoticia.cl\/prensa\/wp-content\/uploads\/2025\/11\/IMG_7627-1-1024x683.jpg\" alt=\"\" class=\"wp-image-7836\" srcset=\"https:\/\/www.rengoenlanoticia.cl\/prensa\/wp-content\/uploads\/2025\/11\/IMG_7627-1-1024x683.jpg 1024w, https:\/\/www.rengoenlanoticia.cl\/prensa\/wp-content\/uploads\/2025\/11\/IMG_7627-1-300x200.jpg 300w, https:\/\/www.rengoenlanoticia.cl\/prensa\/wp-content\/uploads\/2025\/11\/IMG_7627-1-768x512.jpg 768w, https:\/\/www.rengoenlanoticia.cl\/prensa\/wp-content\/uploads\/2025\/11\/IMG_7627-1-1536x1024.jpg 1536w, https:\/\/www.rengoenlanoticia.cl\/prensa\/wp-content\/uploads\/2025\/11\/IMG_7627-1-2048x1365.jpg 2048w, https:\/\/www.rengoenlanoticia.cl\/prensa\/wp-content\/uploads\/2025\/11\/IMG_7627-1-110x73.jpg 110w, https:\/\/www.rengoenlanoticia.cl\/prensa\/wp-content\/uploads\/2025\/11\/IMG_7627-1-200x133.jpg 200w, https:\/\/www.rengoenlanoticia.cl\/prensa\/wp-content\/uploads\/2025\/11\/IMG_7627-1-380x253.jpg 380w, https:\/\/www.rengoenlanoticia.cl\/prensa\/wp-content\/uploads\/2025\/11\/IMG_7627-1-255x170.jpg 255w, https:\/\/www.rengoenlanoticia.cl\/prensa\/wp-content\/uploads\/2025\/11\/IMG_7627-1-550x367.jpg 550w, https:\/\/www.rengoenlanoticia.cl\/prensa\/wp-content\/uploads\/2025\/11\/IMG_7627-1-800x533.jpg 800w, https:\/\/www.rengoenlanoticia.cl\/prensa\/wp-content\/uploads\/2025\/11\/IMG_7627-1-1160x773.jpg 1160w, https:\/\/www.rengoenlanoticia.cl\/prensa\/wp-content\/uploads\/2025\/11\/IMG_7627-1-scaled.jpg 2560w\" sizes=\"auto, (max-width: 1024px) 100vw, 1024px\" \/><\/figure>\n\n\n\n<p>Juan Pablo Gonz\u00e1lez, director general del programa Telet\u00f3n, explic\u00f3 que la parrilla de artistas para esta versi\u00f3n se ha construido de manera muy transversal: \u201cLa elecci\u00f3n y elaboraci\u00f3n del show de esta Telet\u00f3n busca satisfacer los gustos tanto de la gente adulta como de los m\u00e1s j\u00f3venes. Tenemos artistas como Lucero o Cristi\u00e1n Castro, que apuntan a un p\u00fablico m\u00e1s cl\u00e1sico, y tambi\u00e9n a exponentes muy importantes de la m\u00fasica urbana como Gino Mella y Katteyes\u201d.<\/p>\n\n\n\n<p><strong>El humor y el regreso de un cl\u00e1sico<\/strong><\/p>\n\n\n\n<p>Como cada a\u00f1o, el humor ser\u00e1 protagonista para entregar alegr\u00eda al p\u00fablico y a los televidentes, con presentaciones ic\u00f3nicas que despertar\u00e1n recuerdos y nostalgia.<\/p>\n\n\n\n<p>Desde 2008, Stefan Kramer ha sido parte de cada Telet\u00f3n y este a\u00f1o no ser\u00e1 la excepci\u00f3n. El comediante estar\u00e1 en el show de cierre en el Estadio Nacional, mismo escenario donde se present\u00f3 en 2022 con su recordada imitaci\u00f3n de Bad Bunny.<\/p>\n\n\n\n<p>Otro de los grandes regresos ser\u00e1 el de \u201cEl Muro\u201d, que por segundo a\u00f1o consecutivo formar\u00e1 parte del bloque de trasnoche, con la presencia de diversos comediantes y la conducci\u00f3n del hist\u00f3rico animador Kike Morand\u00e9.<\/p>\n\n\n\n<p>Una de las grandes sorpresas ser\u00e1 la realizaci\u00f3n de un sketch de \u201cLa oficina\u201d del Jappening con Ja, protagonizado por reconocidos personajes de la televisi\u00f3n nacional.<\/p>\n\n\n\n<p>Respecto al bloque de trasnoche, Juan Pablo Gonz\u00e1lez coment\u00f3 que el desaf\u00edo est\u00e1 en mantener la alta audiencia que se genera durante la primera parte del programa: \u201cNuevamente, uno de nuestros principales objetivos es mantener a la gente cautiva durante la noche y la madrugada, con mucho humor. Este a\u00f1o apelaremos a la nostalgia con el regreso de \u201cLa oficina\u201d del Jappening con J\u00e1, que incluir\u00e1 a parte del elenco hist\u00f3rico junto a nuevos humoristas y rostros de la televisi\u00f3n\u201d.<\/p>\n\n\n\n<figure class=\"wp-block-image size-large\"><img loading=\"lazy\" decoding=\"async\" width=\"1024\" height=\"683\" src=\"https:\/\/www.rengoenlanoticia.cl\/prensa\/wp-content\/uploads\/2025\/11\/PA_9874-1024x683.jpg\" alt=\"\" class=\"wp-image-7834\" srcset=\"https:\/\/www.rengoenlanoticia.cl\/prensa\/wp-content\/uploads\/2025\/11\/PA_9874-1024x683.jpg 1024w, https:\/\/www.rengoenlanoticia.cl\/prensa\/wp-content\/uploads\/2025\/11\/PA_9874-300x200.jpg 300w, https:\/\/www.rengoenlanoticia.cl\/prensa\/wp-content\/uploads\/2025\/11\/PA_9874-768x512.jpg 768w, https:\/\/www.rengoenlanoticia.cl\/prensa\/wp-content\/uploads\/2025\/11\/PA_9874-1536x1024.jpg 1536w, https:\/\/www.rengoenlanoticia.cl\/prensa\/wp-content\/uploads\/2025\/11\/PA_9874-2048x1365.jpg 2048w, https:\/\/www.rengoenlanoticia.cl\/prensa\/wp-content\/uploads\/2025\/11\/PA_9874-110x73.jpg 110w, https:\/\/www.rengoenlanoticia.cl\/prensa\/wp-content\/uploads\/2025\/11\/PA_9874-200x133.jpg 200w, https:\/\/www.rengoenlanoticia.cl\/prensa\/wp-content\/uploads\/2025\/11\/PA_9874-380x253.jpg 380w, https:\/\/www.rengoenlanoticia.cl\/prensa\/wp-content\/uploads\/2025\/11\/PA_9874-255x170.jpg 255w, https:\/\/www.rengoenlanoticia.cl\/prensa\/wp-content\/uploads\/2025\/11\/PA_9874-550x367.jpg 550w, https:\/\/www.rengoenlanoticia.cl\/prensa\/wp-content\/uploads\/2025\/11\/PA_9874-800x533.jpg 800w, https:\/\/www.rengoenlanoticia.cl\/prensa\/wp-content\/uploads\/2025\/11\/PA_9874-1160x773.jpg 1160w, https:\/\/www.rengoenlanoticia.cl\/prensa\/wp-content\/uploads\/2025\/11\/PA_9874-scaled.jpg 2560w\" sizes=\"auto, (max-width: 1024px) 100vw, 1024px\" \/><\/figure>\n\n\n\n<p><strong>Musicales, homenajes y cruces generacionales<\/strong><\/p>\n\n\n\n<p>Durante los bloques se desarrollar\u00e1n distintos momentos televisivos que contar\u00e1n con la participaci\u00f3n de ex chicos reality, actores, m\u00fasicos y rostros de la TV.<\/p>\n\n\n\n<p>Entre las m\u00e1s destacadas est\u00e1 un \u201ccrossover\u201d generacional que reunir\u00e1 a cantantes de la Nueva Ola con artistas actuales. Jos\u00e9 Alfredo Fuentes competir\u00e1 con el rey de la cumbia Leo Rey; Luz Eliana se enfrentar\u00e1 a Amaya Forch; y los Hermanos Zabaleta compartir\u00e1n escenario con Daniela Castillo y Carolina Soto.<\/p>\n\n\n\n<p>Habr\u00e1 tambi\u00e9n homenajes especiales: uno dedicado a Gloria Benavides y su entra\u00f1able personaje \u201cLa Cuatro\u201d, y otro para las madres cuidadoras, que contar\u00e1 con la participaci\u00f3n de 27 bailarinas y de la actriz Carmen Disa Guti\u00e9rrez.<\/p>\n\n\n\n<p><strong>Digit\u00f3n y \u201cPulso Regional\u201d: la Telet\u00f3n en redes y regiones<\/strong><\/p>\n\n\n\n<p>Este a\u00f1o regresa la Digit\u00f3n, cuyo objetivo ser\u00e1 que las redes sociales de Telet\u00f3n y los creadores de contenido vuelvan virales los distintos momentos del programa durante las 27 horas.<\/p>\n\n\n\n<p>Para ello, esta transmisi\u00f3n paralela a la televisiva utilizar\u00e1 diferentes espacios y contempla hitos como la Gamert\u00f3n, la corrida del Banco de Chile y una \u201cfiebre de corp\u00f3reos\u201d junto a Francisco Melo, Cata Days, Esteban Paredes y otros invitados.<\/p>\n\n\n\n<p>Tambi\u00e9n habr\u00e1 un \u201cPulso Regional\u201d, que mostrar\u00e1 c\u00f3mo las 16 regiones viven en tiempo real la campa\u00f1a solidaria. Este espacio revivir\u00e1 el esp\u00edritu de las tradicionales mesas telef\u00f3nica y digital de d\u00e9cadas y a\u00f1os anteriores. Entre los rostros confirmados para este espacio est\u00e1n Sammis Reyes, Gino Mella, Karla Melo, Vivianne Dietz y Nico Ruiz.<\/p>\n\n\n\n<p>El programa televisivo de la Telet\u00f3n 2025 se desarrollar\u00e1 el 28 y 29 de noviembre desde el Teatro Telet\u00f3n y tendr\u00e1 un gran cierre en el Estadio Nacional, luego de tres a\u00f1os de ausencia en este recinto. Ser\u00e1n 27 horas de amor, m\u00fasica, humor y emoci\u00f3n para que todo Chile vuelva a demostrar que <em>Tu coraz\u00f3n es el coraz\u00f3n de la Telet\u00f3n<\/em>.<\/p>\n","protected":false},"excerpt":{"rendered":"&nbsp;Seis bloques tem\u00e1ticos, una Digit\u00f3n que llevar\u00e1 la campa\u00f1a al mundo digital, un \u201cPulso Regional\u201d que monitorear\u00e1 a&hellip;\n","protected":false},"author":1,"featured_media":7835,"comment_status":"open","ping_status":"open","sticky":false,"template":"","format":"standard","meta":{"_monsterinsights_skip_tracking":false,"_monsterinsights_sitenote_active":false,"_monsterinsights_sitenote_note":"","_monsterinsights_sitenote_category":0,"footnotes":""},"categories":[8],"tags":[],"class_list":{"0":"post-7830","1":"post","2":"type-post","3":"status-publish","4":"format-standard","5":"has-post-thumbnail","7":"category-portada"},"aioseo_notices":[],"_links":{"self":[{"href":"https:\/\/www.rengoenlanoticia.cl\/prensa\/wp-json\/wp\/v2\/posts\/7830","targetHints":{"allow":["GET"]}}],"collection":[{"href":"https:\/\/www.rengoenlanoticia.cl\/prensa\/wp-json\/wp\/v2\/posts"}],"about":[{"href":"https:\/\/www.rengoenlanoticia.cl\/prensa\/wp-json\/wp\/v2\/types\/post"}],"author":[{"embeddable":true,"href":"https:\/\/www.rengoenlanoticia.cl\/prensa\/wp-json\/wp\/v2\/users\/1"}],"replies":[{"embeddable":true,"href":"https:\/\/www.rengoenlanoticia.cl\/prensa\/wp-json\/wp\/v2\/comments?post=7830"}],"version-history":[{"count":3,"href":"https:\/\/www.rengoenlanoticia.cl\/prensa\/wp-json\/wp\/v2\/posts\/7830\/revisions"}],"predecessor-version":[{"id":7847,"href":"https:\/\/www.rengoenlanoticia.cl\/prensa\/wp-json\/wp\/v2\/posts\/7830\/revisions\/7847"}],"wp:featuredmedia":[{"embeddable":true,"href":"https:\/\/www.rengoenlanoticia.cl\/prensa\/wp-json\/wp\/v2\/media\/7835"}],"wp:attachment":[{"href":"https:\/\/www.rengoenlanoticia.cl\/prensa\/wp-json\/wp\/v2\/media?parent=7830"}],"wp:term":[{"taxonomy":"category","embeddable":true,"href":"https:\/\/www.rengoenlanoticia.cl\/prensa\/wp-json\/wp\/v2\/categories?post=7830"},{"taxonomy":"post_tag","embeddable":true,"href":"https:\/\/www.rengoenlanoticia.cl\/prensa\/wp-json\/wp\/v2\/tags?post=7830"}],"curies":[{"name":"wp","href":"https:\/\/api.w.org\/{rel}","templated":true}]}}