{"id":7795,"date":"2025-11-18T23:00:08","date_gmt":"2025-11-18T23:00:08","guid":{"rendered":"https:\/\/www.rengoenlanoticia.cl\/prensa\/?p=7795"},"modified":"2025-11-18T23:00:16","modified_gmt":"2025-11-18T23:00:16","slug":"estudiantes-de-ensenanza-media-ejercieron-rol-de-juez-fiscal-y-defensor-en-audiencia-de-formalizacion-del-grinch-en-juzgado-de-garantia-de-rengo","status":"publish","type":"post","link":"https:\/\/www.rengoenlanoticia.cl\/prensa\/2025\/11\/18\/estudiantes-de-ensenanza-media-ejercieron-rol-de-juez-fiscal-y-defensor-en-audiencia-de-formalizacion-del-grinch-en-juzgado-de-garantia-de-rengo\/","title":{"rendered":"Estudiantes de Ense\u00f1anza Media ejercieron rol de juez, fiscal y defensor en audiencia de formalizaci\u00f3n del Grinch en Juzgado de Garant\u00eda de Rengo"},"content":{"rendered":"\n<p>El control de detenci\u00f3n, la formalizaci\u00f3n de la investigaci\u00f3n, el debate de las medidas cautelares y la resoluci\u00f3n del caso fueron parte de las etapas que vivieron estudiantes de 1\u00b0 a 3\u00b0 Medio del Liceo Industrial Esteban Leyton Soto, en el Juzgado de Garant\u00eda de Rengo.<\/p>\n\n\n\n<p>La actividad -organizada en conjunto entre la Corte de Apelaciones de Rancagua, el Juzgado de Garant\u00eda, la Defensor\u00eda Penal P\u00fablica y la Fiscal\u00eda- consisti\u00f3 en un juego de roles en que los alumnos y alumnas ejercieron los cargos de juez, fiscal y defensor en el marco de una audiencia de formalizaci\u00f3n en que se le imput\u00f3 al Grinch el delito de robo en lugar no habitado tras ser detenido por robar juguetes desde una bodega que iban a ser entregados a los ni\u00f1os y ni\u00f1as de la ciudad esta navidad.<\/p>\n\n\n\n<figure class=\"wp-block-image size-large\"><img loading=\"lazy\" decoding=\"async\" width=\"1024\" height=\"682\" src=\"https:\/\/www.rengoenlanoticia.cl\/prensa\/wp-content\/uploads\/2025\/11\/WhatsApp-Image-2025-11-18-at-11.00.30-1024x682.jpeg\" alt=\"\" class=\"wp-image-7811\" srcset=\"https:\/\/www.rengoenlanoticia.cl\/prensa\/wp-content\/uploads\/2025\/11\/WhatsApp-Image-2025-11-18-at-11.00.30-1024x682.jpeg 1024w, https:\/\/www.rengoenlanoticia.cl\/prensa\/wp-content\/uploads\/2025\/11\/WhatsApp-Image-2025-11-18-at-11.00.30-300x200.jpeg 300w, https:\/\/www.rengoenlanoticia.cl\/prensa\/wp-content\/uploads\/2025\/11\/WhatsApp-Image-2025-11-18-at-11.00.30-768x512.jpeg 768w, https:\/\/www.rengoenlanoticia.cl\/prensa\/wp-content\/uploads\/2025\/11\/WhatsApp-Image-2025-11-18-at-11.00.30-1536x1023.jpeg 1536w, https:\/\/www.rengoenlanoticia.cl\/prensa\/wp-content\/uploads\/2025\/11\/WhatsApp-Image-2025-11-18-at-11.00.30-110x73.jpeg 110w, https:\/\/www.rengoenlanoticia.cl\/prensa\/wp-content\/uploads\/2025\/11\/WhatsApp-Image-2025-11-18-at-11.00.30-200x133.jpeg 200w, https:\/\/www.rengoenlanoticia.cl\/prensa\/wp-content\/uploads\/2025\/11\/WhatsApp-Image-2025-11-18-at-11.00.30-380x253.jpeg 380w, https:\/\/www.rengoenlanoticia.cl\/prensa\/wp-content\/uploads\/2025\/11\/WhatsApp-Image-2025-11-18-at-11.00.30-255x170.jpeg 255w, https:\/\/www.rengoenlanoticia.cl\/prensa\/wp-content\/uploads\/2025\/11\/WhatsApp-Image-2025-11-18-at-11.00.30-550x366.jpeg 550w, https:\/\/www.rengoenlanoticia.cl\/prensa\/wp-content\/uploads\/2025\/11\/WhatsApp-Image-2025-11-18-at-11.00.30-800x533.jpeg 800w, https:\/\/www.rengoenlanoticia.cl\/prensa\/wp-content\/uploads\/2025\/11\/WhatsApp-Image-2025-11-18-at-11.00.30-1160x773.jpeg 1160w, https:\/\/www.rengoenlanoticia.cl\/prensa\/wp-content\/uploads\/2025\/11\/WhatsApp-Image-2025-11-18-at-11.00.30.jpeg 1600w\" sizes=\"auto, (max-width: 1024px) 100vw, 1024px\" \/><\/figure>\n\n\n\n<p>Esta iniciativa de vinculaci\u00f3n interinstitucional busca difundir de forma pr\u00e1ctica y pedag\u00f3gica el funcionamiento del proceso penal en la ciudadan\u00eda, el rol del Poder Judicial, el Ministerio P\u00fablico y la Defensor\u00eda en la sociedad y la funci\u00f3n que ejercen dentro de este tipo de audiencias.<\/p>\n\n\n\n<figure class=\"wp-block-image size-large\"><img loading=\"lazy\" decoding=\"async\" width=\"1024\" height=\"682\" src=\"https:\/\/www.rengoenlanoticia.cl\/prensa\/wp-content\/uploads\/2025\/11\/WhatsApp-Image-2025-11-18-at-11.00.29-1-1024x682.jpeg\" alt=\"\" class=\"wp-image-7808\" srcset=\"https:\/\/www.rengoenlanoticia.cl\/prensa\/wp-content\/uploads\/2025\/11\/WhatsApp-Image-2025-11-18-at-11.00.29-1-1024x682.jpeg 1024w, https:\/\/www.rengoenlanoticia.cl\/prensa\/wp-content\/uploads\/2025\/11\/WhatsApp-Image-2025-11-18-at-11.00.29-1-300x200.jpeg 300w, https:\/\/www.rengoenlanoticia.cl\/prensa\/wp-content\/uploads\/2025\/11\/WhatsApp-Image-2025-11-18-at-11.00.29-1-768x512.jpeg 768w, https:\/\/www.rengoenlanoticia.cl\/prensa\/wp-content\/uploads\/2025\/11\/WhatsApp-Image-2025-11-18-at-11.00.29-1-1536x1023.jpeg 1536w, https:\/\/www.rengoenlanoticia.cl\/prensa\/wp-content\/uploads\/2025\/11\/WhatsApp-Image-2025-11-18-at-11.00.29-1-110x73.jpeg 110w, https:\/\/www.rengoenlanoticia.cl\/prensa\/wp-content\/uploads\/2025\/11\/WhatsApp-Image-2025-11-18-at-11.00.29-1-200x133.jpeg 200w, https:\/\/www.rengoenlanoticia.cl\/prensa\/wp-content\/uploads\/2025\/11\/WhatsApp-Image-2025-11-18-at-11.00.29-1-380x253.jpeg 380w, https:\/\/www.rengoenlanoticia.cl\/prensa\/wp-content\/uploads\/2025\/11\/WhatsApp-Image-2025-11-18-at-11.00.29-1-255x170.jpeg 255w, https:\/\/www.rengoenlanoticia.cl\/prensa\/wp-content\/uploads\/2025\/11\/WhatsApp-Image-2025-11-18-at-11.00.29-1-550x366.jpeg 550w, https:\/\/www.rengoenlanoticia.cl\/prensa\/wp-content\/uploads\/2025\/11\/WhatsApp-Image-2025-11-18-at-11.00.29-1-800x533.jpeg 800w, https:\/\/www.rengoenlanoticia.cl\/prensa\/wp-content\/uploads\/2025\/11\/WhatsApp-Image-2025-11-18-at-11.00.29-1-1160x773.jpeg 1160w, https:\/\/www.rengoenlanoticia.cl\/prensa\/wp-content\/uploads\/2025\/11\/WhatsApp-Image-2025-11-18-at-11.00.29-1.jpeg 1600w\" sizes=\"auto, (max-width: 1024px) 100vw, 1024px\" \/><\/figure>\n\n\n\n<p>La sala estuvo compuesta por un alumno que cumpli\u00f3 la funci\u00f3n de juez, el que fue acompa\u00f1ado por la jueza de Garant\u00eda de Rengo, Paulina Delgado; dos alumnas que realizaron la labor de fiscalas, las que recibieron la gu\u00eda de la abogada asistente de la Fiscal\u00eda Local de la ciudad, Mar\u00eda Jos\u00e9 D\u00edaz; y el equipo de defensa del Grinch, compuesto por dos estudiantes y la defensora penal adolescente, Claudia Ojeda<\/p>\n\n\n\n<figure class=\"wp-block-image size-large\"><img loading=\"lazy\" decoding=\"async\" width=\"1024\" height=\"682\" src=\"https:\/\/www.rengoenlanoticia.cl\/prensa\/wp-content\/uploads\/2025\/11\/WhatsApp-Image-2025-11-18-at-11.00.31-1024x682.jpeg\" alt=\"\" class=\"wp-image-7812\" srcset=\"https:\/\/www.rengoenlanoticia.cl\/prensa\/wp-content\/uploads\/2025\/11\/WhatsApp-Image-2025-11-18-at-11.00.31-1024x682.jpeg 1024w, https:\/\/www.rengoenlanoticia.cl\/prensa\/wp-content\/uploads\/2025\/11\/WhatsApp-Image-2025-11-18-at-11.00.31-300x200.jpeg 300w, https:\/\/www.rengoenlanoticia.cl\/prensa\/wp-content\/uploads\/2025\/11\/WhatsApp-Image-2025-11-18-at-11.00.31-768x512.jpeg 768w, https:\/\/www.rengoenlanoticia.cl\/prensa\/wp-content\/uploads\/2025\/11\/WhatsApp-Image-2025-11-18-at-11.00.31-1536x1023.jpeg 1536w, https:\/\/www.rengoenlanoticia.cl\/prensa\/wp-content\/uploads\/2025\/11\/WhatsApp-Image-2025-11-18-at-11.00.31-110x73.jpeg 110w, https:\/\/www.rengoenlanoticia.cl\/prensa\/wp-content\/uploads\/2025\/11\/WhatsApp-Image-2025-11-18-at-11.00.31-200x133.jpeg 200w, https:\/\/www.rengoenlanoticia.cl\/prensa\/wp-content\/uploads\/2025\/11\/WhatsApp-Image-2025-11-18-at-11.00.31-380x253.jpeg 380w, https:\/\/www.rengoenlanoticia.cl\/prensa\/wp-content\/uploads\/2025\/11\/WhatsApp-Image-2025-11-18-at-11.00.31-255x170.jpeg 255w, https:\/\/www.rengoenlanoticia.cl\/prensa\/wp-content\/uploads\/2025\/11\/WhatsApp-Image-2025-11-18-at-11.00.31-550x366.jpeg 550w, https:\/\/www.rengoenlanoticia.cl\/prensa\/wp-content\/uploads\/2025\/11\/WhatsApp-Image-2025-11-18-at-11.00.31-800x533.jpeg 800w, https:\/\/www.rengoenlanoticia.cl\/prensa\/wp-content\/uploads\/2025\/11\/WhatsApp-Image-2025-11-18-at-11.00.31-1160x773.jpeg 1160w, https:\/\/www.rengoenlanoticia.cl\/prensa\/wp-content\/uploads\/2025\/11\/WhatsApp-Image-2025-11-18-at-11.00.31.jpeg 1600w\" sizes=\"auto, (max-width: 1024px) 100vw, 1024px\" \/><\/figure>\n\n\n\n<p>Tras un intenso debate en todo a las medidas cautelares y el testimonio del Grinch que se\u00f1al\u00f3 que confes\u00f3 el delito y manifest\u00f3 que lo hizo porque no hab\u00eda recibido nunca un regalo y que su madre estaba muy enferma, por lo que quer\u00eda entregarle un hermoso presente, el tribunal resolvi\u00f3 ordenarle devolver todos los regalos, grabar un mensaje navide\u00f1o en la televisi\u00f3n local, hacer voluntariado en la biblioteca local por un mes y comprometerse a no sustraer adornos ni presentes nuevamente.<\/p>\n\n\n\n<p>La magistrada Paulina Delgado indic\u00f3 tras la actividad que \u201cen general siempre recibimos colegios a ver audiencias y les explicamos c\u00f3mo funciona el sistema judicial, pero hoy, a trav\u00e9s de estos juegos de roles, vimos a los adolescentes tomar nuestros cargos. Esto sin duda contribuye a la comunidad desde nuestro rol de tribunal y para ellos es un momento educativo, de mucho di\u00e1logo, entretenido, l\u00fadico y cercano. Agradecemos a la Fiscal\u00eda y Defensor\u00eda por contribuir en esta actividad\u201d.<\/p>\n\n\n\n<figure class=\"wp-block-image size-large\"><img loading=\"lazy\" decoding=\"async\" width=\"1024\" height=\"682\" src=\"https:\/\/www.rengoenlanoticia.cl\/prensa\/wp-content\/uploads\/2025\/11\/WhatsApp-Image-2025-11-18-at-11.00.32-1024x682.jpeg\" alt=\"\" class=\"wp-image-7813\" srcset=\"https:\/\/www.rengoenlanoticia.cl\/prensa\/wp-content\/uploads\/2025\/11\/WhatsApp-Image-2025-11-18-at-11.00.32-1024x682.jpeg 1024w, https:\/\/www.rengoenlanoticia.cl\/prensa\/wp-content\/uploads\/2025\/11\/WhatsApp-Image-2025-11-18-at-11.00.32-300x200.jpeg 300w, https:\/\/www.rengoenlanoticia.cl\/prensa\/wp-content\/uploads\/2025\/11\/WhatsApp-Image-2025-11-18-at-11.00.32-768x512.jpeg 768w, https:\/\/www.rengoenlanoticia.cl\/prensa\/wp-content\/uploads\/2025\/11\/WhatsApp-Image-2025-11-18-at-11.00.32-1536x1023.jpeg 1536w, https:\/\/www.rengoenlanoticia.cl\/prensa\/wp-content\/uploads\/2025\/11\/WhatsApp-Image-2025-11-18-at-11.00.32-110x73.jpeg 110w, https:\/\/www.rengoenlanoticia.cl\/prensa\/wp-content\/uploads\/2025\/11\/WhatsApp-Image-2025-11-18-at-11.00.32-200x133.jpeg 200w, https:\/\/www.rengoenlanoticia.cl\/prensa\/wp-content\/uploads\/2025\/11\/WhatsApp-Image-2025-11-18-at-11.00.32-380x253.jpeg 380w, https:\/\/www.rengoenlanoticia.cl\/prensa\/wp-content\/uploads\/2025\/11\/WhatsApp-Image-2025-11-18-at-11.00.32-255x170.jpeg 255w, https:\/\/www.rengoenlanoticia.cl\/prensa\/wp-content\/uploads\/2025\/11\/WhatsApp-Image-2025-11-18-at-11.00.32-550x366.jpeg 550w, https:\/\/www.rengoenlanoticia.cl\/prensa\/wp-content\/uploads\/2025\/11\/WhatsApp-Image-2025-11-18-at-11.00.32-800x533.jpeg 800w, https:\/\/www.rengoenlanoticia.cl\/prensa\/wp-content\/uploads\/2025\/11\/WhatsApp-Image-2025-11-18-at-11.00.32-1160x773.jpeg 1160w, https:\/\/www.rengoenlanoticia.cl\/prensa\/wp-content\/uploads\/2025\/11\/WhatsApp-Image-2025-11-18-at-11.00.32.jpeg 1600w\" sizes=\"auto, (max-width: 1024px) 100vw, 1024px\" \/><\/figure>\n\n\n\n<p>\u201cEste ejercicio me parece excelente, porque no solo toman conocimiento y se acercan a la justicia, sino que, adem\u00e1s participan de ella. Adem\u00e1s, ven que ellos tambi\u00e9n pueden ser objeto de alguna imputaci\u00f3n o v\u00edctimas de un delito. Junto con esto, esta instancia humaniza lo que es la administraci\u00f3n de justicia y participan de ello de manera pr\u00e1ctica\u201d, se\u00f1al\u00f3 la defensora Claudia Ojeda.<\/p>\n\n\n\n<p>La abogada asistente de la Fiscal\u00eda Local de Rengo, Mar\u00eda Jos\u00e9 Diaz, \u201ces s\u00faper importante este tipo de actividades, sobre todo en el escenario en que se ponen en el rol de un fiscal, por ejemplo. Es relevante tener una conexi\u00f3n con el funcionamiento del sistema y que puedan entender la funci\u00f3n del Ministerio P\u00fablico en el sistema penal. Es un muy buen ejercicio\u201d.<\/p>\n\n\n\n<p><\/p>\n\n\n\n<figure class=\"wp-block-image size-large\"><img loading=\"lazy\" decoding=\"async\" width=\"1024\" height=\"622\" src=\"https:\/\/www.rengoenlanoticia.cl\/prensa\/wp-content\/uploads\/2025\/11\/WhatsApp-Image-2025-11-18-at-11.00.29-1024x622.jpeg\" alt=\"\" class=\"wp-image-7809\" srcset=\"https:\/\/www.rengoenlanoticia.cl\/prensa\/wp-content\/uploads\/2025\/11\/WhatsApp-Image-2025-11-18-at-11.00.29-1024x622.jpeg 1024w, https:\/\/www.rengoenlanoticia.cl\/prensa\/wp-content\/uploads\/2025\/11\/WhatsApp-Image-2025-11-18-at-11.00.29-300x182.jpeg 300w, https:\/\/www.rengoenlanoticia.cl\/prensa\/wp-content\/uploads\/2025\/11\/WhatsApp-Image-2025-11-18-at-11.00.29-768x467.jpeg 768w, https:\/\/www.rengoenlanoticia.cl\/prensa\/wp-content\/uploads\/2025\/11\/WhatsApp-Image-2025-11-18-at-11.00.29-1536x933.jpeg 1536w, https:\/\/www.rengoenlanoticia.cl\/prensa\/wp-content\/uploads\/2025\/11\/WhatsApp-Image-2025-11-18-at-11.00.29-110x67.jpeg 110w, https:\/\/www.rengoenlanoticia.cl\/prensa\/wp-content\/uploads\/2025\/11\/WhatsApp-Image-2025-11-18-at-11.00.29-200x122.jpeg 200w, https:\/\/www.rengoenlanoticia.cl\/prensa\/wp-content\/uploads\/2025\/11\/WhatsApp-Image-2025-11-18-at-11.00.29-380x231.jpeg 380w, https:\/\/www.rengoenlanoticia.cl\/prensa\/wp-content\/uploads\/2025\/11\/WhatsApp-Image-2025-11-18-at-11.00.29-255x155.jpeg 255w, https:\/\/www.rengoenlanoticia.cl\/prensa\/wp-content\/uploads\/2025\/11\/WhatsApp-Image-2025-11-18-at-11.00.29-550x334.jpeg 550w, https:\/\/www.rengoenlanoticia.cl\/prensa\/wp-content\/uploads\/2025\/11\/WhatsApp-Image-2025-11-18-at-11.00.29-800x486.jpeg 800w, https:\/\/www.rengoenlanoticia.cl\/prensa\/wp-content\/uploads\/2025\/11\/WhatsApp-Image-2025-11-18-at-11.00.29-1160x705.jpeg 1160w, https:\/\/www.rengoenlanoticia.cl\/prensa\/wp-content\/uploads\/2025\/11\/WhatsApp-Image-2025-11-18-at-11.00.29.jpeg 1600w\" sizes=\"auto, (max-width: 1024px) 100vw, 1024px\" \/><\/figure>\n\n\n\n<p>\u201cPedag\u00f3gicamente es muy bueno porque los estudiantes salen del aula, porque las clases no s\u00f3lo son en el liceo. Adem\u00e1s, los alumnos y alumnas a veces tienen una percepci\u00f3n un poco negativa de la justicia y esto cambia e impacta de manera positiva\u201d, manifest\u00f3 el profesor de Historia y Educaci\u00f3n Ciudadana, Robinson Letelier.<\/p>\n","protected":false},"excerpt":{"rendered":"El control de detenci\u00f3n, la formalizaci\u00f3n de la investigaci\u00f3n, el debate de las medidas cautelares y la resoluci\u00f3n&hellip;\n","protected":false},"author":1,"featured_media":7810,"comment_status":"open","ping_status":"open","sticky":false,"template":"","format":"standard","meta":{"_monsterinsights_skip_tracking":false,"_monsterinsights_sitenote_active":false,"_monsterinsights_sitenote_note":"","_monsterinsights_sitenote_category":0,"footnotes":""},"categories":[8],"tags":[],"class_list":{"0":"post-7795","1":"post","2":"type-post","3":"status-publish","4":"format-standard","5":"has-post-thumbnail","7":"category-portada"},"aioseo_notices":[],"_links":{"self":[{"href":"https:\/\/www.rengoenlanoticia.cl\/prensa\/wp-json\/wp\/v2\/posts\/7795","targetHints":{"allow":["GET"]}}],"collection":[{"href":"https:\/\/www.rengoenlanoticia.cl\/prensa\/wp-json\/wp\/v2\/posts"}],"about":[{"href":"https:\/\/www.rengoenlanoticia.cl\/prensa\/wp-json\/wp\/v2\/types\/post"}],"author":[{"embeddable":true,"href":"https:\/\/www.rengoenlanoticia.cl\/prensa\/wp-json\/wp\/v2\/users\/1"}],"replies":[{"embeddable":true,"href":"https:\/\/www.rengoenlanoticia.cl\/prensa\/wp-json\/wp\/v2\/comments?post=7795"}],"version-history":[{"count":3,"href":"https:\/\/www.rengoenlanoticia.cl\/prensa\/wp-json\/wp\/v2\/posts\/7795\/revisions"}],"predecessor-version":[{"id":7820,"href":"https:\/\/www.rengoenlanoticia.cl\/prensa\/wp-json\/wp\/v2\/posts\/7795\/revisions\/7820"}],"wp:featuredmedia":[{"embeddable":true,"href":"https:\/\/www.rengoenlanoticia.cl\/prensa\/wp-json\/wp\/v2\/media\/7810"}],"wp:attachment":[{"href":"https:\/\/www.rengoenlanoticia.cl\/prensa\/wp-json\/wp\/v2\/media?parent=7795"}],"wp:term":[{"taxonomy":"category","embeddable":true,"href":"https:\/\/www.rengoenlanoticia.cl\/prensa\/wp-json\/wp\/v2\/categories?post=7795"},{"taxonomy":"post_tag","embeddable":true,"href":"https:\/\/www.rengoenlanoticia.cl\/prensa\/wp-json\/wp\/v2\/tags?post=7795"}],"curies":[{"name":"wp","href":"https:\/\/api.w.org\/{rel}","templated":true}]}}