{"id":7793,"date":"2025-11-18T22:42:44","date_gmt":"2025-11-18T22:42:44","guid":{"rendered":"https:\/\/www.rengoenlanoticia.cl\/prensa\/?p=7793"},"modified":"2025-11-18T23:00:06","modified_gmt":"2025-11-18T23:00:06","slug":"rancagua-tiene-nuevo-recinto-deportivo-autoridades-inauguraron-la-piscina-temperada-del-centro-deportivo-comunitario","status":"publish","type":"post","link":"https:\/\/www.rengoenlanoticia.cl\/prensa\/2025\/11\/18\/rancagua-tiene-nuevo-recinto-deportivo-autoridades-inauguraron-la-piscina-temperada-del-centro-deportivo-comunitario\/","title":{"rendered":"Rancagua tiene nuevo recinto deportivo: Autoridades inauguraron la piscina temperada del Centro Deportivo Comunitario"},"content":{"rendered":"\n<p><em>En una ceremonia, que cont\u00f3 con la participaci\u00f3n del ministro del Deporte, Jaime Pizarro y autoridades locales, se realiz\u00f3 el corte de cinta de la piscina temperada que es un largo anhelo de la comunidad deportiva de O\u2019Higgins.<\/em><\/p>\n\n\n\n<p>esde hoy la Regi\u00f3n de O\u2019Higgins cuenta con un nuevo recinto deportivo que permitir\u00e1 a las y los deportistas y aficionados a los deportes acu\u00e1ticos contar con un espacio para la pr\u00e1ctica de la nataci\u00f3n y otras disciplinas. Todo, gracias a la inauguraci\u00f3n de la piscina temporada del Centro Deportivo Comunitario de Rancagua.<\/p>\n\n\n\n<p>En la ceremonia, en la que participaron el ministro del Deporte, Jaime Pizarro, el gobernador regional, Pablo Silva, el delegado presidencial regional, Fabio L\u00f3pez, el alcalde de Rancagua, Raimundo Agliati, representantes de clubes deportivos de la Regi\u00f3n de O\u2019Higgins, personeros de la Federaci\u00f3n Chilena de Deportes Acu\u00e1ticos, entre otras autoridades locales, se realiz\u00f3 un entrenamiento masivo de deportistas locales y una muestra de nataci\u00f3n art\u00edstica a cargo de las seleccionadas nacionales Trinidad y Soledad Garc\u00eda.<\/p>\n\n\n\n<p>La realizaci\u00f3n de este proyecto es fruto de un trabajo realizado en conjunto entre el Ministerio del Deporte, el Instituto Nacional de Deportes, la Gobernaci\u00f3n Regional, quienes financiaron el proyecto de m\u00e1s de $6.700 millones de inversi\u00f3n y la Ilustre Municipalidad de Rancagua, quien cedi\u00f3 el terreno donde est\u00e1 emplazado el recinto deportivo.&nbsp;<\/p>\n\n\n\n<figure class=\"wp-block-image size-large\"><img loading=\"lazy\" decoding=\"async\" width=\"1024\" height=\"682\" src=\"https:\/\/www.rengoenlanoticia.cl\/prensa\/wp-content\/uploads\/2025\/11\/WhatsApp-Image-2025-11-18-at-15.58.17-1024x682.jpeg\" alt=\"\" class=\"wp-image-7806\" srcset=\"https:\/\/www.rengoenlanoticia.cl\/prensa\/wp-content\/uploads\/2025\/11\/WhatsApp-Image-2025-11-18-at-15.58.17-1024x682.jpeg 1024w, https:\/\/www.rengoenlanoticia.cl\/prensa\/wp-content\/uploads\/2025\/11\/WhatsApp-Image-2025-11-18-at-15.58.17-300x200.jpeg 300w, https:\/\/www.rengoenlanoticia.cl\/prensa\/wp-content\/uploads\/2025\/11\/WhatsApp-Image-2025-11-18-at-15.58.17-768x512.jpeg 768w, https:\/\/www.rengoenlanoticia.cl\/prensa\/wp-content\/uploads\/2025\/11\/WhatsApp-Image-2025-11-18-at-15.58.17-1536x1024.jpeg 1536w, https:\/\/www.rengoenlanoticia.cl\/prensa\/wp-content\/uploads\/2025\/11\/WhatsApp-Image-2025-11-18-at-15.58.17-2048x1365.jpeg 2048w, https:\/\/www.rengoenlanoticia.cl\/prensa\/wp-content\/uploads\/2025\/11\/WhatsApp-Image-2025-11-18-at-15.58.17-110x73.jpeg 110w, https:\/\/www.rengoenlanoticia.cl\/prensa\/wp-content\/uploads\/2025\/11\/WhatsApp-Image-2025-11-18-at-15.58.17-200x133.jpeg 200w, https:\/\/www.rengoenlanoticia.cl\/prensa\/wp-content\/uploads\/2025\/11\/WhatsApp-Image-2025-11-18-at-15.58.17-380x253.jpeg 380w, https:\/\/www.rengoenlanoticia.cl\/prensa\/wp-content\/uploads\/2025\/11\/WhatsApp-Image-2025-11-18-at-15.58.17-255x170.jpeg 255w, https:\/\/www.rengoenlanoticia.cl\/prensa\/wp-content\/uploads\/2025\/11\/WhatsApp-Image-2025-11-18-at-15.58.17-550x366.jpeg 550w, https:\/\/www.rengoenlanoticia.cl\/prensa\/wp-content\/uploads\/2025\/11\/WhatsApp-Image-2025-11-18-at-15.58.17-800x533.jpeg 800w, https:\/\/www.rengoenlanoticia.cl\/prensa\/wp-content\/uploads\/2025\/11\/WhatsApp-Image-2025-11-18-at-15.58.17-1160x773.jpeg 1160w, https:\/\/www.rengoenlanoticia.cl\/prensa\/wp-content\/uploads\/2025\/11\/WhatsApp-Image-2025-11-18-at-15.58.17-scaled.jpeg 2560w\" sizes=\"auto, (max-width: 1024px) 100vw, 1024px\" \/><\/figure>\n\n\n\n<p>Durante la jornada el ministro Jaime Pizarro destac\u00f3 que \u201cesta una maravillosa noticia que nos alegra enormemente, tener ya disponible esta piscina para las organizaciones que trabajan para el alto rendimiento y la parte social que tambi\u00e9n es tan importante, las personas mayores van a tener la posibilidad de utilizarla, de compartirla y de disfrutarla. Nos alegra adicionalmente porque hace tiempo se requer\u00eda y despu\u00e9s de una larga historia, va a estar disponible. Agradecemos al IND por llevar adelante este proceso coordinadamente\u201d.<\/p>\n\n\n\n<figure class=\"wp-block-image size-large\"><img loading=\"lazy\" decoding=\"async\" width=\"1024\" height=\"682\" src=\"https:\/\/www.rengoenlanoticia.cl\/prensa\/wp-content\/uploads\/2025\/11\/WhatsApp-Image-2025-11-18-at-15.58.16-1024x682.jpeg\" alt=\"\" class=\"wp-image-7805\" srcset=\"https:\/\/www.rengoenlanoticia.cl\/prensa\/wp-content\/uploads\/2025\/11\/WhatsApp-Image-2025-11-18-at-15.58.16-1024x682.jpeg 1024w, https:\/\/www.rengoenlanoticia.cl\/prensa\/wp-content\/uploads\/2025\/11\/WhatsApp-Image-2025-11-18-at-15.58.16-300x200.jpeg 300w, https:\/\/www.rengoenlanoticia.cl\/prensa\/wp-content\/uploads\/2025\/11\/WhatsApp-Image-2025-11-18-at-15.58.16-768x512.jpeg 768w, https:\/\/www.rengoenlanoticia.cl\/prensa\/wp-content\/uploads\/2025\/11\/WhatsApp-Image-2025-11-18-at-15.58.16-1536x1024.jpeg 1536w, https:\/\/www.rengoenlanoticia.cl\/prensa\/wp-content\/uploads\/2025\/11\/WhatsApp-Image-2025-11-18-at-15.58.16-2048x1365.jpeg 2048w, https:\/\/www.rengoenlanoticia.cl\/prensa\/wp-content\/uploads\/2025\/11\/WhatsApp-Image-2025-11-18-at-15.58.16-110x73.jpeg 110w, https:\/\/www.rengoenlanoticia.cl\/prensa\/wp-content\/uploads\/2025\/11\/WhatsApp-Image-2025-11-18-at-15.58.16-200x133.jpeg 200w, https:\/\/www.rengoenlanoticia.cl\/prensa\/wp-content\/uploads\/2025\/11\/WhatsApp-Image-2025-11-18-at-15.58.16-380x253.jpeg 380w, https:\/\/www.rengoenlanoticia.cl\/prensa\/wp-content\/uploads\/2025\/11\/WhatsApp-Image-2025-11-18-at-15.58.16-255x170.jpeg 255w, https:\/\/www.rengoenlanoticia.cl\/prensa\/wp-content\/uploads\/2025\/11\/WhatsApp-Image-2025-11-18-at-15.58.16-550x366.jpeg 550w, https:\/\/www.rengoenlanoticia.cl\/prensa\/wp-content\/uploads\/2025\/11\/WhatsApp-Image-2025-11-18-at-15.58.16-800x533.jpeg 800w, https:\/\/www.rengoenlanoticia.cl\/prensa\/wp-content\/uploads\/2025\/11\/WhatsApp-Image-2025-11-18-at-15.58.16-1160x773.jpeg 1160w, https:\/\/www.rengoenlanoticia.cl\/prensa\/wp-content\/uploads\/2025\/11\/WhatsApp-Image-2025-11-18-at-15.58.16-scaled.jpeg 2560w\" sizes=\"auto, (max-width: 1024px) 100vw, 1024px\" \/><\/figure>\n\n\n\n<p>Por su parte, el gobernador regional de O\u2019Higgins Pablo Silva Amaya recalc\u00f3 que \u201ceste es un proyecto financiado a medias con el Ministerio del Deporte, y tenemos que hacer el esfuerzo para tener otro centro de entrenamiento. Agradecer a todos los que, desde hace 35 a\u00f1os, han estado en esto, los t\u00e9cnicos que trabajaron para esta infraestructura. Ahora seguiremos produciendo campeones. No hay ninguna excusa, tenemos el material que son los deportistas y estamos seguros que les va a ir muy bien. Un 49% va a estar dedicada al alto rendimiento, el resto del tiempo tambi\u00e9n a las actividades m\u00e1s recreativas, personas mayores, tambi\u00e9n aquellas con discapacidad tendr\u00e1n la oportunidad de disfrutar de lo que es la piscina temperada\u201d.<\/p>\n\n\n\n<p>En tanto, el alcalde Raimundo Agliati mencion\u00f3 que \u201ceste sue\u00f1o tiene muchos a\u00f1os de historia, una piscina temperada para la ciudad, una piscina semiol\u00edmpica y que ya hace algunos a\u00f1os, poco a poco, con la suma de instituciones, en un comienzo buscando la manera de poder factibilizar un proyecto de piscina temperada. Justamente en este lugar donde el municipio entregaba el terreno, colocaba a disposici\u00f3n una piscina que hab\u00eda ac\u00e1 antiguamente para transformarla, hab\u00eda que viabilizarlo m\u00e1s all\u00e1 de lo t\u00e9cnico, de lo financiero y ah\u00ed se suman los compromisos del IND a trav\u00e9s del Ministerio del Deporte y el Gobierno Regional que logr\u00f3 los recursos necesarios para empujar este proyecto. Agradecer a cada una de las partes, porque por aqu\u00ed pasaron personas en distintos gobiernos, instituciones que colocaron todo lo suyo para lograr este objetivo\u201d.<\/p>\n\n\n\n<p><strong>Hito regional<\/strong><\/p>\n\n\n\n<p>La inauguraci\u00f3n de este nuevo polo deportivo de la ciudad de Rancagua constituye un hito para las y los deportistas de la zona, quienes antes del inicio de la ceremonia, pudieron utilizar la piscina semiol\u00edmpica y realizar una sesi\u00f3n de entrenamiento en los seis carriles con los que cuenta la instalaci\u00f3n.<\/p>\n\n\n\n<p>El proyecto arquitect\u00f3nico contempl\u00f3 camarines y servicios higi\u00e9nicos, oficinas administrativas, sala de primeros auxilios, grader\u00edas con capacidad para 256 butacas, sala t\u00e9cnica con generador de respaldo, sala de m\u00e1quinas, bodegas, \u00e1reas verdes y estacionamientos. La infraestructura contempla accesibilidad universal, de acuerdo con lo establecido en el Decreto Supremo N\u00b05 en la materia, incorporando una ruta accesible desde el ingreso hasta el vaso de la piscina, incluyendo silla hidr\u00e1ulica para el ingreso al agua. La piscina cuenta con un sistema de ionizaci\u00f3n, basado en la electr\u00f3lisis del cloruro de sodio. Este proceso electroqu\u00edmico separa los iones de sodio y cloruro generando cloro de forma natural, lo que aumenta la biocompatibilidad del agua y reduce riesgos de irritaciones dermatol\u00f3gicas y oftalmol\u00f3gicas.<\/p>\n\n\n\n<p>A partir de hoy la piscina temperada ser\u00e1 utilizada para el desarrollo de la nataci\u00f3n a trav\u00e9s de las dos asociaciones de la regi\u00f3n, desde la formaci\u00f3n, iniciaci\u00f3n, competencia y proyecci\u00f3n al alto rendimiento. Tambi\u00e9n podr\u00e1n disfrutar de este recinto las y los vecinos a trav\u00e9s de actividades y clases a cargo de la Municipalidad y las y los beneficiarios de los programas que el IND desarrolla en la ciudad.&nbsp;<\/p>\n","protected":false},"excerpt":{"rendered":"En una ceremonia, que cont\u00f3 con la participaci\u00f3n del ministro del Deporte, Jaime Pizarro y autoridades locales, se&hellip;\n","protected":false},"author":1,"featured_media":7804,"comment_status":"open","ping_status":"open","sticky":false,"template":"","format":"standard","meta":{"_monsterinsights_skip_tracking":false,"_monsterinsights_sitenote_active":false,"_monsterinsights_sitenote_note":"","_monsterinsights_sitenote_category":0,"footnotes":""},"categories":[8],"tags":[],"class_list":{"0":"post-7793","1":"post","2":"type-post","3":"status-publish","4":"format-standard","5":"has-post-thumbnail","7":"category-portada"},"aioseo_notices":[],"_links":{"self":[{"href":"https:\/\/www.rengoenlanoticia.cl\/prensa\/wp-json\/wp\/v2\/posts\/7793","targetHints":{"allow":["GET"]}}],"collection":[{"href":"https:\/\/www.rengoenlanoticia.cl\/prensa\/wp-json\/wp\/v2\/posts"}],"about":[{"href":"https:\/\/www.rengoenlanoticia.cl\/prensa\/wp-json\/wp\/v2\/types\/post"}],"author":[{"embeddable":true,"href":"https:\/\/www.rengoenlanoticia.cl\/prensa\/wp-json\/wp\/v2\/users\/1"}],"replies":[{"embeddable":true,"href":"https:\/\/www.rengoenlanoticia.cl\/prensa\/wp-json\/wp\/v2\/comments?post=7793"}],"version-history":[{"count":3,"href":"https:\/\/www.rengoenlanoticia.cl\/prensa\/wp-json\/wp\/v2\/posts\/7793\/revisions"}],"predecessor-version":[{"id":7821,"href":"https:\/\/www.rengoenlanoticia.cl\/prensa\/wp-json\/wp\/v2\/posts\/7793\/revisions\/7821"}],"wp:featuredmedia":[{"embeddable":true,"href":"https:\/\/www.rengoenlanoticia.cl\/prensa\/wp-json\/wp\/v2\/media\/7804"}],"wp:attachment":[{"href":"https:\/\/www.rengoenlanoticia.cl\/prensa\/wp-json\/wp\/v2\/media?parent=7793"}],"wp:term":[{"taxonomy":"category","embeddable":true,"href":"https:\/\/www.rengoenlanoticia.cl\/prensa\/wp-json\/wp\/v2\/categories?post=7793"},{"taxonomy":"post_tag","embeddable":true,"href":"https:\/\/www.rengoenlanoticia.cl\/prensa\/wp-json\/wp\/v2\/tags?post=7793"}],"curies":[{"name":"wp","href":"https:\/\/api.w.org\/{rel}","templated":true}]}}