{"id":7770,"date":"2025-11-18T18:46:15","date_gmt":"2025-11-18T18:46:15","guid":{"rendered":"https:\/\/www.rengoenlanoticia.cl\/prensa\/?p=7770"},"modified":"2025-11-18T18:49:45","modified_gmt":"2025-11-18T18:49:45","slug":"pro-ohiggins-y-minera-valle-central-culminan-con-exito-la-primera-version-del-programa-de-educacion-ambiental-seamos-solucion-en-olivar-y-requinoa","status":"publish","type":"post","link":"https:\/\/www.rengoenlanoticia.cl\/prensa\/2025\/11\/18\/pro-ohiggins-y-minera-valle-central-culminan-con-exito-la-primera-version-del-programa-de-educacion-ambiental-seamos-solucion-en-olivar-y-requinoa\/","title":{"rendered":"Pro O\u2019Higgins y Minera Valle Central culminan con \u00e9xito la primera versi\u00f3n del programa de educaci\u00f3n ambiental Seamos Soluci\u00f3n en Olivar y Requ\u00ednoa"},"content":{"rendered":"\n<p>M\u00e1s de 200 alumnos de 6 escuelas aprendieron sobre huertos caseros y compostaje.<\/p>\n\n\n\n<p>Con una masiva participaci\u00f3n, Corporaci\u00f3n Pro O\u2019Higgins y su empresa socia Minera Valle Central (MVC) realizaron el cierre de la primera versi\u00f3n del programa de educaci\u00f3n ambiental <strong>Seamos Soluci\u00f3n<\/strong>, iniciativa que este a\u00f1o, se implement\u00f3 por primera vez en seis establecimientos educacionales de las comunas de Olivar y Requ\u00ednoa, beneficiando a m\u00e1s de 200 estudiantes de educaci\u00f3n b\u00e1sica.<\/p>\n\n\n\n<p>El programa tuvo como foco desarrollar aprendizajes pr\u00e1cticos sobre <strong>compostaje<\/strong>, promoviendo el cuidado del entorno a partir de acciones concretas que las ni\u00f1as y ni\u00f1os pueden aplicar tanto en sus escuelas como en sus hogares.<\/p>\n\n\n\n<p>Durante las dos jornadas de cierre que se desarrollaron en los Teatros Municipales de Olivar y Requ\u00ednoa, respectivamente, los estudiantes pusieron a prueba lo aprendido en los talleres motivados por una presentaci\u00f3n teatral.<\/p>\n\n\n\n<p><strong>Autoridades destacan el impacto del programa<\/strong><\/p>\n\n\n\n<figure class=\"wp-block-image size-large\"><img loading=\"lazy\" decoding=\"async\" width=\"1024\" height=\"576\" src=\"https:\/\/www.rengoenlanoticia.cl\/prensa\/wp-content\/uploads\/2025\/11\/Cierre-Olivar-1024x576.jpg\" alt=\"\" class=\"wp-image-7782\" srcset=\"https:\/\/www.rengoenlanoticia.cl\/prensa\/wp-content\/uploads\/2025\/11\/Cierre-Olivar-1024x576.jpg 1024w, https:\/\/www.rengoenlanoticia.cl\/prensa\/wp-content\/uploads\/2025\/11\/Cierre-Olivar-300x169.jpg 300w, https:\/\/www.rengoenlanoticia.cl\/prensa\/wp-content\/uploads\/2025\/11\/Cierre-Olivar-768x432.jpg 768w, https:\/\/www.rengoenlanoticia.cl\/prensa\/wp-content\/uploads\/2025\/11\/Cierre-Olivar-1536x864.jpg 1536w, https:\/\/www.rengoenlanoticia.cl\/prensa\/wp-content\/uploads\/2025\/11\/Cierre-Olivar-2048x1153.jpg 2048w, https:\/\/www.rengoenlanoticia.cl\/prensa\/wp-content\/uploads\/2025\/11\/Cierre-Olivar-110x62.jpg 110w, https:\/\/www.rengoenlanoticia.cl\/prensa\/wp-content\/uploads\/2025\/11\/Cierre-Olivar-200x113.jpg 200w, https:\/\/www.rengoenlanoticia.cl\/prensa\/wp-content\/uploads\/2025\/11\/Cierre-Olivar-380x214.jpg 380w, https:\/\/www.rengoenlanoticia.cl\/prensa\/wp-content\/uploads\/2025\/11\/Cierre-Olivar-255x144.jpg 255w, https:\/\/www.rengoenlanoticia.cl\/prensa\/wp-content\/uploads\/2025\/11\/Cierre-Olivar-550x310.jpg 550w, https:\/\/www.rengoenlanoticia.cl\/prensa\/wp-content\/uploads\/2025\/11\/Cierre-Olivar-800x450.jpg 800w, https:\/\/www.rengoenlanoticia.cl\/prensa\/wp-content\/uploads\/2025\/11\/Cierre-Olivar-1160x653.jpg 1160w, https:\/\/www.rengoenlanoticia.cl\/prensa\/wp-content\/uploads\/2025\/11\/Cierre-Olivar-scaled.jpg 2560w\" sizes=\"auto, (max-width: 1024px) 100vw, 1024px\" \/><\/figure>\n\n\n\n<p>La alcaldesa de Olivar, <strong>Mar\u00eda Estrella Montero<\/strong>, valor\u00f3 profundamente el aporte de esta iniciativa:<\/p>\n\n\n\n<p><em>\u201cLa alianza entre Pro O\u2019Higgins y MVC provoca esto, que los ni\u00f1os y ni\u00f1as tomen conciencia de la importancia de cuidar el planeta para todos. Agradecida de que tomen en cuenta la comuna para realizar este programa.\u201d<\/em><\/p>\n\n\n\n<p>Desde Requ\u00ednoa, el jefe DAEM, <strong>Luis Garc\u00eda<\/strong>, enfatiz\u00f3 el valor de estas colaboraciones para la comunidad educativa:<\/p>\n\n\n\n<p><em>\u201cEs muy importante estas alianzas porque nos permite contribuir al desarrollo de las familias. Agradecemos a Pro O\u2019Higgins y a MVC que se preocupa de la educaci\u00f3n p\u00fablica y del medio ambiente.\u201d<\/em><\/p>\n\n\n\n<p>En representaci\u00f3n de Minera Valle Central, el subgerente de Sustentabilidad, <strong>Eugenio Espinosa<\/strong>, destac\u00f3 los resultados de esta primera experiencia:<\/p>\n\n\n\n<p><em>\u201cEsta primera experiencia nuestra con este programa da un resultado extraordinario, vemos la alegr\u00eda e inquietud de los ni\u00f1os, y se cumple plenamente el objetivo del programa que es poner a disposici\u00f3n de la comunidad escolar este aprendizaje para que sean la soluci\u00f3n. Esto se enmarca en el prop\u00f3sito de relacionamiento de la empresa con la comunidad; somos una empresa que se dedica a recuperar cobre y molibdeno desde los desechos industriales, somos parte de una comunidad y entre nuestras prioridades est\u00e1 llegar a los ni\u00f1os y ni\u00f1as.\u201d<\/em><\/p>\n\n\n\n<p>Por su parte, el gerente general de Corporaci\u00f3n Pro O\u2019Higgins, <strong>Braulio Guzm\u00e1n<\/strong>, agradeci\u00f3 a los actores involucrados y proyect\u00f3 los pasos a futuro:<\/p>\n\n\n\n<p><em>\u201cCon mucho entusiasmo estamos cerrando el programa <strong>Seamos Soluci\u00f3n<\/strong> en Olivar y Requ\u00ednoa. Estamos muy agradecidos de los establecimientos, los alumnos, las municipalidades y especialmente de MVC que se hace parte y promueve este programa en estas dos comunas, y esperamos el pr\u00f3ximo a\u00f1o seguir impulsando la educaci\u00f3n ambiental junto a nuestra empresa socia.\u201d<\/em><\/p>\n\n\n\n<p>El cierre del programa reafirma el compromiso de Pro O\u2019Higgins y MVC de seguir impulsando iniciativas que promuevan la educaci\u00f3n ambiental, fomenten h\u00e1bitos sostenibles y fortalezcan el v\u00ednculo con las comunidades donde est\u00e1n presentes.<\/p>\n\n\n\n<figure class=\"wp-block-image size-large\"><img loading=\"lazy\" decoding=\"async\" width=\"1024\" height=\"577\" src=\"https:\/\/www.rengoenlanoticia.cl\/prensa\/wp-content\/uploads\/2025\/11\/Olivar-1-1024x577.jpg\" alt=\"\" class=\"wp-image-7783\" srcset=\"https:\/\/www.rengoenlanoticia.cl\/prensa\/wp-content\/uploads\/2025\/11\/Olivar-1-1024x577.jpg 1024w, https:\/\/www.rengoenlanoticia.cl\/prensa\/wp-content\/uploads\/2025\/11\/Olivar-1-300x169.jpg 300w, https:\/\/www.rengoenlanoticia.cl\/prensa\/wp-content\/uploads\/2025\/11\/Olivar-1-768x432.jpg 768w, https:\/\/www.rengoenlanoticia.cl\/prensa\/wp-content\/uploads\/2025\/11\/Olivar-1-1536x865.jpg 1536w, https:\/\/www.rengoenlanoticia.cl\/prensa\/wp-content\/uploads\/2025\/11\/Olivar-1-110x62.jpg 110w, https:\/\/www.rengoenlanoticia.cl\/prensa\/wp-content\/uploads\/2025\/11\/Olivar-1-200x113.jpg 200w, https:\/\/www.rengoenlanoticia.cl\/prensa\/wp-content\/uploads\/2025\/11\/Olivar-1-380x214.jpg 380w, https:\/\/www.rengoenlanoticia.cl\/prensa\/wp-content\/uploads\/2025\/11\/Olivar-1-255x144.jpg 255w, https:\/\/www.rengoenlanoticia.cl\/prensa\/wp-content\/uploads\/2025\/11\/Olivar-1-550x310.jpg 550w, https:\/\/www.rengoenlanoticia.cl\/prensa\/wp-content\/uploads\/2025\/11\/Olivar-1-800x450.jpg 800w, https:\/\/www.rengoenlanoticia.cl\/prensa\/wp-content\/uploads\/2025\/11\/Olivar-1-1160x653.jpg 1160w, https:\/\/www.rengoenlanoticia.cl\/prensa\/wp-content\/uploads\/2025\/11\/Olivar-1.jpg 2000w\" sizes=\"auto, (max-width: 1024px) 100vw, 1024px\" \/><\/figure>\n","protected":false},"excerpt":{"rendered":"M\u00e1s de 200 alumnos de 6 escuelas aprendieron sobre huertos caseros y compostaje. Con una masiva participaci\u00f3n, Corporaci\u00f3n&hellip;\n","protected":false},"author":1,"featured_media":7781,"comment_status":"open","ping_status":"open","sticky":false,"template":"","format":"standard","meta":{"_monsterinsights_skip_tracking":false,"_monsterinsights_sitenote_active":false,"_monsterinsights_sitenote_note":"","_monsterinsights_sitenote_category":0,"footnotes":""},"categories":[8],"tags":[],"class_list":{"0":"post-7770","1":"post","2":"type-post","3":"status-publish","4":"format-standard","5":"has-post-thumbnail","7":"category-portada"},"aioseo_notices":[],"_links":{"self":[{"href":"https:\/\/www.rengoenlanoticia.cl\/prensa\/wp-json\/wp\/v2\/posts\/7770","targetHints":{"allow":["GET"]}}],"collection":[{"href":"https:\/\/www.rengoenlanoticia.cl\/prensa\/wp-json\/wp\/v2\/posts"}],"about":[{"href":"https:\/\/www.rengoenlanoticia.cl\/prensa\/wp-json\/wp\/v2\/types\/post"}],"author":[{"embeddable":true,"href":"https:\/\/www.rengoenlanoticia.cl\/prensa\/wp-json\/wp\/v2\/users\/1"}],"replies":[{"embeddable":true,"href":"https:\/\/www.rengoenlanoticia.cl\/prensa\/wp-json\/wp\/v2\/comments?post=7770"}],"version-history":[{"count":4,"href":"https:\/\/www.rengoenlanoticia.cl\/prensa\/wp-json\/wp\/v2\/posts\/7770\/revisions"}],"predecessor-version":[{"id":7792,"href":"https:\/\/www.rengoenlanoticia.cl\/prensa\/wp-json\/wp\/v2\/posts\/7770\/revisions\/7792"}],"wp:featuredmedia":[{"embeddable":true,"href":"https:\/\/www.rengoenlanoticia.cl\/prensa\/wp-json\/wp\/v2\/media\/7781"}],"wp:attachment":[{"href":"https:\/\/www.rengoenlanoticia.cl\/prensa\/wp-json\/wp\/v2\/media?parent=7770"}],"wp:term":[{"taxonomy":"category","embeddable":true,"href":"https:\/\/www.rengoenlanoticia.cl\/prensa\/wp-json\/wp\/v2\/categories?post=7770"},{"taxonomy":"post_tag","embeddable":true,"href":"https:\/\/www.rengoenlanoticia.cl\/prensa\/wp-json\/wp\/v2\/tags?post=7770"}],"curies":[{"name":"wp","href":"https:\/\/api.w.org\/{rel}","templated":true}]}}