{"id":7769,"date":"2025-11-18T18:48:34","date_gmt":"2025-11-18T18:48:34","guid":{"rendered":"https:\/\/www.rengoenlanoticia.cl\/prensa\/?p=7769"},"modified":"2025-11-18T18:48:38","modified_gmt":"2025-11-18T18:48:38","slug":"unidad-de-humanizacion-del-hospital-de-rengo-expone-en-jornada-regional-en-rancagua","status":"publish","type":"post","link":"https:\/\/www.rengoenlanoticia.cl\/prensa\/2025\/11\/18\/unidad-de-humanizacion-del-hospital-de-rengo-expone-en-jornada-regional-en-rancagua\/","title":{"rendered":"Unidad de Humanizaci\u00f3n del Hospital de Rengo expone en Jornada Regional en Rancagua"},"content":{"rendered":"\n<p>\u00a0\u00a0Actividad organizada por el Servicio de Salud O\u2019Higgins junto al Hospital Dr. Franco Ravera Zunino (HFRZ).<\/p>\n\n\n\n<p> Con orgullo por el trabajo desarrollado en el establecimiento, la jefa de la Unidad de Humanizaci\u00f3n del Hospital de Rengo, Marcela Saavedra, expuso las acciones, buenas pr\u00e1cticas y lineamientos implementados por su equipo durante la Primera Jornada Regional de Humanizaci\u00f3n en Salud, realizada en Rancagua bajo el lema \u201cLiderando con compasi\u00f3n, cuidando a pacientes y al equipo de salud\u201d. La instancia fue organizada por el Servicio de Salud O\u2019Higgins junto al Hospital Dr. Franco Ravera Zunino (HFRZ).<\/p>\n\n\n\n<figure class=\"wp-block-image size-large\"><img loading=\"lazy\" decoding=\"async\" width=\"1024\" height=\"576\" src=\"https:\/\/www.rengoenlanoticia.cl\/prensa\/wp-content\/uploads\/2025\/11\/Humanizacion-1-1024x576.jpg\" alt=\"\" class=\"wp-image-7775\" srcset=\"https:\/\/www.rengoenlanoticia.cl\/prensa\/wp-content\/uploads\/2025\/11\/Humanizacion-1-1024x576.jpg 1024w, https:\/\/www.rengoenlanoticia.cl\/prensa\/wp-content\/uploads\/2025\/11\/Humanizacion-1-300x169.jpg 300w, https:\/\/www.rengoenlanoticia.cl\/prensa\/wp-content\/uploads\/2025\/11\/Humanizacion-1-768x432.jpg 768w, https:\/\/www.rengoenlanoticia.cl\/prensa\/wp-content\/uploads\/2025\/11\/Humanizacion-1-1536x864.jpg 1536w, https:\/\/www.rengoenlanoticia.cl\/prensa\/wp-content\/uploads\/2025\/11\/Humanizacion-1-110x62.jpg 110w, https:\/\/www.rengoenlanoticia.cl\/prensa\/wp-content\/uploads\/2025\/11\/Humanizacion-1-200x113.jpg 200w, https:\/\/www.rengoenlanoticia.cl\/prensa\/wp-content\/uploads\/2025\/11\/Humanizacion-1-380x214.jpg 380w, https:\/\/www.rengoenlanoticia.cl\/prensa\/wp-content\/uploads\/2025\/11\/Humanizacion-1-255x143.jpg 255w, https:\/\/www.rengoenlanoticia.cl\/prensa\/wp-content\/uploads\/2025\/11\/Humanizacion-1-550x309.jpg 550w, https:\/\/www.rengoenlanoticia.cl\/prensa\/wp-content\/uploads\/2025\/11\/Humanizacion-1-800x450.jpg 800w, https:\/\/www.rengoenlanoticia.cl\/prensa\/wp-content\/uploads\/2025\/11\/Humanizacion-1-1160x653.jpg 1160w, https:\/\/www.rengoenlanoticia.cl\/prensa\/wp-content\/uploads\/2025\/11\/Humanizacion-1.jpg 2048w\" sizes=\"auto, (max-width: 1024px) 100vw, 1024px\" \/><\/figure>\n\n\n\n<p>La directora (s) del Hospital de Rengo, Dra. Valeria Olavarr\u00eda, destac\u00f3 el valor estrat\u00e9gico de esta l\u00ednea de trabajo, se\u00f1alando que \u201ccontar con una Unidad de Humanizaci\u00f3n en nuestro hospital es fundamental para avanzar hacia un modelo de atenci\u00f3n verdaderamente centrado en las personas. Este equipo ha permitido visibilizar necesidades, impulsar cambios culturales y promover pr\u00e1cticas que ponen en el centro la dignidad de nuestros usuarios y sus familias. Para nosotros, la humanizaci\u00f3n no es un complemento, es una l\u00ednea de trabajo esencial, un valor institucional\u201d.<\/p>\n\n\n\n<p>Por su parte, la enfermera Marcela Saavedra, jefa de la Unidad de Humanizaci\u00f3n, relev\u00f3 el significado de representar al hospital en esta instancia regional. \u201cNos invitaron a participar en la primera jornada regional de humanizaci\u00f3n. Vine a contar c\u00f3mo ha sido la experiencia de implementar una unidad de humanizaci\u00f3n en un hospital p\u00fablico, espec\u00edficamente en nuestro Hospital de Rengo\u201d, explic\u00f3.<\/p>\n\n\n\n<figure class=\"wp-block-image size-large\"><img loading=\"lazy\" decoding=\"async\" width=\"1024\" height=\"576\" src=\"https:\/\/www.rengoenlanoticia.cl\/prensa\/wp-content\/uploads\/2025\/11\/Humanizacion-2-1024x576.jpg\" alt=\"\" class=\"wp-image-7777\" srcset=\"https:\/\/www.rengoenlanoticia.cl\/prensa\/wp-content\/uploads\/2025\/11\/Humanizacion-2-1024x576.jpg 1024w, https:\/\/www.rengoenlanoticia.cl\/prensa\/wp-content\/uploads\/2025\/11\/Humanizacion-2-300x169.jpg 300w, https:\/\/www.rengoenlanoticia.cl\/prensa\/wp-content\/uploads\/2025\/11\/Humanizacion-2-768x432.jpg 768w, https:\/\/www.rengoenlanoticia.cl\/prensa\/wp-content\/uploads\/2025\/11\/Humanizacion-2-1536x864.jpg 1536w, https:\/\/www.rengoenlanoticia.cl\/prensa\/wp-content\/uploads\/2025\/11\/Humanizacion-2-110x62.jpg 110w, https:\/\/www.rengoenlanoticia.cl\/prensa\/wp-content\/uploads\/2025\/11\/Humanizacion-2-200x113.jpg 200w, https:\/\/www.rengoenlanoticia.cl\/prensa\/wp-content\/uploads\/2025\/11\/Humanizacion-2-380x214.jpg 380w, https:\/\/www.rengoenlanoticia.cl\/prensa\/wp-content\/uploads\/2025\/11\/Humanizacion-2-255x143.jpg 255w, https:\/\/www.rengoenlanoticia.cl\/prensa\/wp-content\/uploads\/2025\/11\/Humanizacion-2-550x309.jpg 550w, https:\/\/www.rengoenlanoticia.cl\/prensa\/wp-content\/uploads\/2025\/11\/Humanizacion-2-800x450.jpg 800w, https:\/\/www.rengoenlanoticia.cl\/prensa\/wp-content\/uploads\/2025\/11\/Humanizacion-2-1160x653.jpg 1160w, https:\/\/www.rengoenlanoticia.cl\/prensa\/wp-content\/uploads\/2025\/11\/Humanizacion-2.jpg 2048w\" sizes=\"auto, (max-width: 1024px) 100vw, 1024px\" \/><\/figure>\n\n\n\n<p>Saavedra a\u00f1adi\u00f3 que \u201cme siento muy contenta, muy alegre y muy orgullosa del trabajo que hemos realizado en nuestra instituci\u00f3n respecto a la implementaci\u00f3n de la unidad. La jornada ha sido una experiencia muy enriquecedora; era una deuda pendiente poner la atenci\u00f3n centrada en la persona sobre la mesa. Esto es solo el inicio de un trabajo que debe desarrollarse en red. Tenemos que mantenernos unidos y no olvidar nunca que la humanizaci\u00f3n es un compromiso \u00e9tico. La atenci\u00f3n centrada en la persona es lo que la atenci\u00f3n en salud debe ser\u201d.<\/p>\n\n\n\n<figure class=\"wp-block-image size-large\"><img loading=\"lazy\" decoding=\"async\" width=\"1024\" height=\"576\" src=\"https:\/\/www.rengoenlanoticia.cl\/prensa\/wp-content\/uploads\/2025\/11\/Humanizacion-1-1024x576.jpg\" alt=\"\" class=\"wp-image-7775\" srcset=\"https:\/\/www.rengoenlanoticia.cl\/prensa\/wp-content\/uploads\/2025\/11\/Humanizacion-1-1024x576.jpg 1024w, https:\/\/www.rengoenlanoticia.cl\/prensa\/wp-content\/uploads\/2025\/11\/Humanizacion-1-300x169.jpg 300w, https:\/\/www.rengoenlanoticia.cl\/prensa\/wp-content\/uploads\/2025\/11\/Humanizacion-1-768x432.jpg 768w, https:\/\/www.rengoenlanoticia.cl\/prensa\/wp-content\/uploads\/2025\/11\/Humanizacion-1-1536x864.jpg 1536w, https:\/\/www.rengoenlanoticia.cl\/prensa\/wp-content\/uploads\/2025\/11\/Humanizacion-1-110x62.jpg 110w, https:\/\/www.rengoenlanoticia.cl\/prensa\/wp-content\/uploads\/2025\/11\/Humanizacion-1-200x113.jpg 200w, https:\/\/www.rengoenlanoticia.cl\/prensa\/wp-content\/uploads\/2025\/11\/Humanizacion-1-380x214.jpg 380w, https:\/\/www.rengoenlanoticia.cl\/prensa\/wp-content\/uploads\/2025\/11\/Humanizacion-1-255x143.jpg 255w, https:\/\/www.rengoenlanoticia.cl\/prensa\/wp-content\/uploads\/2025\/11\/Humanizacion-1-550x309.jpg 550w, https:\/\/www.rengoenlanoticia.cl\/prensa\/wp-content\/uploads\/2025\/11\/Humanizacion-1-800x450.jpg 800w, https:\/\/www.rengoenlanoticia.cl\/prensa\/wp-content\/uploads\/2025\/11\/Humanizacion-1-1160x653.jpg 1160w, https:\/\/www.rengoenlanoticia.cl\/prensa\/wp-content\/uploads\/2025\/11\/Humanizacion-1.jpg 2048w\" sizes=\"auto, (max-width: 1024px) 100vw, 1024px\" \/><\/figure>\n\n\n\n<p>Finalmente, la kinesi\u00f3loga del Hospital de Rengo, Mar\u00eda Irene Moya, valor\u00f3 la instancia afirmando que \u201cme pareci\u00f3 muy valiosa la presentaci\u00f3n de la Unidad de Humanizaci\u00f3n, a la cual pertenezco. Ver todo lo que se ha logrado en un hospital p\u00fablico inspira y demuestra que es posible generar cambios reales cuando existe compromiso. Estos encuentros nos ayudan a proyectar un trabajo colaborativo que beneficie a toda la red\u201d.<\/p>\n","protected":false},"excerpt":{"rendered":"\u00a0\u00a0Actividad organizada por el Servicio de Salud O\u2019Higgins junto al Hospital Dr. Franco Ravera Zunino (HFRZ). Con orgullo&hellip;\n","protected":false},"author":1,"featured_media":7776,"comment_status":"open","ping_status":"open","sticky":false,"template":"","format":"standard","meta":{"_monsterinsights_skip_tracking":false,"_monsterinsights_sitenote_active":false,"_monsterinsights_sitenote_note":"","_monsterinsights_sitenote_category":0,"footnotes":""},"categories":[8],"tags":[],"class_list":{"0":"post-7769","1":"post","2":"type-post","3":"status-publish","4":"format-standard","5":"has-post-thumbnail","7":"category-portada"},"aioseo_notices":[],"_links":{"self":[{"href":"https:\/\/www.rengoenlanoticia.cl\/prensa\/wp-json\/wp\/v2\/posts\/7769","targetHints":{"allow":["GET"]}}],"collection":[{"href":"https:\/\/www.rengoenlanoticia.cl\/prensa\/wp-json\/wp\/v2\/posts"}],"about":[{"href":"https:\/\/www.rengoenlanoticia.cl\/prensa\/wp-json\/wp\/v2\/types\/post"}],"author":[{"embeddable":true,"href":"https:\/\/www.rengoenlanoticia.cl\/prensa\/wp-json\/wp\/v2\/users\/1"}],"replies":[{"embeddable":true,"href":"https:\/\/www.rengoenlanoticia.cl\/prensa\/wp-json\/wp\/v2\/comments?post=7769"}],"version-history":[{"count":3,"href":"https:\/\/www.rengoenlanoticia.cl\/prensa\/wp-json\/wp\/v2\/posts\/7769\/revisions"}],"predecessor-version":[{"id":7790,"href":"https:\/\/www.rengoenlanoticia.cl\/prensa\/wp-json\/wp\/v2\/posts\/7769\/revisions\/7790"}],"wp:featuredmedia":[{"embeddable":true,"href":"https:\/\/www.rengoenlanoticia.cl\/prensa\/wp-json\/wp\/v2\/media\/7776"}],"wp:attachment":[{"href":"https:\/\/www.rengoenlanoticia.cl\/prensa\/wp-json\/wp\/v2\/media?parent=7769"}],"wp:term":[{"taxonomy":"category","embeddable":true,"href":"https:\/\/www.rengoenlanoticia.cl\/prensa\/wp-json\/wp\/v2\/categories?post=7769"},{"taxonomy":"post_tag","embeddable":true,"href":"https:\/\/www.rengoenlanoticia.cl\/prensa\/wp-json\/wp\/v2\/tags?post=7769"}],"curies":[{"name":"wp","href":"https:\/\/api.w.org\/{rel}","templated":true}]}}