{"id":7768,"date":"2025-11-18T18:48:26","date_gmt":"2025-11-18T18:48:26","guid":{"rendered":"https:\/\/www.rengoenlanoticia.cl\/prensa\/?p=7768"},"modified":"2025-11-18T18:48:30","modified_gmt":"2025-11-18T18:48:30","slug":"autoridades-hacen-un-llamado-a-familias-para-postular-a-jardines-infantiles-y-salas-cuna-junji-e-integra-ano-2026","status":"publish","type":"post","link":"https:\/\/www.rengoenlanoticia.cl\/prensa\/2025\/11\/18\/autoridades-hacen-un-llamado-a-familias-para-postular-a-jardines-infantiles-y-salas-cuna-junji-e-integra-ano-2026\/","title":{"rendered":"Autoridades hacen un llamado a familias para postular a Jardines Infantiles y Salas Cuna JUNJI e Integra a\u00f1o 2026"},"content":{"rendered":"\n<p>Hasta el pr\u00f3ximo viernes 5 de diciembre, las familias de todo Chile y de la regi\u00f3n estar\u00e1n a tiempo de postular a los establecimientos parvularios p\u00fablicos \u2013 jardines infantiles y salas cuna &#8211; mediante un proceso sencillo y accesible, que facilita el acceso a una educaci\u00f3n parvularia p\u00fablica y de calidad.<\/p>\n\n\n\n<p>La educaci\u00f3n parvularia p\u00fablica est\u00e1 a poco de culminar con el proceso de postulaci\u00f3n a las salas cuna y jardines infantiles para el a\u00f1o 2026, proceso que cada a\u00f1o permite entregar a las lactantes, ni\u00f1as y ni\u00f1os una educaci\u00f3n inicial de calidad.<\/p>\n\n\n\n<p>En dicho contexto, hoy la seremi de Educaci\u00f3n de la Regi\u00f3n de O\u00b4Higgins, Alyson Hadad, junto a las directoras regionales (i) Integra&nbsp; y (s) de JUNJI, Gabriela Montenegro y B\u00e1rbara Donoso, m\u00e1s Ivonne Contreras, profesional Unidad de Gesti\u00f3n Territorial &nbsp;de la Subsecretar\u00eda de Educaci\u00f3n Parvularia, hicieron un llamado a madres, padres, cuidadoras\/es y familias a aprovechar de postular a sus hijas o hijos a alguna de las 290 unidades educativas parvularias distribuidas por&nbsp; todas las comunas de la regi\u00f3n.<\/p>\n\n\n\n<p>\u201cNuestros lactantes, ni\u00f1as y ni\u00f1os aprenden, juegan y ejercen su ciudadan\u00eda desde sus primeros a\u00f1os; por ello es tan importante la educaci\u00f3n parvularia, pues en jardines y salas cunas son protagonistas, fortalecen sus aprendizajes, v\u00ednculos y oportunidades\u201d, se\u00f1al\u00f3 la secretaria regional de Educaci\u00f3n, Alyson Hadad, agregando un dato \u201ccomo regi\u00f3n ocupamos el primer lugar de asistencia en este nivel, cifra que supera los niveles prepandemia y confirma que el compromiso de las comunidades educativas y familias, est\u00e1 dando resultado\u201d, inform\u00f3 la autoridad.<\/p>\n\n\n\n<p>Durante la jornada de difusi\u00f3n, se cont\u00f3 con una muestra de educaci\u00f3n parvularia (juegos, actividades, implementaci\u00f3n); adem\u00e1s de realizar atenci\u00f3n de usuarias para orientaci\u00f3n de las postulaciones que culminan este 5 de diciembre.<\/p>\n\n\n\n<p>Por su parte, la jefa de Cobertura de Fundaci\u00f3n Integra O\u00b4Higgins, Mar\u00eda Jos\u00e9 P\u00e9rez, coment\u00f3: \u201cEstamos impulsando diversas acciones que buscan que m\u00e1s ni\u00f1as y ni\u00f1os puedan ingresar a las salas cuna y jardines infantiles. Este proceso permite a las familias postular hasta a cinco establecimientos. Asimismo, nuestra plataforma permite una georreferenciaci\u00f3n a la familia para poder elegir aquellos establecimientos que les acomoden, ya sea por el lugar donde residen o donde trabajan. Las familias no requieren documentaci\u00f3n en este proceso ya que es un auto reporte. Sin embargo, el llamado a quienes postulan es a tener especial cuidado al ingresar el correo electr\u00f3nico, que es el medio donde recibir\u00e1n el comprobante de postulaci\u00f3n\u201d.<\/p>\n\n\n\n<p>Asimismo, la directora regional (s) JUNJI, B\u00e1rbara Donoso, se\u00f1al\u00f3: \u201cEn esta semana, en la que celebramos la importancia de la Educaci\u00f3n Parvularia, destacamos el desarrollo del proceso de postulaci\u00f3n 2026, actualmente en curso. Por ello, relevamos el trabajo de participaci\u00f3n y difusi\u00f3n en terreno, con el objetivo de acercarnos a las familias que necesitan postular a alguno de los jardines infantiles de la Red JUNJI. Invitamos a todas las familias a realizar sus consultas en nuestras oficinas regionales, en los jardines infantiles o directamente a trav\u00e9s de nuestra plataforma web <a href=\"http:\/\/www.junji.cl\">www.junji.cl<\/a>\u201d<\/p>\n\n\n\n<p>Para realizar la postulaci\u00f3n a salas cuna y jardines infantiles para 2026, se debe postular en l\u00ednea a trav\u00e9s de las plataformas web de JUNJI <a href=\"http:\/\/www.junji.cl\">www.junji.cl<\/a> &nbsp;&nbsp;o Integra <a href=\"http:\/\/www.integra.cl\">www.integra.cl<\/a>.<\/p>\n\n\n\n<p>\u201cLa educaci\u00f3n inicial es para miles de beb\u00e9s, ni\u00f1as y ni\u00f1os el primer espacio social en el que participan m\u00e1s all\u00e1 de sus hogares, lo que potencia su desarrollo y bienestar integral y posibilita brindar equidad y fortalecer un Chile m\u00e1s justo. Cada ni\u00f1a y ni\u00f1o que asiste a su sala cuna, jard\u00edn infantil o escuela vive y participa de experiencias educativas clave en su trayectoria de vida, fortaleciendo aprendizajes, v\u00ednculos y oportunidades\u201d, concluy\u00f3 la seremi Alyson Hadad.<\/p>\n\n\n\n<p><strong>Fechas clave del proceso de postulaci\u00f3n 2026<\/strong><\/p>\n\n\n\n<p>\u25cf&nbsp;&nbsp;&nbsp;&nbsp;&nbsp; Postulaciones: 20 de octubre al 5 de diciembre de 2025<\/p>\n\n\n\n<p>\u25cf&nbsp;&nbsp;&nbsp;&nbsp;&nbsp; Publicaci\u00f3n de resultados: 19 de diciembre de 2025<\/p>\n\n\n\n<p>\u25cf&nbsp;&nbsp;&nbsp;&nbsp;&nbsp; Per\u00edodo de matr\u00edcula: 23 de diciembre de 2025 al 14 de enero de 2026<\/p>\n","protected":false},"excerpt":{"rendered":"Hasta el pr\u00f3ximo viernes 5 de diciembre, las familias de todo Chile y de la regi\u00f3n estar\u00e1n a&hellip;\n","protected":false},"author":1,"featured_media":7772,"comment_status":"open","ping_status":"open","sticky":false,"template":"","format":"standard","meta":{"_monsterinsights_skip_tracking":false,"_monsterinsights_sitenote_active":false,"_monsterinsights_sitenote_note":"","_monsterinsights_sitenote_category":0,"footnotes":""},"categories":[8],"tags":[],"class_list":{"0":"post-7768","1":"post","2":"type-post","3":"status-publish","4":"format-standard","5":"has-post-thumbnail","7":"category-portada"},"aioseo_notices":[],"_links":{"self":[{"href":"https:\/\/www.rengoenlanoticia.cl\/prensa\/wp-json\/wp\/v2\/posts\/7768","targetHints":{"allow":["GET"]}}],"collection":[{"href":"https:\/\/www.rengoenlanoticia.cl\/prensa\/wp-json\/wp\/v2\/posts"}],"about":[{"href":"https:\/\/www.rengoenlanoticia.cl\/prensa\/wp-json\/wp\/v2\/types\/post"}],"author":[{"embeddable":true,"href":"https:\/\/www.rengoenlanoticia.cl\/prensa\/wp-json\/wp\/v2\/users\/1"}],"replies":[{"embeddable":true,"href":"https:\/\/www.rengoenlanoticia.cl\/prensa\/wp-json\/wp\/v2\/comments?post=7768"}],"version-history":[{"count":3,"href":"https:\/\/www.rengoenlanoticia.cl\/prensa\/wp-json\/wp\/v2\/posts\/7768\/revisions"}],"predecessor-version":[{"id":7787,"href":"https:\/\/www.rengoenlanoticia.cl\/prensa\/wp-json\/wp\/v2\/posts\/7768\/revisions\/7787"}],"wp:featuredmedia":[{"embeddable":true,"href":"https:\/\/www.rengoenlanoticia.cl\/prensa\/wp-json\/wp\/v2\/media\/7772"}],"wp:attachment":[{"href":"https:\/\/www.rengoenlanoticia.cl\/prensa\/wp-json\/wp\/v2\/media?parent=7768"}],"wp:term":[{"taxonomy":"category","embeddable":true,"href":"https:\/\/www.rengoenlanoticia.cl\/prensa\/wp-json\/wp\/v2\/categories?post=7768"},{"taxonomy":"post_tag","embeddable":true,"href":"https:\/\/www.rengoenlanoticia.cl\/prensa\/wp-json\/wp\/v2\/tags?post=7768"}],"curies":[{"name":"wp","href":"https:\/\/api.w.org\/{rel}","templated":true}]}}