{"id":7746,"date":"2025-11-18T01:40:55","date_gmt":"2025-11-18T01:40:55","guid":{"rendered":"https:\/\/www.rengoenlanoticia.cl\/prensa\/?p=7746"},"modified":"2025-11-18T01:41:04","modified_gmt":"2025-11-18T01:41:04","slug":"gira-de-la-teleton-llega-este-martes-a-rengo-revisa-artistas-horario-y-lugar-del-evento","status":"publish","type":"post","link":"https:\/\/www.rengoenlanoticia.cl\/prensa\/2025\/11\/18\/gira-de-la-teleton-llega-este-martes-a-rengo-revisa-artistas-horario-y-lugar-del-evento\/","title":{"rendered":"Gira de la Telet\u00f3n llega este martes a Rengo: revisa artistas, horario y lugar del evento"},"content":{"rendered":"\n<p>La caravana solidaria realizar\u00e1 un espect\u00e1culo gratuito en la Plaza de Armas de la ciudad, el que comenzar\u00e1 al mediod\u00eda y que contar\u00e1 con destacados artistas nacionales.<\/p>\n\n\n\n<p>La<strong> Gira Telet\u00f3n 2025 <\/strong>por el sur del pa\u00eds ya casi arranca. Tras un exitoso paso por la zona norte, con una convocatoria de <strong>m\u00e1s de 43 mil personas<\/strong>, la caravana de artistas, animadores e influencers llegar\u00e1 a la zona sur para incentivar a las personas en lo que ser\u00e1 la campa\u00f1a solidaria del <strong>28 y 29 de noviembre.<\/strong><\/p>\n\n\n\n<p>Del 18 al 22 de noviembre, la gira recorrer\u00e1 las ciudades de Curic\u00f3, Concepci\u00f3n, Temuco, Valdivia y Castro; adem\u00e1s de visitar, cerca del mediod\u00eda, las localidades de Rengo, Chill\u00e1n, Lautaro, M\u00e1fil y Ancud.<\/p>\n\n\n\n<p>Este <strong>martes 18<\/strong>, Rengo ser\u00e1 parte de una parada intermedia que la caravana realizar\u00e1 antes de seguir su camino a Curic\u00f3. A las 12:00 horas, en la Plaza de Armas de la ciudad, <strong>Pablito Pesadilla &amp; Toly Fu, La Combo Tortuga, Sinergia Kids y la T\u00eda Pucherito, Paula Rivas, Gino Mella<\/strong>, <strong>Loyaltty y UPA+ <\/strong>ser\u00e1n los artistas que estar\u00e1n presentes para hacer vibrar a los asistentes.<\/p>\n\n\n\n<p>Adem\u00e1s, la animaci\u00f3n estar\u00e1 a cargo de <strong>Rafael Araneda y Ang\u00e9lica Castro<\/strong>, junto a <strong>Oliver Borner <\/strong>quien realizar\u00e1 transmisiones por las redes sociales de Telet\u00f3n. Tambi\u00e9n ser\u00e1 parte del recorrido <strong>Julio Robert<\/strong>, conductor del programa infantil \u201cEfecto N\u201d, de NTV.<\/p>\n\n\n\n<p>\u201cLo que busca la Gira es acercar la Telet\u00f3n a todo Chile. La Telet\u00f3n es de todos los chilenos y es por eso que es tan importante que podamos llegar y podamos recorrer todo nuestro pa\u00eds. Este a\u00f1o estamos muy contentos de poder llegar por primera vez a lugares que antes no hab\u00edamos estado con los show principales, como Ovalle, Curic\u00f3 y Castro, y adem\u00e1s poder parar en distintas ciudades intermedias para poder llevar toda la solidaridad y toda la fuerza de la Telet\u00f3n a esos lugares que se comprometen de una manera impresionante para poder cumplir con la gran meta de todos los chilenos\u201d, destac\u00f3 la directora general de Fundaci\u00f3n Telet\u00f3n, <strong>Mar\u00eda Jos\u00e9 Zald\u00edvar.<\/strong><\/p>\n\n\n\n<p>Una de las grandes novedades de la Gira Telet\u00f3n 2025 es el <strong>retorno del tren para el tramo sur<\/strong>, gracias a un servicio especial de la empresa <strong>EFE<\/strong>. La comitiva viajar\u00e1 desde <strong>Estaci\u00f3n Central hasta Los Lagos<\/strong>, continuando luego en bus y transbordador hacia <strong>Castro<\/strong>, en Chilo\u00e9, donde por primera vez se realizar\u00e1 el <strong>cierre oficial de la gira<\/strong>.<\/p>\n\n\n\n<p>Para conocer todas las fechas, ciudades y artistas que acompa\u00f1ar\u00e1n esta edici\u00f3n de la Gira Telet\u00f3n, visita <a href=\"http:\/\/teleton.cl\">Teleton.cl<\/a>.<\/p>\n","protected":false},"excerpt":{"rendered":"La caravana solidaria realizar\u00e1 un espect\u00e1culo gratuito en la Plaza de Armas de la ciudad, el que comenzar\u00e1&hellip;\n","protected":false},"author":1,"featured_media":7755,"comment_status":"open","ping_status":"open","sticky":false,"template":"","format":"standard","meta":{"_monsterinsights_skip_tracking":false,"_monsterinsights_sitenote_active":false,"_monsterinsights_sitenote_note":"","_monsterinsights_sitenote_category":0,"footnotes":""},"categories":[8],"tags":[],"class_list":{"0":"post-7746","1":"post","2":"type-post","3":"status-publish","4":"format-standard","5":"has-post-thumbnail","7":"category-portada"},"aioseo_notices":[],"_links":{"self":[{"href":"https:\/\/www.rengoenlanoticia.cl\/prensa\/wp-json\/wp\/v2\/posts\/7746","targetHints":{"allow":["GET"]}}],"collection":[{"href":"https:\/\/www.rengoenlanoticia.cl\/prensa\/wp-json\/wp\/v2\/posts"}],"about":[{"href":"https:\/\/www.rengoenlanoticia.cl\/prensa\/wp-json\/wp\/v2\/types\/post"}],"author":[{"embeddable":true,"href":"https:\/\/www.rengoenlanoticia.cl\/prensa\/wp-json\/wp\/v2\/users\/1"}],"replies":[{"embeddable":true,"href":"https:\/\/www.rengoenlanoticia.cl\/prensa\/wp-json\/wp\/v2\/comments?post=7746"}],"version-history":[{"count":3,"href":"https:\/\/www.rengoenlanoticia.cl\/prensa\/wp-json\/wp\/v2\/posts\/7746\/revisions"}],"predecessor-version":[{"id":7767,"href":"https:\/\/www.rengoenlanoticia.cl\/prensa\/wp-json\/wp\/v2\/posts\/7746\/revisions\/7767"}],"wp:featuredmedia":[{"embeddable":true,"href":"https:\/\/www.rengoenlanoticia.cl\/prensa\/wp-json\/wp\/v2\/media\/7755"}],"wp:attachment":[{"href":"https:\/\/www.rengoenlanoticia.cl\/prensa\/wp-json\/wp\/v2\/media?parent=7746"}],"wp:term":[{"taxonomy":"category","embeddable":true,"href":"https:\/\/www.rengoenlanoticia.cl\/prensa\/wp-json\/wp\/v2\/categories?post=7746"},{"taxonomy":"post_tag","embeddable":true,"href":"https:\/\/www.rengoenlanoticia.cl\/prensa\/wp-json\/wp\/v2\/tags?post=7746"}],"curies":[{"name":"wp","href":"https:\/\/api.w.org\/{rel}","templated":true}]}}