{"id":7745,"date":"2025-11-18T01:40:45","date_gmt":"2025-11-18T01:40:45","guid":{"rendered":"https:\/\/www.rengoenlanoticia.cl\/prensa\/?p=7745"},"modified":"2025-11-18T01:40:49","modified_gmt":"2025-11-18T01:40:49","slug":"en-ohiggins-impulsaran-viajes-accesibles-para-adultos-mayores-mujeres-y-familias-en-visperas-de-la-temporada-estival","status":"publish","type":"post","link":"https:\/\/www.rengoenlanoticia.cl\/prensa\/2025\/11\/18\/en-ohiggins-impulsaran-viajes-accesibles-para-adultos-mayores-mujeres-y-familias-en-visperas-de-la-temporada-estival\/","title":{"rendered":"En O\u2019Higgins impulsar\u00e1n viajes accesibles para adultos mayores, mujeres y familias en v\u00edsperas de la temporada estival"},"content":{"rendered":"\n<p><em>La iniciativa promueve un turismo inclusivo y equitativo, adem\u00e1s de impulsar las econom\u00edas locales en temporada baja.<\/em><\/p>\n\n\n\n<p>Recorrer la regi\u00f3n bajo la modalidad \u201call inclusive\u201d ahora es una realidad en O\u2019Higgins gracias a un programa de turismo impulsado por el Gobierno Regional de O\u2019Higgins junto a SERNATUR O\u2019Higgins, que permitir\u00e1 a 963 personas disfrutar de viajes a destinos como: Santa Cruz, Machal\u00ed, Marchig\u00fce y Pichilemu, movilizando servicios tur\u00edsticos locales y fortaleciendo el empleo en la regi\u00f3n.<\/p>\n\n\n\n<p>\u201cEstamos muy contentos la verdad de poder promover el turismo en nuestra regi\u00f3n de O\u2019Higgins a trav\u00e9s de los adultos mayores, mujeres y la familia. Con este programa no solo ayudamos a las personas a conocer nuestra hermosa regi\u00f3n, la regi\u00f3n m\u00e1s hermosa de Chile, sino que adem\u00e1s fortalecer el turismo, a los emprendedores, mejoramos la oferta hotelera, es decir el beneficio es para todos y eso no tiene muy felices\u201d, sostuvo el Gobernador Regional, Pablo Silva Amaya.<\/p>\n\n\n\n<p><strong><u>Turismo con prop\u00f3sito social<\/u><\/strong><\/p>\n\n\n\n<p>Con una inversi\u00f3n total de $119.412.000 financiados por el Gobierno Regional de O\u2019Higgins junto a su Consejo Regional, este programa ejecutado por SERNATUR O\u2019Higgins contempla tres modalidades de viaje: Vacaciones Tercera Edad, Turismo Familiar y Turismo Mujer, todas con subsidios que cubren hasta el 84% del costo total, haciendo posible que m\u00e1s personas accedan a experiencias recreativas y culturales.<\/p>\n\n\n\n<p>Los viajes se desarrollar\u00e1n entre noviembre y diciembre. Durante la temporada, los grupos podr\u00e1n disfrutar de excursiones que ponen en valor la identidad local: visitas a vi\u00f1as, termas, productores locales y experiencias patrimoniales, generando un encadenamiento econ\u00f3mico local que involucra a m\u00e1s de 15 prestadores tur\u00edsticos entre alojamientos, restaurantes y gu\u00edas locales.<\/p>\n\n\n\n<p><strong><u>M\u00e1s que viajes: una experiencia transformadora<\/u><\/strong><\/p>\n\n\n\n<p>El director regional de Sernatur O\u2019Higgins, Carlos Escobar, destac\u00f3 el valor humano de este programa: \u201cCada viaje representa una experiencia transformadora para las personas que, muchas veces, no han tenido la posibilidad de conocer su propia regi\u00f3n. Adem\u00e1s, genera un impacto directo en las econom\u00edas locales, fortaleciendo a emprendedores y peque\u00f1as empresas que mantienen viva la identidad tur\u00edstica de O\u2019Higgins.\u201d<\/p>\n\n\n\n<p>La iniciativa se enmarca en la Pol\u00edtica Nacional de Turismo, que promueve un desarrollo descentralizado, inclusivo y sostenible. M\u00e1s all\u00e1 del viaje, busca generar bienestar y orgullo local al conectar a las personas con su entorno y su identidad. Como destac\u00f3 el director regional de Sernatur, Carlos Escobar, \u201ceste es un turismo con rostro humano, donde cada beneficiario y cada prestador son parte del mismo prop\u00f3sito: construir una regi\u00f3n m\u00e1s solidaria, activa y orgullosa de su patrimonio\u201d.<\/p>\n","protected":false},"excerpt":{"rendered":"La iniciativa promueve un turismo inclusivo y equitativo, adem\u00e1s de impulsar las econom\u00edas locales en temporada baja. Recorrer&hellip;\n","protected":false},"author":1,"featured_media":7749,"comment_status":"open","ping_status":"open","sticky":false,"template":"","format":"standard","meta":{"_monsterinsights_skip_tracking":false,"_monsterinsights_sitenote_active":false,"_monsterinsights_sitenote_note":"","_monsterinsights_sitenote_category":0,"footnotes":""},"categories":[8],"tags":[],"class_list":{"0":"post-7745","1":"post","2":"type-post","3":"status-publish","4":"format-standard","5":"has-post-thumbnail","7":"category-portada"},"aioseo_notices":[],"_links":{"self":[{"href":"https:\/\/www.rengoenlanoticia.cl\/prensa\/wp-json\/wp\/v2\/posts\/7745","targetHints":{"allow":["GET"]}}],"collection":[{"href":"https:\/\/www.rengoenlanoticia.cl\/prensa\/wp-json\/wp\/v2\/posts"}],"about":[{"href":"https:\/\/www.rengoenlanoticia.cl\/prensa\/wp-json\/wp\/v2\/types\/post"}],"author":[{"embeddable":true,"href":"https:\/\/www.rengoenlanoticia.cl\/prensa\/wp-json\/wp\/v2\/users\/1"}],"replies":[{"embeddable":true,"href":"https:\/\/www.rengoenlanoticia.cl\/prensa\/wp-json\/wp\/v2\/comments?post=7745"}],"version-history":[{"count":3,"href":"https:\/\/www.rengoenlanoticia.cl\/prensa\/wp-json\/wp\/v2\/posts\/7745\/revisions"}],"predecessor-version":[{"id":7765,"href":"https:\/\/www.rengoenlanoticia.cl\/prensa\/wp-json\/wp\/v2\/posts\/7745\/revisions\/7765"}],"wp:featuredmedia":[{"embeddable":true,"href":"https:\/\/www.rengoenlanoticia.cl\/prensa\/wp-json\/wp\/v2\/media\/7749"}],"wp:attachment":[{"href":"https:\/\/www.rengoenlanoticia.cl\/prensa\/wp-json\/wp\/v2\/media?parent=7745"}],"wp:term":[{"taxonomy":"category","embeddable":true,"href":"https:\/\/www.rengoenlanoticia.cl\/prensa\/wp-json\/wp\/v2\/categories?post=7745"},{"taxonomy":"post_tag","embeddable":true,"href":"https:\/\/www.rengoenlanoticia.cl\/prensa\/wp-json\/wp\/v2\/tags?post=7745"}],"curies":[{"name":"wp","href":"https:\/\/api.w.org\/{rel}","templated":true}]}}