{"id":7744,"date":"2025-11-18T01:40:34","date_gmt":"2025-11-18T01:40:34","guid":{"rendered":"https:\/\/www.rengoenlanoticia.cl\/prensa\/?p=7744"},"modified":"2025-11-18T01:40:39","modified_gmt":"2025-11-18T01:40:39","slug":"balance-carabineros-elecciones-presidenciales-y-parlamentarias-2025","status":"publish","type":"post","link":"https:\/\/www.rengoenlanoticia.cl\/prensa\/2025\/11\/18\/balance-carabineros-elecciones-presidenciales-y-parlamentarias-2025\/","title":{"rendered":"Balance Carabineros Elecciones Presidenciales y Parlamentarias 2025"},"content":{"rendered":"\n<p>M\u00e1s de 850 Carabineros de la Zona O\u2019Higgins estuvieron desplegado en las Elecciones Presidenciales y Parlamentarias 2025, prestando apoyo a la comunidad, especialmente a los adultos mayores y personas con movilidad reducida en los 158 locales de votaci\u00f3n en la Regi\u00f3n; y, en todas las Unidades Territoriales de la Regi\u00f3n, recibiendo constancias.<br>En ese sentido, el Jefe Zona O\u2019Higgins, General Guillermo Bohle Guichacoi, explic\u00f3 que \u201cen las unidades policiales se validaron 12.156 constancias excusatorias ingresadas a trav\u00e9s de Comisar\u00eda Virtual, mientras que por medio de formulario se generaron 4.332 constancias. Es decir, un total de 16.488 constancias fueron tramitadas mediante estas dos modalidades por Carabineros de la Regi\u00f3n de O\u2019Higgins, por encontrarse a m\u00e1s de 200 kil\u00f3metros de distancia del local de votaci\u00f3n\u201d.<\/p>\n\n\n\n<figure class=\"wp-block-image size-large\"><img loading=\"lazy\" decoding=\"async\" width=\"1024\" height=\"771\" src=\"https:\/\/www.rengoenlanoticia.cl\/prensa\/wp-content\/uploads\/2025\/11\/WhatsApp-Image-2025-11-17-at-11.32.20-1024x771.jpeg\" alt=\"\" class=\"wp-image-7748\" srcset=\"https:\/\/www.rengoenlanoticia.cl\/prensa\/wp-content\/uploads\/2025\/11\/WhatsApp-Image-2025-11-17-at-11.32.20-1024x771.jpeg 1024w, https:\/\/www.rengoenlanoticia.cl\/prensa\/wp-content\/uploads\/2025\/11\/WhatsApp-Image-2025-11-17-at-11.32.20-300x226.jpeg 300w, https:\/\/www.rengoenlanoticia.cl\/prensa\/wp-content\/uploads\/2025\/11\/WhatsApp-Image-2025-11-17-at-11.32.20-768x578.jpeg 768w, https:\/\/www.rengoenlanoticia.cl\/prensa\/wp-content\/uploads\/2025\/11\/WhatsApp-Image-2025-11-17-at-11.32.20-1536x1156.jpeg 1536w, https:\/\/www.rengoenlanoticia.cl\/prensa\/wp-content\/uploads\/2025\/11\/WhatsApp-Image-2025-11-17-at-11.32.20-110x83.jpeg 110w, https:\/\/www.rengoenlanoticia.cl\/prensa\/wp-content\/uploads\/2025\/11\/WhatsApp-Image-2025-11-17-at-11.32.20-200x151.jpeg 200w, https:\/\/www.rengoenlanoticia.cl\/prensa\/wp-content\/uploads\/2025\/11\/WhatsApp-Image-2025-11-17-at-11.32.20-380x286.jpeg 380w, https:\/\/www.rengoenlanoticia.cl\/prensa\/wp-content\/uploads\/2025\/11\/WhatsApp-Image-2025-11-17-at-11.32.20-255x192.jpeg 255w, https:\/\/www.rengoenlanoticia.cl\/prensa\/wp-content\/uploads\/2025\/11\/WhatsApp-Image-2025-11-17-at-11.32.20-550x414.jpeg 550w, https:\/\/www.rengoenlanoticia.cl\/prensa\/wp-content\/uploads\/2025\/11\/WhatsApp-Image-2025-11-17-at-11.32.20-800x602.jpeg 800w, https:\/\/www.rengoenlanoticia.cl\/prensa\/wp-content\/uploads\/2025\/11\/WhatsApp-Image-2025-11-17-at-11.32.20-1160x873.jpeg 1160w, https:\/\/www.rengoenlanoticia.cl\/prensa\/wp-content\/uploads\/2025\/11\/WhatsApp-Image-2025-11-17-at-11.32.20.jpeg 1600w\" sizes=\"auto, (max-width: 1024px) 100vw, 1024px\" \/><\/figure>\n\n\n\n<p><br>Se inform\u00f3, adem\u00e1s, que se registraron 41 personas detenidas por diferentes delitos; y 4 denuncias por casos de abandono de sus funciones como vocal de mesa.<br>El General Guillermo Bohle Guichacoi, se\u00f1al\u00f3 que como Carabineros estuvimos durante todo el proceso eleccionario con presencia activa y atentos en el per\u00edmetro exterior de los locales de votaci\u00f3n para prestar apoyo y orientaci\u00f3n a la comunidad, y patrullajes preventivos, que permitieron que estas elecciones se desarrollaran con total normalidad y seguridad\u201d.<\/p>\n","protected":false},"excerpt":{"rendered":"M\u00e1s de 850 Carabineros de la Zona O\u2019Higgins estuvieron desplegado en las Elecciones Presidenciales y Parlamentarias 2025, prestando&hellip;\n","protected":false},"author":1,"featured_media":7747,"comment_status":"open","ping_status":"open","sticky":false,"template":"","format":"standard","meta":{"_monsterinsights_skip_tracking":false,"_monsterinsights_sitenote_active":false,"_monsterinsights_sitenote_note":"","_monsterinsights_sitenote_category":0,"footnotes":""},"categories":[8],"tags":[],"class_list":{"0":"post-7744","1":"post","2":"type-post","3":"status-publish","4":"format-standard","5":"has-post-thumbnail","7":"category-portada"},"aioseo_notices":[],"_links":{"self":[{"href":"https:\/\/www.rengoenlanoticia.cl\/prensa\/wp-json\/wp\/v2\/posts\/7744","targetHints":{"allow":["GET"]}}],"collection":[{"href":"https:\/\/www.rengoenlanoticia.cl\/prensa\/wp-json\/wp\/v2\/posts"}],"about":[{"href":"https:\/\/www.rengoenlanoticia.cl\/prensa\/wp-json\/wp\/v2\/types\/post"}],"author":[{"embeddable":true,"href":"https:\/\/www.rengoenlanoticia.cl\/prensa\/wp-json\/wp\/v2\/users\/1"}],"replies":[{"embeddable":true,"href":"https:\/\/www.rengoenlanoticia.cl\/prensa\/wp-json\/wp\/v2\/comments?post=7744"}],"version-history":[{"count":3,"href":"https:\/\/www.rengoenlanoticia.cl\/prensa\/wp-json\/wp\/v2\/posts\/7744\/revisions"}],"predecessor-version":[{"id":7764,"href":"https:\/\/www.rengoenlanoticia.cl\/prensa\/wp-json\/wp\/v2\/posts\/7744\/revisions\/7764"}],"wp:featuredmedia":[{"embeddable":true,"href":"https:\/\/www.rengoenlanoticia.cl\/prensa\/wp-json\/wp\/v2\/media\/7747"}],"wp:attachment":[{"href":"https:\/\/www.rengoenlanoticia.cl\/prensa\/wp-json\/wp\/v2\/media?parent=7744"}],"wp:term":[{"taxonomy":"category","embeddable":true,"href":"https:\/\/www.rengoenlanoticia.cl\/prensa\/wp-json\/wp\/v2\/categories?post=7744"},{"taxonomy":"post_tag","embeddable":true,"href":"https:\/\/www.rengoenlanoticia.cl\/prensa\/wp-json\/wp\/v2\/tags?post=7744"}],"curies":[{"name":"wp","href":"https:\/\/api.w.org\/{rel}","templated":true}]}}