{"id":7743,"date":"2025-11-18T01:40:52","date_gmt":"2025-11-18T01:40:52","guid":{"rendered":"https:\/\/www.rengoenlanoticia.cl\/prensa\/?p=7743"},"modified":"2025-11-18T01:40:59","modified_gmt":"2025-11-18T01:40:59","slug":"senador-juan-luis-castro-y-ministro-s-de-transportes-enuncian-importantes-avances-para-taxis-colectivos-en-ohiggins","status":"publish","type":"post","link":"https:\/\/www.rengoenlanoticia.cl\/prensa\/2025\/11\/18\/senador-juan-luis-castro-y-ministro-s-de-transportes-enuncian-importantes-avances-para-taxis-colectivos-en-ohiggins\/","title":{"rendered":"Senador Juan Luis Castro y ministro (s) de Transportes enuncian importantes avances para taxis colectivos en O\u2019Higgins"},"content":{"rendered":"\n<p><em>En una reuni\u00f3n en el Terminal Rodoviario de Rancagua, se confirm\u00f3 la ley que congela el parque automotor, mejoras al Decreto 44 y un nuevo subsidio para renovar la flota regional.<\/em><\/p>\n\n\n\n<p>En una reuni\u00f3n realizada en el Terminal Rodoviario de Rancagua, el senador Juan Luis Castro, el ministro de Transportes (s), Jorge Daza, el Consejero Regional, Mauricio Valderrama y dirigentes de la Federaci\u00f3n Regional de Taxis Colectivos de O\u2019Higgins (Feretacol) y de la Federaci\u00f3n de Colectivos Rurales (Fecor), abordaron los principales avances legislativos y administrativos que impactar\u00e1n directamente al gremio del transporte menor en la regi\u00f3n.<\/p>\n\n\n\n<p>El encuentro, solicitado por el senador Castro y desarrollado en plena zona operativa del transporte p\u00fablico, permiti\u00f3 informar al gremio sobre tres temas claves: la promulgaci\u00f3n de la ley que congela el parque automotor, las mejoras al Decreto 44, y el inicio del nuevo proceso de renovaci\u00f3n de colectivos.<\/p>\n\n\n\n<p><strong>&nbsp;<\/strong><strong>Congelamiento del parque automotor: una demanda que hoy es ley<\/strong><\/p>\n\n\n\n<p>Durante la actividad, el senador Juan Luis Castro destac\u00f3 el impacto regional del proyecto que se origin\u00f3 en O\u2019Higgins y que ya qued\u00f3 consagrado como ley de la Rep\u00fablica. \u201cEsta reuni\u00f3n ha sido muy importante porque desde esta sede, el Rodoviario de Rancagua, que agrupa a los casi cuatro mil colectiveros urbanos y rurales de la regi\u00f3n, surgi\u00f3 el proyecto que hoy d\u00eda es ley, y que permite, ya publicado en el Diario Oficial, el congelamiento del parque vehicular. \u00bfQu\u00e9 significa esto? Que ya el crecimiento an\u00e1rquico, desordenado, de m\u00e1s y m\u00e1s taxis o colectivos no se justifica.\u201d<\/p>\n\n\n\n<p>El parlamentario enfatiz\u00f3 que esta medida permitir\u00e1 ordenar el sistema vial, reducir congesti\u00f3n y mejorar la calidad del servicio. \u201cLo que s\u00ed se justifica es tener mejor calidad, v\u00edas p\u00fablicas que permitan un tr\u00e1nsito adecuado sin tanta congesti\u00f3n para dar una se\u00f1al de que es posible ordenar el sistema vial a partir de un transporte p\u00fablico como son los colectivos, esenciales en nuestra regi\u00f3n, pero de manera articulada.\u201d<\/p>\n\n\n\n<p>Otra noticia destacada fue el adelanto sobre un nuevo subsidio estatal para renovar veh\u00edculos, que ser\u00e1 informado durante diciembre. \u201cCelebramos las buenas noticias que ha tra\u00eddo el ministro subrogante, Jorge Daza, en el sentido de tener un subsidio que permita renovar el colectivo. Habr\u00e1 un monto de dinero que ahora en diciembre se va a saber, para postular y renovar el veh\u00edculo y as\u00ed tener un servicio de mejor calidad, moderno, tecnol\u00f3gico, como corresponde.\u201d<\/p>\n\n\n\n<p>Por su parte, el presidente de Feretacol, Eduardo Lillo, destac\u00f3 la importancia de esta reuni\u00f3n ampliada en terreno y la claridad respecto a tres materias urgentes para el gremio: el cierre del parque, el concurso de renovaci\u00f3n y la actualizaci\u00f3n del Decreto 44. \u201cQuisimos hacer este ampliado porque el gremio tiene muchas inquietudes y felizmente tenemos buenas noticias en todo sentido.\u201d<\/p>\n\n\n\n<p>Sobre el Decreto 44, Lillo explic\u00f3: \u201cSe trata del financiamiento de todo el transporte p\u00fablico en general del pa\u00eds, y el ministerio hizo modificaciones donde reconoce el rol que juega el taxi colectivo. Antes no est\u00e1bamos metidos como transporte p\u00fablico, \u00e9ramos como transporte privado, y eso nos dejaba fuera de subsidios y ayudas. El ministro se\u00f1al\u00f3 claramente que se comprometen a que eso va a estar aprobado s\u00ed o s\u00ed antes de que termine el per\u00edodo de este Gobierno.\u201d<\/p>\n\n\n\n<p>En materia de renovaci\u00f3n, agreg\u00f3 que \u201chay mucha gente que qued\u00f3 en lista de espera por falta de recursos y eso, felizmente, se va a concretar ahora en diciembre, cuando se inicie el nuevo concurso. Por lo tanto, en los tres \u00e1mbitos tenemos muy buenas noticias, y estamos contentos por eso porque al final se beneficia nuestro gremio.\u201d<\/p>\n\n\n\n<p>En la misma l\u00ednea, el ministro (s) Jorge Daza, destac\u00f3 la importancia del di\u00e1logo y el avance legislativo. \u201cHemos obtenido una muy buena reuni\u00f3n con el gremio de taxis colectivos ac\u00e1 en Rancagua, a solicitud del senador Juan Luis Castro, discutimos aspectos importantes como el Decreto 44, que hoy los hace sujetos de subsidio, y el congelamiento del parque, que hoy d\u00eda se transform\u00f3 en ley de la Rep\u00fablica.\u201d<\/p>\n\n\n\n<p>Sobre la relevancia del congelamiento del parque, precis\u00f3 que \u201ces importante porque tenemos ciudades muy congestionadas y debemos ayudar a que haya menor congesti\u00f3n y contaminaci\u00f3n. Mantener el parque congelado ayuda en ese sentido, y tambi\u00e9n protege a esta industria.\u201d<\/p>\n","protected":false},"excerpt":{"rendered":"En una reuni\u00f3n en el Terminal Rodoviario de Rancagua, se confirm\u00f3 la ley que congela el parque automotor,&hellip;\n","protected":false},"author":1,"featured_media":7754,"comment_status":"open","ping_status":"open","sticky":false,"template":"","format":"standard","meta":{"_monsterinsights_skip_tracking":false,"_monsterinsights_sitenote_active":false,"_monsterinsights_sitenote_note":"","_monsterinsights_sitenote_category":0,"footnotes":""},"categories":[11,8],"tags":[],"class_list":{"0":"post-7743","1":"post","2":"type-post","3":"status-publish","4":"format-standard","5":"has-post-thumbnail","7":"category-politica","8":"category-portada"},"aioseo_notices":[],"_links":{"self":[{"href":"https:\/\/www.rengoenlanoticia.cl\/prensa\/wp-json\/wp\/v2\/posts\/7743","targetHints":{"allow":["GET"]}}],"collection":[{"href":"https:\/\/www.rengoenlanoticia.cl\/prensa\/wp-json\/wp\/v2\/posts"}],"about":[{"href":"https:\/\/www.rengoenlanoticia.cl\/prensa\/wp-json\/wp\/v2\/types\/post"}],"author":[{"embeddable":true,"href":"https:\/\/www.rengoenlanoticia.cl\/prensa\/wp-json\/wp\/v2\/users\/1"}],"replies":[{"embeddable":true,"href":"https:\/\/www.rengoenlanoticia.cl\/prensa\/wp-json\/wp\/v2\/comments?post=7743"}],"version-history":[{"count":3,"href":"https:\/\/www.rengoenlanoticia.cl\/prensa\/wp-json\/wp\/v2\/posts\/7743\/revisions"}],"predecessor-version":[{"id":7766,"href":"https:\/\/www.rengoenlanoticia.cl\/prensa\/wp-json\/wp\/v2\/posts\/7743\/revisions\/7766"}],"wp:featuredmedia":[{"embeddable":true,"href":"https:\/\/www.rengoenlanoticia.cl\/prensa\/wp-json\/wp\/v2\/media\/7754"}],"wp:attachment":[{"href":"https:\/\/www.rengoenlanoticia.cl\/prensa\/wp-json\/wp\/v2\/media?parent=7743"}],"wp:term":[{"taxonomy":"category","embeddable":true,"href":"https:\/\/www.rengoenlanoticia.cl\/prensa\/wp-json\/wp\/v2\/categories?post=7743"},{"taxonomy":"post_tag","embeddable":true,"href":"https:\/\/www.rengoenlanoticia.cl\/prensa\/wp-json\/wp\/v2\/tags?post=7743"}],"curies":[{"name":"wp","href":"https:\/\/api.w.org\/{rel}","templated":true}]}}