{"id":7727,"date":"2025-11-12T01:47:37","date_gmt":"2025-11-12T01:47:37","guid":{"rendered":"https:\/\/www.rengoenlanoticia.cl\/prensa\/?p=7727"},"modified":"2025-11-12T01:47:41","modified_gmt":"2025-11-12T01:47:41","slug":"una-fiesta-deportiva-y-saludable-cerca-de-500-estudiantes-cerraron-programa-de-educacion-ambiental-seamos-solucion-en-san-fernando","status":"publish","type":"post","link":"https:\/\/www.rengoenlanoticia.cl\/prensa\/2025\/11\/12\/una-fiesta-deportiva-y-saludable-cerca-de-500-estudiantes-cerraron-programa-de-educacion-ambiental-seamos-solucion-en-san-fernando\/","title":{"rendered":"Una fiesta deportiva y saludable: cerca de 500 estudiantes cerraron programa de educaci\u00f3n ambiental \u201cSeamos Soluci\u00f3n\u201d en San Fernando"},"content":{"rendered":"\n<p>\u00b7Este programa de Pro O\u2019Higgins y Tinguiririca Energ\u00eda, se realiz\u00f3 durante el a\u00f1o en 12 escuelas del SLEP Colchagua.<\/p>\n\n\n\n<p>Con el objetivo de fortalecer una cultura de cuidado y protecci\u00f3n del medio ambiente, se realiz\u00f3 en el Estadio Municipal Jorge Silva Valenzuela de San Fernando la jornada de cierre de la cuarta edici\u00f3n del programa \u201c<strong>Seamos Soluci\u00f3n\u201d,<\/strong>&nbsp;iniciativa ejecutada por Corporaci\u00f3n Pro O\u2019Higgins en alianza con Tinguiririca Energ\u00eda y con el apoyo de Servicio Local de Educaci\u00f3n P\u00fablica (SLEP) Colchagua.<\/p>\n\n\n\n<p>La actividad reuni\u00f3 a cerca de 500 ni\u00f1os, ni\u00f1as y autoridades locales, en un ambiente lleno de energ\u00eda, m\u00fasica y actividades deportivas, pensadas para promover la cooperaci\u00f3n, el trabajo en equipo y la vida saludable, reafirmando el compromiso del programa con la educaci\u00f3n ambiental y la sostenibilidad.<\/p>\n\n\n\n<p>El programa Seamos Soluci\u00f3n se implement\u00f3 en 12 establecimientos educacionales de San Fernando, Nancagua, Placilla y Rancagua, beneficiando a un total de 700 estudiantes de 5\u00ba, 6\u00ba y 7\u00ba b\u00e1sico. Desde sus inicios, ha buscado fomentar en las nuevas generaciones una conciencia ambiental activa, h\u00e1bitos de vida sana, alimentaci\u00f3n saludable y un sentido de responsabilidad con el entorno.<\/p>\n\n\n\n<figure class=\"wp-block-image size-large\"><img loading=\"lazy\" decoding=\"async\" width=\"1024\" height=\"577\" src=\"https:\/\/www.rengoenlanoticia.cl\/prensa\/wp-content\/uploads\/2025\/11\/DSC06332-1024x577.jpg\" alt=\"\" class=\"wp-image-7729\" srcset=\"https:\/\/www.rengoenlanoticia.cl\/prensa\/wp-content\/uploads\/2025\/11\/DSC06332-1024x577.jpg 1024w, https:\/\/www.rengoenlanoticia.cl\/prensa\/wp-content\/uploads\/2025\/11\/DSC06332-300x169.jpg 300w, https:\/\/www.rengoenlanoticia.cl\/prensa\/wp-content\/uploads\/2025\/11\/DSC06332-768x432.jpg 768w, https:\/\/www.rengoenlanoticia.cl\/prensa\/wp-content\/uploads\/2025\/11\/DSC06332-1536x865.jpg 1536w, https:\/\/www.rengoenlanoticia.cl\/prensa\/wp-content\/uploads\/2025\/11\/DSC06332-110x62.jpg 110w, https:\/\/www.rengoenlanoticia.cl\/prensa\/wp-content\/uploads\/2025\/11\/DSC06332-200x113.jpg 200w, https:\/\/www.rengoenlanoticia.cl\/prensa\/wp-content\/uploads\/2025\/11\/DSC06332-380x214.jpg 380w, https:\/\/www.rengoenlanoticia.cl\/prensa\/wp-content\/uploads\/2025\/11\/DSC06332-255x144.jpg 255w, https:\/\/www.rengoenlanoticia.cl\/prensa\/wp-content\/uploads\/2025\/11\/DSC06332-550x310.jpg 550w, https:\/\/www.rengoenlanoticia.cl\/prensa\/wp-content\/uploads\/2025\/11\/DSC06332-800x450.jpg 800w, https:\/\/www.rengoenlanoticia.cl\/prensa\/wp-content\/uploads\/2025\/11\/DSC06332-1160x653.jpg 1160w, https:\/\/www.rengoenlanoticia.cl\/prensa\/wp-content\/uploads\/2025\/11\/DSC06332.jpg 2000w\" sizes=\"auto, (max-width: 1024px) 100vw, 1024px\" \/><\/figure>\n\n\n\n<p>Braulio Guzm\u00e1n, gerente general de Pro O\u2019Higgins, destac\u00f3 el alcance y esp\u00edritu colaborativo del programa,&nbsp;<em>\u201cla colaboraci\u00f3n es clave para impulsar iniciativas que benefician a las comunidades educativas. En esta instancia, cerramos con una ma\u00f1ana recreativa donde quisimos transmitir a los estudiantes que, as\u00ed como cuidamos nuestro cuerpo haciendo deporte, debemos cuidar el medioambiente con el mismo entusiasmo y dedicaci\u00f3n\u201d,<\/em>&nbsp;afirm\u00f3.<\/p>\n\n\n\n<p>Por su parte, Roberto Leiva, subgerente de Medio Ambiente y Asuntos Corporativos de Tinguiririca Energ\u00eda se\u00f1al\u00f3 que&nbsp;\u201cla sostenibilidad se construye con educaci\u00f3n y con las nuevas generaciones. \u201cSeamos Soluci\u00f3n\u201d nos permite acompa\u00f1ar a los ni\u00f1os en ese aprendizaje, sembrando desde hoy el compromiso con un futuro m\u00e1s responsable y sustentable\u201d.<\/p>\n\n\n\n<p>Finalmente, Rodrigo Valenzuela, director ejecutivo (s) de SLEP Colchagua, valor\u00f3 la iniciativa por su aporte a la formaci\u00f3n integral de estudiantes \u201choy se necesitan estas ense\u00f1anzas para despertar en los estudiantes una conciencia ambiental y de cuidado tanto de las personas como de la naturaleza.\u201d<\/p>\n\n\n\n<p>Cabe mencionar, que el cierre del programa cont\u00f3 con la colaboraci\u00f3n de la Municipalidad de San Fernando junto a su Departamento de Cultura y su Oficina de Deporte, la Seremi del Deporte, IND O\u00b4Higgins y las empresas Copeval, Essbio y Achs.<\/p>\n\n\n\n<p>Este cierre saludable y deportivo, es un llamado a cuidar donde vivimos y cuidar nuestro cuerpo porque todo es parte de una misma responsabilidad. La&nbsp;<strong>educaci\u00f3n ambiental<\/strong>, el compostaje, la&nbsp;<strong>alimentaci\u00f3n saludable<\/strong>, la&nbsp;<strong>nutrici\u00f3n<\/strong>, los&nbsp;<strong>huertos caseros<\/strong>, el&nbsp;<strong>deporte<\/strong>&nbsp;y el&nbsp;<strong>movimiento<\/strong>&nbsp;se conectan en un mismo prop\u00f3sito: construir comunidades m\u00e1s sanas y sostenibles. Por eso&nbsp;<strong>Seamos Soluci\u00f3n<\/strong>&nbsp;integra estos conceptos: porque cada acci\u00f3n cuenta y todas est\u00e1n vinculadas.<\/p>\n","protected":false},"excerpt":{"rendered":"\u00b7Este programa de Pro O\u2019Higgins y Tinguiririca Energ\u00eda, se realiz\u00f3 durante el a\u00f1o en 12 escuelas del SLEP&hellip;\n","protected":false},"author":1,"featured_media":7730,"comment_status":"open","ping_status":"open","sticky":false,"template":"","format":"standard","meta":{"_monsterinsights_skip_tracking":false,"_monsterinsights_sitenote_active":false,"_monsterinsights_sitenote_note":"","_monsterinsights_sitenote_category":0,"footnotes":""},"categories":[8],"tags":[],"class_list":{"0":"post-7727","1":"post","2":"type-post","3":"status-publish","4":"format-standard","5":"has-post-thumbnail","7":"category-portada"},"aioseo_notices":[],"_links":{"self":[{"href":"https:\/\/www.rengoenlanoticia.cl\/prensa\/wp-json\/wp\/v2\/posts\/7727","targetHints":{"allow":["GET"]}}],"collection":[{"href":"https:\/\/www.rengoenlanoticia.cl\/prensa\/wp-json\/wp\/v2\/posts"}],"about":[{"href":"https:\/\/www.rengoenlanoticia.cl\/prensa\/wp-json\/wp\/v2\/types\/post"}],"author":[{"embeddable":true,"href":"https:\/\/www.rengoenlanoticia.cl\/prensa\/wp-json\/wp\/v2\/users\/1"}],"replies":[{"embeddable":true,"href":"https:\/\/www.rengoenlanoticia.cl\/prensa\/wp-json\/wp\/v2\/comments?post=7727"}],"version-history":[{"count":3,"href":"https:\/\/www.rengoenlanoticia.cl\/prensa\/wp-json\/wp\/v2\/posts\/7727\/revisions"}],"predecessor-version":[{"id":7738,"href":"https:\/\/www.rengoenlanoticia.cl\/prensa\/wp-json\/wp\/v2\/posts\/7727\/revisions\/7738"}],"wp:featuredmedia":[{"embeddable":true,"href":"https:\/\/www.rengoenlanoticia.cl\/prensa\/wp-json\/wp\/v2\/media\/7730"}],"wp:attachment":[{"href":"https:\/\/www.rengoenlanoticia.cl\/prensa\/wp-json\/wp\/v2\/media?parent=7727"}],"wp:term":[{"taxonomy":"category","embeddable":true,"href":"https:\/\/www.rengoenlanoticia.cl\/prensa\/wp-json\/wp\/v2\/categories?post=7727"},{"taxonomy":"post_tag","embeddable":true,"href":"https:\/\/www.rengoenlanoticia.cl\/prensa\/wp-json\/wp\/v2\/tags?post=7727"}],"curies":[{"name":"wp","href":"https:\/\/api.w.org\/{rel}","templated":true}]}}