{"id":7724,"date":"2025-11-12T01:44:46","date_gmt":"2025-11-12T01:44:46","guid":{"rendered":"https:\/\/www.rengoenlanoticia.cl\/prensa\/?p=7724"},"modified":"2025-11-12T01:47:59","modified_gmt":"2025-11-12T01:47:59","slug":"rengo-late-con-el-corazon-de-la-teleton-municipio-lanza-campana-solidaria-con-artistas-y-actividades-gratuitas","status":"publish","type":"post","link":"https:\/\/www.rengoenlanoticia.cl\/prensa\/2025\/11\/12\/rengo-late-con-el-corazon-de-la-teleton-municipio-lanza-campana-solidaria-con-artistas-y-actividades-gratuitas\/","title":{"rendered":"\u201cRengo late con el coraz\u00f3n de la Telet\u00f3n\u201d: Municipio lanza campa\u00f1a solidaria con artistas y actividades gratuitas"},"content":{"rendered":"\n<p>Bajo el inspirador eslogan \u201cRengo late con el coraz\u00f3n de la Telet\u00f3n\u201d, la Municipalidad dio el vamos oficial a la cruzada este martes 11 de noviembre en la Plaza de Armas. El evento cont\u00f3 con la participaci\u00f3n del alcalde Enrique del Barrio, los concejales Marcos Jos\u00e9 Gatica, Juan Francisco Contreras y Mar\u00eda Ang\u00e9lica Briones, adem\u00e1s del director de Telet\u00f3n Rancagua, Pedro Caro.<\/p>\n\n\n\n<p>El alcalde Enrique del Barrio destac\u00f3 el compromiso de la administraci\u00f3n con la causa: \u201cRengo vuelve a tener Telet\u00f3n con esta gesti\u00f3n. Nos jugaremos por darle siempre el lugar que se merece. Nuestra regi\u00f3n contar\u00e1 con un centro de rehabilitaci\u00f3n, y Rengo ser\u00e1 una de las comunas con m\u00e1s usuarios. Por eso, tenemos la obligaci\u00f3n de apoyar la Telet\u00f3n, porque le cambia la vida a nuestros ni\u00f1os y j\u00f3venes\u201d.<\/p>\n\n\n\n<p>El jefe comunal enfatiz\u00f3 el esfuerzo para conseguir este logro: \u201cDesde mi rol, gestionamos, trabajamos y tuvimos reuniones que permitieron que seamos la \u00fanica comuna en O\u2019Higgins donde parar\u00e1 el tren de la Telet\u00f3n. Y no solo eso, todos los artistas vienen de forma gratuita y toda la organizaci\u00f3n se realiza con funcionarios municipales y voluntarios\u201d.<\/p>\n\n\n\n<p>La comuna tendr\u00e1 m\u00faltiples actividades para motivar a los vecinos. El martes 18 de noviembre llegar\u00e1 el tren de la campa\u00f1a solidaria junto a artistas como Marcianeke, UPA y Sinergia Kids a la plaza de armas.<\/p>\n\n\n\n<p>Una Telet\u00f3n con Sello Regional<\/p>\n\n\n\n<p>Pedro Caro, director de Telet\u00f3n Rancagua, celebr\u00f3 el apoyo: \u201cEste es un a\u00f1o especial porque tendremos nuestro propio centro de rehabilitaci\u00f3n. Muchos ni\u00f1os dejar\u00e1n de viajar a Talca y Santiago para ser atendidos en Rancagua. Hoy tenemos que apoyar m\u00e1s, porque la Regi\u00f3n de O\u2019Higgins y Rengo tienen Telet\u00f3n\u201d.<\/p>\n\n\n\n<p>La jornada de lanzamiento cont\u00f3 con la presentaci\u00f3n de los artistas urbanos Nixton y Yiorgi, adem\u00e1s de la presencia de delegaciones de estudiantes que compartieron con Telet\u00edn. La actividad fue un adelanto de la fiesta que se viene este 28 y 29 de noviembre, al ser decorada por los coloridos autos de la Tuercat\u00f3n Nacional y las motos de la Agrupaci\u00f3n de Motociclistas de Rengo.<\/p>\n","protected":false},"excerpt":{"rendered":"Bajo el inspirador eslogan \u201cRengo late con el coraz\u00f3n de la Telet\u00f3n\u201d, la Municipalidad dio el vamos oficial&hellip;\n","protected":false},"author":1,"featured_media":7728,"comment_status":"open","ping_status":"open","sticky":false,"template":"","format":"standard","meta":{"_monsterinsights_skip_tracking":false,"_monsterinsights_sitenote_active":false,"_monsterinsights_sitenote_note":"","_monsterinsights_sitenote_category":0,"footnotes":""},"categories":[8],"tags":[],"class_list":{"0":"post-7724","1":"post","2":"type-post","3":"status-publish","4":"format-standard","5":"has-post-thumbnail","7":"category-portada"},"aioseo_notices":[],"_links":{"self":[{"href":"https:\/\/www.rengoenlanoticia.cl\/prensa\/wp-json\/wp\/v2\/posts\/7724","targetHints":{"allow":["GET"]}}],"collection":[{"href":"https:\/\/www.rengoenlanoticia.cl\/prensa\/wp-json\/wp\/v2\/posts"}],"about":[{"href":"https:\/\/www.rengoenlanoticia.cl\/prensa\/wp-json\/wp\/v2\/types\/post"}],"author":[{"embeddable":true,"href":"https:\/\/www.rengoenlanoticia.cl\/prensa\/wp-json\/wp\/v2\/users\/1"}],"replies":[{"embeddable":true,"href":"https:\/\/www.rengoenlanoticia.cl\/prensa\/wp-json\/wp\/v2\/comments?post=7724"}],"version-history":[{"count":3,"href":"https:\/\/www.rengoenlanoticia.cl\/prensa\/wp-json\/wp\/v2\/posts\/7724\/revisions"}],"predecessor-version":[{"id":7742,"href":"https:\/\/www.rengoenlanoticia.cl\/prensa\/wp-json\/wp\/v2\/posts\/7724\/revisions\/7742"}],"wp:featuredmedia":[{"embeddable":true,"href":"https:\/\/www.rengoenlanoticia.cl\/prensa\/wp-json\/wp\/v2\/media\/7728"}],"wp:attachment":[{"href":"https:\/\/www.rengoenlanoticia.cl\/prensa\/wp-json\/wp\/v2\/media?parent=7724"}],"wp:term":[{"taxonomy":"category","embeddable":true,"href":"https:\/\/www.rengoenlanoticia.cl\/prensa\/wp-json\/wp\/v2\/categories?post=7724"},{"taxonomy":"post_tag","embeddable":true,"href":"https:\/\/www.rengoenlanoticia.cl\/prensa\/wp-json\/wp\/v2\/tags?post=7724"}],"curies":[{"name":"wp","href":"https:\/\/api.w.org\/{rel}","templated":true}]}}