{"id":772,"date":"2025-01-06T03:38:59","date_gmt":"2025-01-06T03:38:59","guid":{"rendered":"https:\/\/www.rengoenlanoticia.cl\/prensa\/?p=772"},"modified":"2025-01-06T03:40:00","modified_gmt":"2025-01-06T03:40:00","slug":"region-de-ohiggins","status":"publish","type":"post","link":"https:\/\/www.rengoenlanoticia.cl\/prensa\/2025\/01\/06\/region-de-ohiggins\/","title":{"rendered":"Regi\u00f3n de O&#8217;Higgins Accidente Fatal en Las Cabras Colisi\u00f3n con Cami\u00f3n"},"content":{"rendered":"\n<p><\/p>\n\n\n\n<p>En las \u00faltimas horas, se ha registrado un grave accidente de tr\u00e1nsito en la bajada de la cuesta San Vicente, en la Carretera de la Fruta. Un tractocami\u00f3n habr\u00eda colisionado por detr\u00e1s a un veh\u00edculo menor, resultando en la muerte instant\u00e1nea del conductor del autom\u00f3vil.<\/p>\n\n\n\n<p>El impacto fue tan violento que el cami\u00f3n qued\u00f3 sobre el autom\u00f3vil, desintegr\u00e1ndolo por completo.<\/p>\n\n\n\n<p>La noticia se encuentra en desarrollo.<\/p>\n\n\n\n<p>Fuente:C.I.M.A.T<a href=\"https:\/\/www.facebook.com\/photo\/?fbid=992479756241016&amp;set=a.459228642899466&amp;__cft__[0]=AZUTihxjPMZakJWvFdjqArmVZ7UkP-zVBadiOlrx7kHbJ7i9mLPaEySLrzgOtjuv5QjxxbYuHrXINkbzbkKUUgzYq-Or36jUYeCG9RLVHl4gnQtZ0r251ZL0MVG0RaXPwSCCOr9Bj7bOvA4Q2wLuPKNSs9FmmG22tV8_K8IbwASvHA&amp;__tn__=EH-R\"><\/a><\/p>\n\n\n\n<p><\/p>\n\n\n\n<p><\/p>\n","protected":false},"excerpt":{"rendered":"En las \u00faltimas horas, se ha registrado un grave accidente de tr\u00e1nsito en la bajada de la cuesta&hellip;\n","protected":false},"author":1,"featured_media":0,"comment_status":"open","ping_status":"open","sticky":false,"template":"","format":"standard","meta":{"_monsterinsights_skip_tracking":false,"_monsterinsights_sitenote_active":false,"_monsterinsights_sitenote_note":"","_monsterinsights_sitenote_category":0,"footnotes":""},"categories":[5],"tags":[],"class_list":{"0":"post-772","1":"post","2":"type-post","3":"status-publish","4":"format-standard","6":"category-policial"},"aioseo_notices":[],"_links":{"self":[{"href":"https:\/\/www.rengoenlanoticia.cl\/prensa\/wp-json\/wp\/v2\/posts\/772","targetHints":{"allow":["GET"]}}],"collection":[{"href":"https:\/\/www.rengoenlanoticia.cl\/prensa\/wp-json\/wp\/v2\/posts"}],"about":[{"href":"https:\/\/www.rengoenlanoticia.cl\/prensa\/wp-json\/wp\/v2\/types\/post"}],"author":[{"embeddable":true,"href":"https:\/\/www.rengoenlanoticia.cl\/prensa\/wp-json\/wp\/v2\/users\/1"}],"replies":[{"embeddable":true,"href":"https:\/\/www.rengoenlanoticia.cl\/prensa\/wp-json\/wp\/v2\/comments?post=772"}],"version-history":[{"count":3,"href":"https:\/\/www.rengoenlanoticia.cl\/prensa\/wp-json\/wp\/v2\/posts\/772\/revisions"}],"predecessor-version":[{"id":777,"href":"https:\/\/www.rengoenlanoticia.cl\/prensa\/wp-json\/wp\/v2\/posts\/772\/revisions\/777"}],"wp:attachment":[{"href":"https:\/\/www.rengoenlanoticia.cl\/prensa\/wp-json\/wp\/v2\/media?parent=772"}],"wp:term":[{"taxonomy":"category","embeddable":true,"href":"https:\/\/www.rengoenlanoticia.cl\/prensa\/wp-json\/wp\/v2\/categories?post=772"},{"taxonomy":"post_tag","embeddable":true,"href":"https:\/\/www.rengoenlanoticia.cl\/prensa\/wp-json\/wp\/v2\/tags?post=772"}],"curies":[{"name":"wp","href":"https:\/\/api.w.org\/{rel}","templated":true}]}}